{"id":7223,"date":"2023-06-09T14:44:35","date_gmt":"2023-06-09T12:44:35","guid":{"rendered":"https:\/\/www.jefwodniack.com\/wordpress\/?p=7223"},"modified":"2025-02-10T14:14:22","modified_gmt":"2025-02-10T13:14:22","slug":"croatie-les-iles-kornati-et-lile-blanche","status":"publish","type":"post","link":"https:\/\/www.jefwodniack.com\/wordpress\/2023\/06\/09\/croatie-les-iles-kornati-et-lile-blanche\/","title":{"rendered":"Croatie: Les iles Kornati et l\u2019ile blanche."},"content":{"rendered":"\t\t<div data-elementor-type=\"wp-post\" data-elementor-id=\"7223\" class=\"elementor elementor-7223\">\n\t\t\t\t\t\t<section class=\"elementor-section elementor-top-section elementor-element elementor-element-f4ee6a5 elementor-section-boxed elementor-section-height-default elementor-section-height-default\" data-id=\"f4ee6a5\" data-element_type=\"section\">\n\t\t\t\t\t\t<div class=\"elementor-container elementor-column-gap-default\">\n\t\t\t\t\t<div class=\"elementor-column elementor-col-100 elementor-top-column elementor-element elementor-element-6b2a2df\" data-id=\"6b2a2df\" data-element_type=\"column\">\n\t\t\t<div class=\"elementor-widget-wrap elementor-element-populated\">\n\t\t\t\t\t\t<div class=\"elementor-element elementor-element-962690a elementor-widget elementor-widget-heading\" data-id=\"962690a\" data-element_type=\"widget\" data-widget_type=\"heading.default\">\n\t\t\t\t<div class=\"elementor-widget-container\">\n\t\t\t\t\t<h2 class=\"elementor-heading-title elementor-size-default\"><p>Les \u00eeles Kornati en Croatie sont un archipel situ\u00e9 dans la\nmer Adriatique, au large de la c\u00f4te dalmate.<\/p><p>Elles sont r\u00e9put\u00e9es pour leur beaut\u00e9 naturelle, avec des\npaysages rocheux, des falaises abruptes, et des eaux cristallines.<\/p><p>Dans les iles Kornati se trouve l\u2019ile de Pag ou ile blanche.\nElle est connue pour son paysage lunaire, presque d\u00e9sertique, avec peu de\nv\u00e9g\u00e9tation mais une beaut\u00e9 unique. Mais on y trouve aussi beaucoup d\u2019oliviers\nparfois mill\u00e9naires.<span style=\"font-size: 20px;font-weight: 600\"><\/span><\/p><\/h2>\t\t\t\t<\/div>\n\t\t\t\t<\/div>\n\t\t\t\t\t<\/div>\n\t\t<\/div>\n\t\t\t\t\t<\/div>\n\t\t<\/section>\n\t\t\t\t<section class=\"elementor-section elementor-top-section elementor-element elementor-element-2e3496b elementor-section-boxed elementor-section-height-default elementor-section-height-default\" data-id=\"2e3496b\" data-element_type=\"section\">\n\t\t\t\t\t\t<div class=\"elementor-container elementor-column-gap-default\">\n\t\t\t\t\t<div class=\"elementor-column elementor-col-100 elementor-top-column elementor-element elementor-element-1ebbf41\" data-id=\"1ebbf41\" data-element_type=\"column\">\n\t\t\t<div class=\"elementor-widget-wrap elementor-element-populated\">\n\t\t\t\t\t\t<div class=\"elementor-element elementor-element-3975b3a gallery-spacing-custom elementor-widget elementor-widget-image-gallery\" data-id=\"3975b3a\" data-element_type=\"widget\" data-widget_type=\"image-gallery.default\">\n\t\t\t\t<div class=\"elementor-widget-container\">\n\t\t\t\t\t\t\t<div class=\"elementor-image-gallery\">\n\t\t\t<div id='gallery-1' class='gallery galleryid-7223 gallery-columns-3 gallery-size-thumbnail'><figure class='gallery-item'>\n\t\t\t<div class='gallery-icon landscape'>\n\t\t\t\t<a data-elementor-open-lightbox=\"yes\" data-elementor-lightbox-slideshow=\"3975b3a\" data-elementor-lightbox-title=\"Iles Kornati_23-06-08_10-33-26_005\" data-e-action-hash=\"#elementor-action%3Aaction%3Dlightbox%26settings%3DeyJpZCI6NzIzNSwidXJsIjoiaHR0cHM6XC9cL3d3dy5qZWZ3b2RuaWFjay5jb21cL3dvcmRwcmVzc1wvd3AtY29udGVudFwvdXBsb2Fkc1wvMjAyM1wvMTFcL0lsZXMtS29ybmF0aV8yMy0wNi0wOF8xMC0zMy0yNl8wMDUuanBnIiwic2xpZGVzaG93IjoiMzk3NWIzYSJ9\" href='https:\/\/www.jefwodniack.com\/wordpress\/wp-content\/uploads\/2023\/11\/Iles-Kornati_23-06-08_10-33-26_005.jpg'><img fetchpriority=\"high\" decoding=\"async\" width=\"300\" height=\"300\" src=\"https:\/\/www.jefwodniack.com\/wordpress\/wp-content\/uploads\/2023\/11\/Iles-Kornati_23-06-08_10-33-26_005-300x300.jpg\" class=\"attachment-thumbnail size-thumbnail\" alt=\"\" srcset=\"https:\/\/www.jefwodniack.com\/wordpress\/wp-content\/uploads\/2023\/11\/Iles-Kornati_23-06-08_10-33-26_005-300x300.jpg 300w, https:\/\/www.jefwodniack.com\/wordpress\/wp-content\/uploads\/2023\/11\/Iles-Kornati_23-06-08_10-33-26_005-600x600.jpg 600w\" sizes=\"(max-width: 300px) 100vw, 300px\" \/><\/a>\n\t\t\t<\/div><\/figure><figure class='gallery-item'>\n\t\t\t<div class='gallery-icon landscape'>\n\t\t\t\t<a data-elementor-open-lightbox=\"yes\" data-elementor-lightbox-slideshow=\"3975b3a\" data-elementor-lightbox-title=\"Iles Kornati_23-06-08_10-31-33_002\" data-e-action-hash=\"#elementor-action%3Aaction%3Dlightbox%26settings%3DeyJpZCI6NzIzNCwidXJsIjoiaHR0cHM6XC9cL3d3dy5qZWZ3b2RuaWFjay5jb21cL3dvcmRwcmVzc1wvd3AtY29udGVudFwvdXBsb2Fkc1wvMjAyM1wvMTFcL0lsZXMtS29ybmF0aV8yMy0wNi0wOF8xMC0zMS0zM18wMDIuanBnIiwic2xpZGVzaG93IjoiMzk3NWIzYSJ9\" href='https:\/\/www.jefwodniack.com\/wordpress\/wp-content\/uploads\/2023\/11\/Iles-Kornati_23-06-08_10-31-33_002.jpg'><img decoding=\"async\" width=\"300\" height=\"300\" src=\"https:\/\/www.jefwodniack.com\/wordpress\/wp-content\/uploads\/2023\/11\/Iles-Kornati_23-06-08_10-31-33_002-300x300.jpg\" class=\"attachment-thumbnail size-thumbnail\" alt=\"\" srcset=\"https:\/\/www.jefwodniack.com\/wordpress\/wp-content\/uploads\/2023\/11\/Iles-Kornati_23-06-08_10-31-33_002-300x300.jpg 300w, https:\/\/www.jefwodniack.com\/wordpress\/wp-content\/uploads\/2023\/11\/Iles-Kornati_23-06-08_10-31-33_002-600x600.jpg 600w\" sizes=\"(max-width: 300px) 100vw, 300px\" \/><\/a>\n\t\t\t<\/div><\/figure><figure class='gallery-item'>\n\t\t\t<div class='gallery-icon landscape'>\n\t\t\t\t<a data-elementor-open-lightbox=\"yes\" data-elementor-lightbox-slideshow=\"3975b3a\" data-elementor-lightbox-title=\"Ile blanche_23-06-09_10-11-45_008\" data-e-action-hash=\"#elementor-action%3Aaction%3Dlightbox%26settings%3DeyJpZCI6NzIwNywidXJsIjoiaHR0cHM6XC9cL3d3dy5qZWZ3b2RuaWFjay5jb21cL3dvcmRwcmVzc1wvd3AtY29udGVudFwvdXBsb2Fkc1wvMjAyM1wvMTFcL0lsZS1ibGFuY2hlXzIzLTA2LTA5XzEwLTExLTQ1XzAwOC5qcGciLCJzbGlkZXNob3ciOiIzOTc1YjNhIn0%3D\" href='https:\/\/www.jefwodniack.com\/wordpress\/wp-content\/uploads\/2023\/11\/Ile-blanche_23-06-09_10-11-45_008.jpg'><img decoding=\"async\" width=\"300\" height=\"300\" src=\"https:\/\/www.jefwodniack.com\/wordpress\/wp-content\/uploads\/2023\/11\/Ile-blanche_23-06-09_10-11-45_008-300x300.jpg\" class=\"attachment-thumbnail size-thumbnail\" alt=\"\" srcset=\"https:\/\/www.jefwodniack.com\/wordpress\/wp-content\/uploads\/2023\/11\/Ile-blanche_23-06-09_10-11-45_008-300x300.jpg 300w, https:\/\/www.jefwodniack.com\/wordpress\/wp-content\/uploads\/2023\/11\/Ile-blanche_23-06-09_10-11-45_008-600x600.jpg 600w\" sizes=\"(max-width: 300px) 100vw, 300px\" \/><\/a>\n\t\t\t<\/div><\/figure><figure class='gallery-item'>\n\t\t\t<div class='gallery-icon landscape'>\n\t\t\t\t<a data-elementor-open-lightbox=\"yes\" data-elementor-lightbox-slideshow=\"3975b3a\" data-elementor-lightbox-title=\"Ile blanche_23-06-09_09-54-47_004\" data-e-action-hash=\"#elementor-action%3Aaction%3Dlightbox%26settings%3DeyJpZCI6NzIwNiwidXJsIjoiaHR0cHM6XC9cL3d3dy5qZWZ3b2RuaWFjay5jb21cL3dvcmRwcmVzc1wvd3AtY29udGVudFwvdXBsb2Fkc1wvMjAyM1wvMTFcL0lsZS1ibGFuY2hlXzIzLTA2LTA5XzA5LTU0LTQ3XzAwNC5qcGciLCJzbGlkZXNob3ciOiIzOTc1YjNhIn0%3D\" href='https:\/\/www.jefwodniack.com\/wordpress\/wp-content\/uploads\/2023\/11\/Ile-blanche_23-06-09_09-54-47_004.jpg'><img loading=\"lazy\" decoding=\"async\" width=\"300\" height=\"300\" src=\"https:\/\/www.jefwodniack.com\/wordpress\/wp-content\/uploads\/2023\/11\/Ile-blanche_23-06-09_09-54-47_004-300x300.jpg\" class=\"attachment-thumbnail size-thumbnail\" alt=\"\" srcset=\"https:\/\/www.jefwodniack.com\/wordpress\/wp-content\/uploads\/2023\/11\/Ile-blanche_23-06-09_09-54-47_004-300x300.jpg 300w, https:\/\/www.jefwodniack.com\/wordpress\/wp-content\/uploads\/2023\/11\/Ile-blanche_23-06-09_09-54-47_004-600x600.jpg 600w\" sizes=\"(max-width: 300px) 100vw, 300px\" \/><\/a>\n\t\t\t<\/div><\/figure><figure class='gallery-item'>\n\t\t\t<div class='gallery-icon landscape'>\n\t\t\t\t<a data-elementor-open-lightbox=\"yes\" data-elementor-lightbox-slideshow=\"3975b3a\" data-elementor-lightbox-title=\"Ile blanche_23-06-09_09-51-54_003\" data-e-action-hash=\"#elementor-action%3Aaction%3Dlightbox%26settings%3DeyJpZCI6NzIwNSwidXJsIjoiaHR0cHM6XC9cL3d3dy5qZWZ3b2RuaWFjay5jb21cL3dvcmRwcmVzc1wvd3AtY29udGVudFwvdXBsb2Fkc1wvMjAyM1wvMTFcL0lsZS1ibGFuY2hlXzIzLTA2LTA5XzA5LTUxLTU0XzAwMy5qcGciLCJzbGlkZXNob3ciOiIzOTc1YjNhIn0%3D\" href='https:\/\/www.jefwodniack.com\/wordpress\/wp-content\/uploads\/2023\/11\/Ile-blanche_23-06-09_09-51-54_003.jpg'><img loading=\"lazy\" decoding=\"async\" width=\"300\" height=\"300\" src=\"https:\/\/www.jefwodniack.com\/wordpress\/wp-content\/uploads\/2023\/11\/Ile-blanche_23-06-09_09-51-54_003-300x300.jpg\" class=\"attachment-thumbnail size-thumbnail\" alt=\"\" srcset=\"https:\/\/www.jefwodniack.com\/wordpress\/wp-content\/uploads\/2023\/11\/Ile-blanche_23-06-09_09-51-54_003-300x300.jpg 300w, https:\/\/www.jefwodniack.com\/wordpress\/wp-content\/uploads\/2023\/11\/Ile-blanche_23-06-09_09-51-54_003-600x600.jpg 600w\" sizes=\"(max-width: 300px) 100vw, 300px\" \/><\/a>\n\t\t\t<\/div><\/figure><figure class='gallery-item'>\n\t\t\t<div class='gallery-icon portrait'>\n\t\t\t\t<a data-elementor-open-lightbox=\"yes\" data-elementor-lightbox-slideshow=\"3975b3a\" data-elementor-lightbox-title=\"Ile blanche_23-06-09_14-11-14_018\" data-e-action-hash=\"#elementor-action%3Aaction%3Dlightbox%26settings%3DeyJpZCI6NzIzMywidXJsIjoiaHR0cHM6XC9cL3d3dy5qZWZ3b2RuaWFjay5jb21cL3dvcmRwcmVzc1wvd3AtY29udGVudFwvdXBsb2Fkc1wvMjAyM1wvMTFcL0lsZS1ibGFuY2hlXzIzLTA2LTA5XzE0LTExLTE0XzAxOC5qcGciLCJzbGlkZXNob3ciOiIzOTc1YjNhIn0%3D\" href='https:\/\/www.jefwodniack.com\/wordpress\/wp-content\/uploads\/2023\/11\/Ile-blanche_23-06-09_14-11-14_018.jpg'><img loading=\"lazy\" decoding=\"async\" width=\"300\" height=\"300\" src=\"https:\/\/www.jefwodniack.com\/wordpress\/wp-content\/uploads\/2023\/11\/Ile-blanche_23-06-09_14-11-14_018-300x300.jpg\" class=\"attachment-thumbnail size-thumbnail\" alt=\"\" srcset=\"https:\/\/www.jefwodniack.com\/wordpress\/wp-content\/uploads\/2023\/11\/Ile-blanche_23-06-09_14-11-14_018-300x300.jpg 300w, https:\/\/www.jefwodniack.com\/wordpress\/wp-content\/uploads\/2023\/11\/Ile-blanche_23-06-09_14-11-14_018-600x600.jpg 600w\" sizes=\"(max-width: 300px) 100vw, 300px\" \/><\/a>\n\t\t\t<\/div><\/figure><figure class='gallery-item'>\n\t\t\t<div class='gallery-icon landscape'>\n\t\t\t\t<a data-elementor-open-lightbox=\"yes\" data-elementor-lightbox-slideshow=\"3975b3a\" data-elementor-lightbox-title=\"Ile blanche_23-06-09_13-46-54_012\" data-e-action-hash=\"#elementor-action%3Aaction%3Dlightbox%26settings%3DeyJpZCI6NzIzMiwidXJsIjoiaHR0cHM6XC9cL3d3dy5qZWZ3b2RuaWFjay5jb21cL3dvcmRwcmVzc1wvd3AtY29udGVudFwvdXBsb2Fkc1wvMjAyM1wvMTFcL0lsZS1ibGFuY2hlXzIzLTA2LTA5XzEzLTQ2LTU0XzAxMi5qcGciLCJzbGlkZXNob3ciOiIzOTc1YjNhIn0%3D\" href='https:\/\/www.jefwodniack.com\/wordpress\/wp-content\/uploads\/2023\/11\/Ile-blanche_23-06-09_13-46-54_012.jpg'><img loading=\"lazy\" decoding=\"async\" width=\"300\" height=\"300\" src=\"https:\/\/www.jefwodniack.com\/wordpress\/wp-content\/uploads\/2023\/11\/Ile-blanche_23-06-09_13-46-54_012-300x300.jpg\" class=\"attachment-thumbnail size-thumbnail\" alt=\"\" srcset=\"https:\/\/www.jefwodniack.com\/wordpress\/wp-content\/uploads\/2023\/11\/Ile-blanche_23-06-09_13-46-54_012-300x300.jpg 300w, https:\/\/www.jefwodniack.com\/wordpress\/wp-content\/uploads\/2023\/11\/Ile-blanche_23-06-09_13-46-54_012-600x600.jpg 600w\" sizes=\"(max-width: 300px) 100vw, 300px\" \/><\/a>\n\t\t\t<\/div><\/figure><figure class='gallery-item'>\n\t\t\t<div class='gallery-icon portrait'>\n\t\t\t\t<a data-elementor-open-lightbox=\"yes\" data-elementor-lightbox-slideshow=\"3975b3a\" data-elementor-lightbox-title=\"Ile blanche_23-06-09_13-01-27_008\" data-e-action-hash=\"#elementor-action%3Aaction%3Dlightbox%26settings%3DeyJpZCI6NzIwOSwidXJsIjoiaHR0cHM6XC9cL3d3dy5qZWZ3b2RuaWFjay5jb21cL3dvcmRwcmVzc1wvd3AtY29udGVudFwvdXBsb2Fkc1wvMjAyM1wvMTFcL0lsZS1ibGFuY2hlXzIzLTA2LTA5XzEzLTAxLTI3XzAwOC5qcGciLCJzbGlkZXNob3ciOiIzOTc1YjNhIn0%3D\" href='https:\/\/www.jefwodniack.com\/wordpress\/wp-content\/uploads\/2023\/11\/Ile-blanche_23-06-09_13-01-27_008.jpg'><img loading=\"lazy\" decoding=\"async\" width=\"300\" height=\"300\" src=\"https:\/\/www.jefwodniack.com\/wordpress\/wp-content\/uploads\/2023\/11\/Ile-blanche_23-06-09_13-01-27_008-300x300.jpg\" class=\"attachment-thumbnail size-thumbnail\" alt=\"\" srcset=\"https:\/\/www.jefwodniack.com\/wordpress\/wp-content\/uploads\/2023\/11\/Ile-blanche_23-06-09_13-01-27_008-300x300.jpg 300w, https:\/\/www.jefwodniack.com\/wordpress\/wp-content\/uploads\/2023\/11\/Ile-blanche_23-06-09_13-01-27_008-600x600.jpg 600w\" sizes=\"(max-width: 300px) 100vw, 300px\" \/><\/a>\n\t\t\t<\/div><\/figure><figure class='gallery-item'>\n\t\t\t<div class='gallery-icon portrait'>\n\t\t\t\t<a data-elementor-open-lightbox=\"yes\" data-elementor-lightbox-slideshow=\"3975b3a\" data-elementor-lightbox-title=\"Ile blanche_23-06-09_13-00-56_007\" data-e-action-hash=\"#elementor-action%3Aaction%3Dlightbox%26settings%3DeyJpZCI6NzIwOCwidXJsIjoiaHR0cHM6XC9cL3d3dy5qZWZ3b2RuaWFjay5jb21cL3dvcmRwcmVzc1wvd3AtY29udGVudFwvdXBsb2Fkc1wvMjAyM1wvMTFcL0lsZS1ibGFuY2hlXzIzLTA2LTA5XzEzLTAwLTU2XzAwNy5qcGciLCJzbGlkZXNob3ciOiIzOTc1YjNhIn0%3D\" href='https:\/\/www.jefwodniack.com\/wordpress\/wp-content\/uploads\/2023\/11\/Ile-blanche_23-06-09_13-00-56_007.jpg'><img loading=\"lazy\" decoding=\"async\" width=\"300\" height=\"300\" src=\"https:\/\/www.jefwodniack.com\/wordpress\/wp-content\/uploads\/2023\/11\/Ile-blanche_23-06-09_13-00-56_007-300x300.jpg\" class=\"attachment-thumbnail size-thumbnail\" alt=\"\" srcset=\"https:\/\/www.jefwodniack.com\/wordpress\/wp-content\/uploads\/2023\/11\/Ile-blanche_23-06-09_13-00-56_007-300x300.jpg 300w, https:\/\/www.jefwodniack.com\/wordpress\/wp-content\/uploads\/2023\/11\/Ile-blanche_23-06-09_13-00-56_007-600x600.jpg 600w\" sizes=\"(max-width: 300px) 100vw, 300px\" \/><\/a>\n\t\t\t<\/div><\/figure><figure class='gallery-item'>\n\t\t\t<div class='gallery-icon landscape'>\n\t\t\t\t<a data-elementor-open-lightbox=\"yes\" data-elementor-lightbox-slideshow=\"3975b3a\" data-elementor-lightbox-title=\"Ile blanche_23-06-09_14-23-22_028\" data-e-action-hash=\"#elementor-action%3Aaction%3Dlightbox%26settings%3DeyJpZCI6NzIzNiwidXJsIjoiaHR0cHM6XC9cL3d3dy5qZWZ3b2RuaWFjay5jb21cL3dvcmRwcmVzc1wvd3AtY29udGVudFwvdXBsb2Fkc1wvMjAyM1wvMTFcL0lsZS1ibGFuY2hlXzIzLTA2LTA5XzE0LTIzLTIyXzAyOC5qcGciLCJzbGlkZXNob3ciOiIzOTc1YjNhIn0%3D\" href='https:\/\/www.jefwodniack.com\/wordpress\/wp-content\/uploads\/2023\/11\/Ile-blanche_23-06-09_14-23-22_028.jpg'><img loading=\"lazy\" decoding=\"async\" width=\"300\" height=\"300\" src=\"https:\/\/www.jefwodniack.com\/wordpress\/wp-content\/uploads\/2023\/11\/Ile-blanche_23-06-09_14-23-22_028-300x300.jpg\" class=\"attachment-thumbnail size-thumbnail\" alt=\"\" srcset=\"https:\/\/www.jefwodniack.com\/wordpress\/wp-content\/uploads\/2023\/11\/Ile-blanche_23-06-09_14-23-22_028-300x300.jpg 300w, https:\/\/www.jefwodniack.com\/wordpress\/wp-content\/uploads\/2023\/11\/Ile-blanche_23-06-09_14-23-22_028-600x600.jpg 600w\" sizes=\"(max-width: 300px) 100vw, 300px\" \/><\/a>\n\t\t\t<\/div><\/figure>\n\t\t<\/div>\n\t\t<\/div>\n\t\t\t\t\t\t<\/div>\n\t\t\t\t<\/div>\n\t\t\t\t\t<\/div>\n\t\t<\/div>\n\t\t\t\t\t<\/div>\n\t\t<\/section>\n\t\t\t\t<\/div>\n\t\t","protected":false},"excerpt":{"rendered":"<p>Les \u00eeles Kornati en Croatie sont un archipel situ\u00e9 dans la mer Adriatique, au large de la c\u00f4te dalmate. Elles sont r\u00e9put\u00e9es pour leur beaut\u00e9 naturelle, avec des paysages rocheux, des falaises abruptes, et des eaux cristallines. Dans les iles Kornati se trouve l\u2019ile de Pag ou ile blanche. Elle est connue pour son paysage [&hellip;]<\/p>\n","protected":false},"author":1,"featured_media":7234,"comment_status":"open","ping_status":"open","sticky":false,"template":"","format":"standard","meta":{"_monsterinsights_skip_tracking":false,"_monsterinsights_sitenote_active":false,"_monsterinsights_sitenote_note":"","_monsterinsights_sitenote_category":0,"ocean_post_layout":"","ocean_both_sidebars_style":"","ocean_both_sidebars_content_width":0,"ocean_both_sidebars_sidebars_width":0,"ocean_sidebar":"","ocean_second_sidebar":"","ocean_disable_margins":"enable","ocean_add_body_class":"","ocean_shortcode_before_top_bar":"","ocean_shortcode_after_top_bar":"","ocean_shortcode_before_header":"","ocean_shortcode_after_header":"","ocean_has_shortcode":"","ocean_shortcode_after_title":"","ocean_shortcode_before_footer_widgets":"","ocean_shortcode_after_footer_widgets":"","ocean_shortcode_before_footer_bottom":"","ocean_shortcode_after_footer_bottom":"","ocean_display_top_bar":"default","ocean_display_header":"default","ocean_header_style":"","ocean_center_header_left_menu":"","ocean_custom_header_template":"","ocean_custom_logo":0,"ocean_custom_retina_logo":0,"ocean_custom_logo_max_width":0,"ocean_custom_logo_tablet_max_width":0,"ocean_custom_logo_mobile_max_width":0,"ocean_custom_logo_max_height":0,"ocean_custom_logo_tablet_max_height":0,"ocean_custom_logo_mobile_max_height":0,"ocean_header_custom_menu":"","ocean_menu_typo_font_family":"","ocean_menu_typo_font_subset":"","ocean_menu_typo_font_size":0,"ocean_menu_typo_font_size_tablet":0,"ocean_menu_typo_font_size_mobile":0,"ocean_menu_typo_font_size_unit":"px","ocean_menu_typo_font_weight":"","ocean_menu_typo_font_weight_tablet":"","ocean_menu_typo_font_weight_mobile":"","ocean_menu_typo_transform":"","ocean_menu_typo_transform_tablet":"","ocean_menu_typo_transform_mobile":"","ocean_menu_typo_line_height":0,"ocean_menu_typo_line_height_tablet":0,"ocean_menu_typo_line_height_mobile":0,"ocean_menu_typo_line_height_unit":"","ocean_menu_typo_spacing":0,"ocean_menu_typo_spacing_tablet":0,"ocean_menu_typo_spacing_mobile":0,"ocean_menu_typo_spacing_unit":"","ocean_menu_link_color":"","ocean_menu_link_color_hover":"","ocean_menu_link_color_active":"","ocean_menu_link_background":"","ocean_menu_link_hover_background":"","ocean_menu_link_active_background":"","ocean_menu_social_links_bg":"","ocean_menu_social_hover_links_bg":"","ocean_menu_social_links_color":"","ocean_menu_social_hover_links_color":"","ocean_disable_title":"default","ocean_disable_heading":"default","ocean_post_title":"","ocean_post_subheading":"","ocean_post_title_style":"","ocean_post_title_background_color":"","ocean_post_title_background":0,"ocean_post_title_bg_image_position":"","ocean_post_title_bg_image_attachment":"","ocean_post_title_bg_image_repeat":"","ocean_post_title_bg_image_size":"","ocean_post_title_height":0,"ocean_post_title_bg_overlay":0.5,"ocean_post_title_bg_overlay_color":"","ocean_disable_breadcrumbs":"default","ocean_breadcrumbs_color":"","ocean_breadcrumbs_separator_color":"","ocean_breadcrumbs_links_color":"","ocean_breadcrumbs_links_hover_color":"","ocean_display_footer_widgets":"default","ocean_display_footer_bottom":"default","ocean_custom_footer_template":"","ocean_post_oembed":"","ocean_post_self_hosted_media":"","ocean_post_video_embed":"","ocean_link_format":"","ocean_link_format_target":"self","ocean_quote_format":"","ocean_quote_format_link":"post","ocean_gallery_link_images":"on","ocean_gallery_id":[],"footnotes":""},"categories":[154,153],"tags":[],"class_list":["post-7223","post","type-post","status-publish","format-standard","has-post-thumbnail","hentry","category-croatie","category-europe","entry","has-media"],"yoast_head":"<!-- This site is optimized with the Yoast SEO plugin v25.3 - https:\/\/yoast.com\/wordpress\/plugins\/seo\/ -->\n<title>Croatie: Les iles Kornati et l\u2019ile blanche.<\/title>\n<meta name=\"description\" content=\"Les \u00eeles Kornati en Croatie sont un archipel situ\u00e9 dans la mer Adriatique. R\u00e9put\u00e9es pour leur beaut\u00e9 naturelle, avec des paysages rocheux, et des eaux cristallines.\" \/>\n<meta name=\"robots\" content=\"index, follow, max-snippet:-1, max-image-preview:large, max-video-preview:-1\" \/>\n<link rel=\"canonical\" href=\"https:\/\/www.jefwodniack.com\/wordpress\/2023\/06\/09\/croatie-les-iles-kornati-et-lile-blanche\/\" \/>\n<meta property=\"og:locale\" content=\"fr_FR\" \/>\n<meta property=\"og:type\" content=\"article\" \/>\n<meta property=\"og:title\" content=\"Croatie: Les iles Kornati et l\u2019ile blanche.\" \/>\n<meta property=\"og:description\" content=\"Les \u00eeles Kornati en Croatie sont un archipel situ\u00e9 dans la mer Adriatique. R\u00e9put\u00e9es pour leur beaut\u00e9 naturelle, avec des paysages rocheux, et des eaux cristallines.\" \/>\n<meta property=\"og:url\" content=\"https:\/\/www.jefwodniack.com\/wordpress\/2023\/06\/09\/croatie-les-iles-kornati-et-lile-blanche\/\" \/>\n<meta property=\"og:site_name\" content=\"Jef Wodniack Photos\" \/>\n<meta property=\"article:publisher\" content=\"https:\/\/www.facebook.com\/Jef.Wodniack.Medias\" \/>\n<meta property=\"article:published_time\" content=\"2023-06-09T12:44:35+00:00\" \/>\n<meta property=\"article:modified_time\" content=\"2025-02-10T13:14:22+00:00\" \/>\n<meta property=\"og:image\" content=\"https:\/\/www.jefwodniack.com\/wordpress\/wp-content\/uploads\/2023\/11\/Iles-Kornati_23-06-08_10-31-33_002.jpg\" \/>\n\t<meta property=\"og:image:width\" content=\"900\" \/>\n\t<meta property=\"og:image:height\" content=\"600\" \/>\n\t<meta property=\"og:image:type\" content=\"image\/jpeg\" \/>\n<meta name=\"author\" content=\"jefwod\" \/>\n<meta name=\"twitter:card\" content=\"summary_large_image\" \/>\n<meta name=\"twitter:label1\" content=\"\u00c9crit par\" \/>\n\t<meta name=\"twitter:data1\" content=\"jefwod\" \/>\n\t<meta name=\"twitter:label2\" content=\"Dur\u00e9e de lecture estim\u00e9e\" \/>\n\t<meta name=\"twitter:data2\" content=\"3 minutes\" \/>\n<script type=\"application\/ld+json\" class=\"yoast-schema-graph\">{\"@context\":\"https:\/\/schema.org\",\"@graph\":[{\"@type\":\"Article\",\"@id\":\"https:\/\/www.jefwodniack.com\/wordpress\/2023\/06\/09\/croatie-les-iles-kornati-et-lile-blanche\/#article\",\"isPartOf\":{\"@id\":\"https:\/\/www.jefwodniack.com\/wordpress\/2023\/06\/09\/croatie-les-iles-kornati-et-lile-blanche\/\"},\"author\":{\"name\":\"jefwod\",\"@id\":\"https:\/\/www.jefwodniack.com\/wordpress\/#\/schema\/person\/1e958c3c01e23d2814def6954b79c4c8\"},\"headline\":\"Croatie: Les iles Kornati et l\u2019ile blanche.\",\"datePublished\":\"2023-06-09T12:44:35+00:00\",\"dateModified\":\"2025-02-10T13:14:22+00:00\",\"mainEntityOfPage\":{\"@id\":\"https:\/\/www.jefwodniack.com\/wordpress\/2023\/06\/09\/croatie-les-iles-kornati-et-lile-blanche\/\"},\"wordCount\":92,\"commentCount\":0,\"publisher\":{\"@id\":\"https:\/\/www.jefwodniack.com\/wordpress\/#organization\"},\"image\":{\"@id\":\"https:\/\/www.jefwodniack.com\/wordpress\/2023\/06\/09\/croatie-les-iles-kornati-et-lile-blanche\/#primaryimage\"},\"thumbnailUrl\":\"https:\/\/www.jefwodniack.com\/wordpress\/wp-content\/uploads\/2023\/11\/Iles-Kornati_23-06-08_10-31-33_002.jpg\",\"articleSection\":[\"Croatie\",\"Europe\"],\"inLanguage\":\"fr-FR\",\"potentialAction\":[{\"@type\":\"CommentAction\",\"name\":\"Comment\",\"target\":[\"https:\/\/www.jefwodniack.com\/wordpress\/2023\/06\/09\/croatie-les-iles-kornati-et-lile-blanche\/#respond\"]}]},{\"@type\":\"WebPage\",\"@id\":\"https:\/\/www.jefwodniack.com\/wordpress\/2023\/06\/09\/croatie-les-iles-kornati-et-lile-blanche\/\",\"url\":\"https:\/\/www.jefwodniack.com\/wordpress\/2023\/06\/09\/croatie-les-iles-kornati-et-lile-blanche\/\",\"name\":\"Croatie: Les iles Kornati et l\u2019ile blanche.\",\"isPartOf\":{\"@id\":\"https:\/\/www.jefwodniack.com\/wordpress\/#website\"},\"primaryImageOfPage\":{\"@id\":\"https:\/\/www.jefwodniack.com\/wordpress\/2023\/06\/09\/croatie-les-iles-kornati-et-lile-blanche\/#primaryimage\"},\"image\":{\"@id\":\"https:\/\/www.jefwodniack.com\/wordpress\/2023\/06\/09\/croatie-les-iles-kornati-et-lile-blanche\/#primaryimage\"},\"thumbnailUrl\":\"https:\/\/www.jefwodniack.com\/wordpress\/wp-content\/uploads\/2023\/11\/Iles-Kornati_23-06-08_10-31-33_002.jpg\",\"datePublished\":\"2023-06-09T12:44:35+00:00\",\"dateModified\":\"2025-02-10T13:14:22+00:00\",\"description\":\"Les \u00eeles Kornati en Croatie sont un archipel situ\u00e9 dans la mer Adriatique. R\u00e9put\u00e9es pour leur beaut\u00e9 naturelle, avec des paysages rocheux, et des eaux cristallines.\",\"breadcrumb\":{\"@id\":\"https:\/\/www.jefwodniack.com\/wordpress\/2023\/06\/09\/croatie-les-iles-kornati-et-lile-blanche\/#breadcrumb\"},\"inLanguage\":\"fr-FR\",\"potentialAction\":[{\"@type\":\"ReadAction\",\"target\":[\"https:\/\/www.jefwodniack.com\/wordpress\/2023\/06\/09\/croatie-les-iles-kornati-et-lile-blanche\/\"]}]},{\"@type\":\"ImageObject\",\"inLanguage\":\"fr-FR\",\"@id\":\"https:\/\/www.jefwodniack.com\/wordpress\/2023\/06\/09\/croatie-les-iles-kornati-et-lile-blanche\/#primaryimage\",\"url\":\"https:\/\/www.jefwodniack.com\/wordpress\/wp-content\/uploads\/2023\/11\/Iles-Kornati_23-06-08_10-31-33_002.jpg\",\"contentUrl\":\"https:\/\/www.jefwodniack.com\/wordpress\/wp-content\/uploads\/2023\/11\/Iles-Kornati_23-06-08_10-31-33_002.jpg\",\"width\":900,\"height\":600},{\"@type\":\"BreadcrumbList\",\"@id\":\"https:\/\/www.jefwodniack.com\/wordpress\/2023\/06\/09\/croatie-les-iles-kornati-et-lile-blanche\/#breadcrumb\",\"itemListElement\":[{\"@type\":\"ListItem\",\"position\":1,\"name\":\"Accueil\",\"item\":\"https:\/\/www.jefwodniack.com\/wordpress\/\"},{\"@type\":\"ListItem\",\"position\":2,\"name\":\"Croatie: Les iles Kornati et l\u2019ile blanche.\"}]},{\"@type\":\"WebSite\",\"@id\":\"https:\/\/www.jefwodniack.com\/wordpress\/#website\",\"url\":\"https:\/\/www.jefwodniack.com\/wordpress\/\",\"name\":\"Jef Wodniack Photos\",\"description\":\"Journal d&#039;un photographe voyageur.\",\"publisher\":{\"@id\":\"https:\/\/www.jefwodniack.com\/wordpress\/#organization\"},\"potentialAction\":[{\"@type\":\"SearchAction\",\"target\":{\"@type\":\"EntryPoint\",\"urlTemplate\":\"https:\/\/www.jefwodniack.com\/wordpress\/?s={search_term_string}\"},\"query-input\":{\"@type\":\"PropertyValueSpecification\",\"valueRequired\":true,\"valueName\":\"search_term_string\"}}],\"inLanguage\":\"fr-FR\"},{\"@type\":\"Organization\",\"@id\":\"https:\/\/www.jefwodniack.com\/wordpress\/#organization\",\"name\":\"Jef Wodniack Photos\",\"url\":\"https:\/\/www.jefwodniack.com\/wordpress\/\",\"logo\":{\"@type\":\"ImageObject\",\"inLanguage\":\"fr-FR\",\"@id\":\"https:\/\/www.jefwodniack.com\/wordpress\/#\/schema\/logo\/image\/\",\"url\":\"https:\/\/www.jefwodniack.com\/wordpress\/wp-content\/uploads\/2023\/02\/logo3.png\",\"contentUrl\":\"https:\/\/www.jefwodniack.com\/wordpress\/wp-content\/uploads\/2023\/02\/logo3.png\",\"width\":200,\"height\":50,\"caption\":\"Jef Wodniack Photos\"},\"image\":{\"@id\":\"https:\/\/www.jefwodniack.com\/wordpress\/#\/schema\/logo\/image\/\"},\"sameAs\":[\"https:\/\/www.facebook.com\/Jef.Wodniack.Medias\",\"https:\/\/www.instagram.com\/jefwod\/?hl=fr\",\"https:\/\/www.youtube.com\/channel\/UCzaIaufhblVb5WL43_cocIQ\"]},{\"@type\":\"Person\",\"@id\":\"https:\/\/www.jefwodniack.com\/wordpress\/#\/schema\/person\/1e958c3c01e23d2814def6954b79c4c8\",\"name\":\"jefwod\",\"image\":{\"@type\":\"ImageObject\",\"inLanguage\":\"fr-FR\",\"@id\":\"https:\/\/www.jefwodniack.com\/wordpress\/#\/schema\/person\/image\/\",\"url\":\"https:\/\/secure.gravatar.com\/avatar\/ce8c32675ac09e522a268b56dfb1f2d3702dac1452e92ae9d46a6c81d0623577?s=96&d=blank&r=g\",\"contentUrl\":\"https:\/\/secure.gravatar.com\/avatar\/ce8c32675ac09e522a268b56dfb1f2d3702dac1452e92ae9d46a6c81d0623577?s=96&d=blank&r=g\",\"caption\":\"jefwod\"},\"sameAs\":[\"https:\/\/www.jefwodniack.com\/wordpress\"]}]}<\/script>\n<!-- \/ Yoast SEO plugin. -->","yoast_head_json":{"title":"Croatie: Les iles Kornati et l\u2019ile blanche.","description":"Les \u00eeles Kornati en Croatie sont un archipel situ\u00e9 dans la mer Adriatique. R\u00e9put\u00e9es pour leur beaut\u00e9 naturelle, avec des paysages rocheux, et des eaux cristallines.","robots":{"index":"index","follow":"follow","max-snippet":"max-snippet:-1","max-image-preview":"max-image-preview:large","max-video-preview":"max-video-preview:-1"},"canonical":"https:\/\/www.jefwodniack.com\/wordpress\/2023\/06\/09\/croatie-les-iles-kornati-et-lile-blanche\/","og_locale":"fr_FR","og_type":"article","og_title":"Croatie: Les iles Kornati et l\u2019ile blanche.","og_description":"Les \u00eeles Kornati en Croatie sont un archipel situ\u00e9 dans la mer Adriatique. R\u00e9put\u00e9es pour leur beaut\u00e9 naturelle, avec des paysages rocheux, et des eaux cristallines.","og_url":"https:\/\/www.jefwodniack.com\/wordpress\/2023\/06\/09\/croatie-les-iles-kornati-et-lile-blanche\/","og_site_name":"Jef Wodniack Photos","article_publisher":"https:\/\/www.facebook.com\/Jef.Wodniack.Medias","article_published_time":"2023-06-09T12:44:35+00:00","article_modified_time":"2025-02-10T13:14:22+00:00","og_image":[{"width":900,"height":600,"url":"https:\/\/www.jefwodniack.com\/wordpress\/wp-content\/uploads\/2023\/11\/Iles-Kornati_23-06-08_10-31-33_002.jpg","type":"image\/jpeg"}],"author":"jefwod","twitter_card":"summary_large_image","twitter_misc":{"\u00c9crit par":"jefwod","Dur\u00e9e de lecture estim\u00e9e":"3 minutes"},"schema":{"@context":"https:\/\/schema.org","@graph":[{"@type":"Article","@id":"https:\/\/www.jefwodniack.com\/wordpress\/2023\/06\/09\/croatie-les-iles-kornati-et-lile-blanche\/#article","isPartOf":{"@id":"https:\/\/www.jefwodniack.com\/wordpress\/2023\/06\/09\/croatie-les-iles-kornati-et-lile-blanche\/"},"author":{"name":"jefwod","@id":"https:\/\/www.jefwodniack.com\/wordpress\/#\/schema\/person\/1e958c3c01e23d2814def6954b79c4c8"},"headline":"Croatie: Les iles Kornati et l\u2019ile blanche.","datePublished":"2023-06-09T12:44:35+00:00","dateModified":"2025-02-10T13:14:22+00:00","mainEntityOfPage":{"@id":"https:\/\/www.jefwodniack.com\/wordpress\/2023\/06\/09\/croatie-les-iles-kornati-et-lile-blanche\/"},"wordCount":92,"commentCount":0,"publisher":{"@id":"https:\/\/www.jefwodniack.com\/wordpress\/#organization"},"image":{"@id":"https:\/\/www.jefwodniack.com\/wordpress\/2023\/06\/09\/croatie-les-iles-kornati-et-lile-blanche\/#primaryimage"},"thumbnailUrl":"https:\/\/www.jefwodniack.com\/wordpress\/wp-content\/uploads\/2023\/11\/Iles-Kornati_23-06-08_10-31-33_002.jpg","articleSection":["Croatie","Europe"],"inLanguage":"fr-FR","potentialAction":[{"@type":"CommentAction","name":"Comment","target":["https:\/\/www.jefwodniack.com\/wordpress\/2023\/06\/09\/croatie-les-iles-kornati-et-lile-blanche\/#respond"]}]},{"@type":"WebPage","@id":"https:\/\/www.jefwodniack.com\/wordpress\/2023\/06\/09\/croatie-les-iles-kornati-et-lile-blanche\/","url":"https:\/\/www.jefwodniack.com\/wordpress\/2023\/06\/09\/croatie-les-iles-kornati-et-lile-blanche\/","name":"Croatie: Les iles Kornati et l\u2019ile blanche.","isPartOf":{"@id":"https:\/\/www.jefwodniack.com\/wordpress\/#website"},"primaryImageOfPage":{"@id":"https:\/\/www.jefwodniack.com\/wordpress\/2023\/06\/09\/croatie-les-iles-kornati-et-lile-blanche\/#primaryimage"},"image":{"@id":"https:\/\/www.jefwodniack.com\/wordpress\/2023\/06\/09\/croatie-les-iles-kornati-et-lile-blanche\/#primaryimage"},"thumbnailUrl":"https:\/\/www.jefwodniack.com\/wordpress\/wp-content\/uploads\/2023\/11\/Iles-Kornati_23-06-08_10-31-33_002.jpg","datePublished":"2023-06-09T12:44:35+00:00","dateModified":"2025-02-10T13:14:22+00:00","description":"Les \u00eeles Kornati en Croatie sont un archipel situ\u00e9 dans la mer Adriatique. R\u00e9put\u00e9es pour leur beaut\u00e9 naturelle, avec des paysages rocheux, et des eaux cristallines.","breadcrumb":{"@id":"https:\/\/www.jefwodniack.com\/wordpress\/2023\/06\/09\/croatie-les-iles-kornati-et-lile-blanche\/#breadcrumb"},"inLanguage":"fr-FR","potentialAction":[{"@type":"ReadAction","target":["https:\/\/www.jefwodniack.com\/wordpress\/2023\/06\/09\/croatie-les-iles-kornati-et-lile-blanche\/"]}]},{"@type":"ImageObject","inLanguage":"fr-FR","@id":"https:\/\/www.jefwodniack.com\/wordpress\/2023\/06\/09\/croatie-les-iles-kornati-et-lile-blanche\/#primaryimage","url":"https:\/\/www.jefwodniack.com\/wordpress\/wp-content\/uploads\/2023\/11\/Iles-Kornati_23-06-08_10-31-33_002.jpg","contentUrl":"https:\/\/www.jefwodniack.com\/wordpress\/wp-content\/uploads\/2023\/11\/Iles-Kornati_23-06-08_10-31-33_002.jpg","width":900,"height":600},{"@type":"BreadcrumbList","@id":"https:\/\/www.jefwodniack.com\/wordpress\/2023\/06\/09\/croatie-les-iles-kornati-et-lile-blanche\/#breadcrumb","itemListElement":[{"@type":"ListItem","position":1,"name":"Accueil","item":"https:\/\/www.jefwodniack.com\/wordpress\/"},{"@type":"ListItem","position":2,"name":"Croatie: Les iles Kornati et l\u2019ile blanche."}]},{"@type":"WebSite","@id":"https:\/\/www.jefwodniack.com\/wordpress\/#website","url":"https:\/\/www.jefwodniack.com\/wordpress\/","name":"Jef Wodniack Photos","description":"Journal d&#039;un photographe voyageur.","publisher":{"@id":"https:\/\/www.jefwodniack.com\/wordpress\/#organization"},"potentialAction":[{"@type":"SearchAction","target":{"@type":"EntryPoint","urlTemplate":"https:\/\/www.jefwodniack.com\/wordpress\/?s={search_term_string}"},"query-input":{"@type":"PropertyValueSpecification","valueRequired":true,"valueName":"search_term_string"}}],"inLanguage":"fr-FR"},{"@type":"Organization","@id":"https:\/\/www.jefwodniack.com\/wordpress\/#organization","name":"Jef Wodniack Photos","url":"https:\/\/www.jefwodniack.com\/wordpress\/","logo":{"@type":"ImageObject","inLanguage":"fr-FR","@id":"https:\/\/www.jefwodniack.com\/wordpress\/#\/schema\/logo\/image\/","url":"https:\/\/www.jefwodniack.com\/wordpress\/wp-content\/uploads\/2023\/02\/logo3.png","contentUrl":"https:\/\/www.jefwodniack.com\/wordpress\/wp-content\/uploads\/2023\/02\/logo3.png","width":200,"height":50,"caption":"Jef Wodniack Photos"},"image":{"@id":"https:\/\/www.jefwodniack.com\/wordpress\/#\/schema\/logo\/image\/"},"sameAs":["https:\/\/www.facebook.com\/Jef.Wodniack.Medias","https:\/\/www.instagram.com\/jefwod\/?hl=fr","https:\/\/www.youtube.com\/channel\/UCzaIaufhblVb5WL43_cocIQ"]},{"@type":"Person","@id":"https:\/\/www.jefwodniack.com\/wordpress\/#\/schema\/person\/1e958c3c01e23d2814def6954b79c4c8","name":"jefwod","image":{"@type":"ImageObject","inLanguage":"fr-FR","@id":"https:\/\/www.jefwodniack.com\/wordpress\/#\/schema\/person\/image\/","url":"https:\/\/secure.gravatar.com\/avatar\/ce8c32675ac09e522a268b56dfb1f2d3702dac1452e92ae9d46a6c81d0623577?s=96&d=blank&r=g","contentUrl":"https:\/\/secure.gravatar.com\/avatar\/ce8c32675ac09e522a268b56dfb1f2d3702dac1452e92ae9d46a6c81d0623577?s=96&d=blank&r=g","caption":"jefwod"},"sameAs":["https:\/\/www.jefwodniack.com\/wordpress"]}]}},"_links":{"self":[{"href":"https:\/\/www.jefwodniack.com\/wordpress\/wp-json\/wp\/v2\/posts\/7223","targetHints":{"allow":["GET"]}}],"collection":[{"href":"https:\/\/www.jefwodniack.com\/wordpress\/wp-json\/wp\/v2\/posts"}],"about":[{"href":"https:\/\/www.jefwodniack.com\/wordpress\/wp-json\/wp\/v2\/types\/post"}],"author":[{"embeddable":true,"href":"https:\/\/www.jefwodniack.com\/wordpress\/wp-json\/wp\/v2\/users\/1"}],"replies":[{"embeddable":true,"href":"https:\/\/www.jefwodniack.com\/wordpress\/wp-json\/wp\/v2\/comments?post=7223"}],"version-history":[{"count":8,"href":"https:\/\/www.jefwodniack.com\/wordpress\/wp-json\/wp\/v2\/posts\/7223\/revisions"}],"predecessor-version":[{"id":7241,"href":"https:\/\/www.jefwodniack.com\/wordpress\/wp-json\/wp\/v2\/posts\/7223\/revisions\/7241"}],"wp:featuredmedia":[{"embeddable":true,"href":"https:\/\/www.jefwodniack.com\/wordpress\/wp-json\/wp\/v2\/media\/7234"}],"wp:attachment":[{"href":"https:\/\/www.jefwodniack.com\/wordpress\/wp-json\/wp\/v2\/media?parent=7223"}],"wp:term":[{"taxonomy":"category","embeddable":true,"href":"https:\/\/www.jefwodniack.com\/wordpress\/wp-json\/wp\/v2\/categories?post=7223"},{"taxonomy":"post_tag","embeddable":true,"href":"https:\/\/www.jefwodniack.com\/wordpress\/wp-json\/wp\/v2\/tags?post=7223"}],"curies":[{"name":"wp","href":"https:\/\/api.w.org\/{rel}","templated":true}]}}