{"id":7066,"date":"2022-06-30T16:38:46","date_gmt":"2022-06-30T14:38:46","guid":{"rendered":"https:\/\/www.jefwodniack.com\/wordpress\/?p=7066"},"modified":"2023-11-09T14:54:54","modified_gmt":"2023-11-09T13:54:54","slug":"grece-les-ruelles-colorees-de-lile-de-paros","status":"publish","type":"post","link":"https:\/\/www.jefwodniack.com\/wordpress\/2022\/06\/30\/grece-les-ruelles-colorees-de-lile-de-paros\/","title":{"rendered":"Gr\u00e8ce: Les ruelles color\u00e9es de l&rsquo;\u00eele de Paros."},"content":{"rendered":"\t\t<div data-elementor-type=\"wp-post\" data-elementor-id=\"7066\" class=\"elementor elementor-7066\">\n\t\t\t\t\t\t<section class=\"elementor-section elementor-top-section elementor-element elementor-element-26152ef1 elementor-section-boxed elementor-section-height-default elementor-section-height-default\" data-id=\"26152ef1\" data-element_type=\"section\">\n\t\t\t\t\t\t<div class=\"elementor-container elementor-column-gap-default\">\n\t\t\t\t\t<div class=\"elementor-column elementor-col-100 elementor-top-column elementor-element elementor-element-66c8e5bf\" data-id=\"66c8e5bf\" data-element_type=\"column\">\n\t\t\t<div class=\"elementor-widget-wrap elementor-element-populated\">\n\t\t\t\t\t\t<div class=\"elementor-element elementor-element-648466e9 elementor-widget elementor-widget-heading\" data-id=\"648466e9\" data-element_type=\"widget\" data-widget_type=\"heading.default\">\n\t\t\t\t<div class=\"elementor-widget-container\">\n\t\t\t\t\t<h2 class=\"elementor-heading-title elementor-size-default\">Gr\u00e8ce: Les ruelles color\u00e9es de l'\u00eele de Paros dans les Cyclades.<\/h2>\t\t\t\t<\/div>\n\t\t\t\t<\/div>\n\t\t\t\t\t<\/div>\n\t\t<\/div>\n\t\t\t\t\t<\/div>\n\t\t<\/section>\n\t\t\t\t<section class=\"elementor-section elementor-top-section elementor-element elementor-element-c91fc7b elementor-section-boxed elementor-section-height-default elementor-section-height-default\" data-id=\"c91fc7b\" data-element_type=\"section\">\n\t\t\t\t\t\t<div class=\"elementor-container elementor-column-gap-default\">\n\t\t\t\t\t<div class=\"elementor-column elementor-col-100 elementor-top-column elementor-element elementor-element-7356148a\" data-id=\"7356148a\" data-element_type=\"column\">\n\t\t\t<div class=\"elementor-widget-wrap elementor-element-populated\">\n\t\t\t\t\t\t<div class=\"elementor-element elementor-element-4c7e7e8d elementor-widget elementor-widget-heading\" data-id=\"4c7e7e8d\" data-element_type=\"widget\" data-widget_type=\"heading.default\">\n\t\t\t\t<div class=\"elementor-widget-container\">\n\t\t\t\t\t<h2 class=\"elementor-heading-title elementor-size-default\"><p><span style=\"font-size: 20px\">Une caract\u00e9ristique unique de Paros est ses ruelles <\/span><span style=\"font-size: 20px\">color\u00e9es, qui ajoutent une touche de charme et de personnalit\u00e9 \u00e0 cette \u00eele <\/span><span style=\"font-size: 20px\">Grecque des Cyclades.<\/span><\/p><p><span style=\"font-size: 20px\">Les ruelles color\u00e9es de Paros se trouvent dans de nombreux <\/span><span style=\"font-size: 20px\">villages de l'\u00eele, notamment \u00e0 Naoussa, Parikia et Lefkes. Ces ruelles \u00e9troites <\/span><span style=\"font-size: 20px\">et sinueuses sont bord\u00e9es de maisons blanches traditionnelles avec des volets <\/span><span style=\"font-size: 20px\">en bois color\u00e9s et des portes orn\u00e9es de fleurs et de plantes.<\/span><\/p><p><span style=\"font-size: 20px;font-weight: 600\"><\/span><\/p><\/h2>\t\t\t\t<\/div>\n\t\t\t\t<\/div>\n\t\t\t\t\t<\/div>\n\t\t<\/div>\n\t\t\t\t\t<\/div>\n\t\t<\/section>\n\t\t\t\t<section class=\"elementor-section elementor-top-section elementor-element elementor-element-6caa1ad3 elementor-section-boxed elementor-section-height-default elementor-section-height-default\" data-id=\"6caa1ad3\" data-element_type=\"section\">\n\t\t\t\t\t\t<div class=\"elementor-container elementor-column-gap-default\">\n\t\t\t\t\t<div class=\"elementor-column elementor-col-100 elementor-top-column elementor-element elementor-element-7009732c\" data-id=\"7009732c\" data-element_type=\"column\">\n\t\t\t<div class=\"elementor-widget-wrap elementor-element-populated\">\n\t\t\t\t\t\t<div class=\"elementor-element elementor-element-324791fd gallery-spacing-custom elementor-widget elementor-widget-image-gallery\" data-id=\"324791fd\" data-element_type=\"widget\" data-widget_type=\"image-gallery.default\">\n\t\t\t\t<div class=\"elementor-widget-container\">\n\t\t\t\t\t\t\t<div class=\"elementor-image-gallery\">\n\t\t\t<div id='gallery-1' class='gallery galleryid-7066 gallery-columns-3 gallery-size-thumbnail'><figure class='gallery-item'>\n\t\t\t<div class='gallery-icon landscape'>\n\t\t\t\t<a data-elementor-open-lightbox=\"yes\" data-elementor-lightbox-slideshow=\"324791fd\" data-elementor-lightbox-title=\"Paros_22-06-05_12-38-41_029\" data-e-action-hash=\"#elementor-action%3Aaction%3Dlightbox%26settings%3DeyJpZCI6NzA4MCwidXJsIjoiaHR0cHM6XC9cL3d3dy5qZWZ3b2RuaWFjay5jb21cL3dvcmRwcmVzc1wvd3AtY29udGVudFwvdXBsb2Fkc1wvMjAyM1wvMDVcL1Bhcm9zXzIyLTA2LTA1XzEyLTM4LTQxXzAyOS5qcGciLCJzbGlkZXNob3ciOiIzMjQ3OTFmZCJ9\" href='https:\/\/www.jefwodniack.com\/wordpress\/wp-content\/uploads\/2023\/05\/Paros_22-06-05_12-38-41_029.jpg'><img fetchpriority=\"high\" decoding=\"async\" width=\"300\" height=\"300\" src=\"https:\/\/www.jefwodniack.com\/wordpress\/wp-content\/uploads\/2023\/05\/Paros_22-06-05_12-38-41_029-300x300.jpg\" class=\"attachment-thumbnail size-thumbnail\" alt=\"\" aria-describedby=\"gallery-1-7080\" srcset=\"https:\/\/www.jefwodniack.com\/wordpress\/wp-content\/uploads\/2023\/05\/Paros_22-06-05_12-38-41_029-300x300.jpg 300w, https:\/\/www.jefwodniack.com\/wordpress\/wp-content\/uploads\/2023\/05\/Paros_22-06-05_12-38-41_029-600x600.jpg 600w\" sizes=\"(max-width: 300px) 100vw, 300px\" \/><\/a>\n\t\t\t<\/div>\n\t\t\t\t<figcaption class='wp-caption-text gallery-caption' id='gallery-1-7080'>\n\t\t\t\tParos\n\t\t\t\t<\/figcaption><\/figure><figure class='gallery-item'>\n\t\t\t<div class='gallery-icon portrait'>\n\t\t\t\t<a data-elementor-open-lightbox=\"yes\" data-elementor-lightbox-slideshow=\"324791fd\" data-elementor-lightbox-title=\"Paros_22-06-05_12-38-07_028\" data-e-action-hash=\"#elementor-action%3Aaction%3Dlightbox%26settings%3DeyJpZCI6NzA3OSwidXJsIjoiaHR0cHM6XC9cL3d3dy5qZWZ3b2RuaWFjay5jb21cL3dvcmRwcmVzc1wvd3AtY29udGVudFwvdXBsb2Fkc1wvMjAyM1wvMDVcL1Bhcm9zXzIyLTA2LTA1XzEyLTM4LTA3XzAyOC5qcGciLCJzbGlkZXNob3ciOiIzMjQ3OTFmZCJ9\" href='https:\/\/www.jefwodniack.com\/wordpress\/wp-content\/uploads\/2023\/05\/Paros_22-06-05_12-38-07_028.jpg'><img decoding=\"async\" width=\"300\" height=\"300\" src=\"https:\/\/www.jefwodniack.com\/wordpress\/wp-content\/uploads\/2023\/05\/Paros_22-06-05_12-38-07_028-300x300.jpg\" class=\"attachment-thumbnail size-thumbnail\" alt=\"\" aria-describedby=\"gallery-1-7079\" srcset=\"https:\/\/www.jefwodniack.com\/wordpress\/wp-content\/uploads\/2023\/05\/Paros_22-06-05_12-38-07_028-300x300.jpg 300w, https:\/\/www.jefwodniack.com\/wordpress\/wp-content\/uploads\/2023\/05\/Paros_22-06-05_12-38-07_028-600x600.jpg 600w\" sizes=\"(max-width: 300px) 100vw, 300px\" \/><\/a>\n\t\t\t<\/div>\n\t\t\t\t<figcaption class='wp-caption-text gallery-caption' id='gallery-1-7079'>\n\t\t\t\tParos\n\t\t\t\t<\/figcaption><\/figure><figure class='gallery-item'>\n\t\t\t<div class='gallery-icon portrait'>\n\t\t\t\t<a data-elementor-open-lightbox=\"yes\" data-elementor-lightbox-slideshow=\"324791fd\" data-elementor-lightbox-title=\"Paros_22-06-05_12-35-29_027\" data-e-action-hash=\"#elementor-action%3Aaction%3Dlightbox%26settings%3DeyJpZCI6NzA3OCwidXJsIjoiaHR0cHM6XC9cL3d3dy5qZWZ3b2RuaWFjay5jb21cL3dvcmRwcmVzc1wvd3AtY29udGVudFwvdXBsb2Fkc1wvMjAyM1wvMDVcL1Bhcm9zXzIyLTA2LTA1XzEyLTM1LTI5XzAyNy5qcGciLCJzbGlkZXNob3ciOiIzMjQ3OTFmZCJ9\" href='https:\/\/www.jefwodniack.com\/wordpress\/wp-content\/uploads\/2023\/05\/Paros_22-06-05_12-35-29_027.jpg'><img decoding=\"async\" width=\"300\" height=\"300\" src=\"https:\/\/www.jefwodniack.com\/wordpress\/wp-content\/uploads\/2023\/05\/Paros_22-06-05_12-35-29_027-300x300.jpg\" class=\"attachment-thumbnail size-thumbnail\" alt=\"\" aria-describedby=\"gallery-1-7078\" srcset=\"https:\/\/www.jefwodniack.com\/wordpress\/wp-content\/uploads\/2023\/05\/Paros_22-06-05_12-35-29_027-300x300.jpg 300w, https:\/\/www.jefwodniack.com\/wordpress\/wp-content\/uploads\/2023\/05\/Paros_22-06-05_12-35-29_027-600x600.jpg 600w\" sizes=\"(max-width: 300px) 100vw, 300px\" \/><\/a>\n\t\t\t<\/div>\n\t\t\t\t<figcaption class='wp-caption-text gallery-caption' id='gallery-1-7078'>\n\t\t\t\tParos\n\t\t\t\t<\/figcaption><\/figure><figure class='gallery-item'>\n\t\t\t<div class='gallery-icon portrait'>\n\t\t\t\t<a data-elementor-open-lightbox=\"yes\" data-elementor-lightbox-slideshow=\"324791fd\" data-elementor-lightbox-title=\"Paros_22-06-05_12-29-39_023\" data-e-action-hash=\"#elementor-action%3Aaction%3Dlightbox%26settings%3DeyJpZCI6NzA3NywidXJsIjoiaHR0cHM6XC9cL3d3dy5qZWZ3b2RuaWFjay5jb21cL3dvcmRwcmVzc1wvd3AtY29udGVudFwvdXBsb2Fkc1wvMjAyM1wvMDVcL1Bhcm9zXzIyLTA2LTA1XzEyLTI5LTM5XzAyMy5qcGciLCJzbGlkZXNob3ciOiIzMjQ3OTFmZCJ9\" href='https:\/\/www.jefwodniack.com\/wordpress\/wp-content\/uploads\/2023\/05\/Paros_22-06-05_12-29-39_023.jpg'><img loading=\"lazy\" decoding=\"async\" width=\"300\" height=\"300\" src=\"https:\/\/www.jefwodniack.com\/wordpress\/wp-content\/uploads\/2023\/05\/Paros_22-06-05_12-29-39_023-300x300.jpg\" class=\"attachment-thumbnail size-thumbnail\" alt=\"\" aria-describedby=\"gallery-1-7077\" srcset=\"https:\/\/www.jefwodniack.com\/wordpress\/wp-content\/uploads\/2023\/05\/Paros_22-06-05_12-29-39_023-300x300.jpg 300w, https:\/\/www.jefwodniack.com\/wordpress\/wp-content\/uploads\/2023\/05\/Paros_22-06-05_12-29-39_023-600x600.jpg 600w\" sizes=\"(max-width: 300px) 100vw, 300px\" \/><\/a>\n\t\t\t<\/div>\n\t\t\t\t<figcaption class='wp-caption-text gallery-caption' id='gallery-1-7077'>\n\t\t\t\tParos\n\t\t\t\t<\/figcaption><\/figure><figure class='gallery-item'>\n\t\t\t<div class='gallery-icon portrait'>\n\t\t\t\t<a data-elementor-open-lightbox=\"yes\" data-elementor-lightbox-slideshow=\"324791fd\" data-elementor-lightbox-title=\"Paros_22-06-05_12-29-19_022\" data-e-action-hash=\"#elementor-action%3Aaction%3Dlightbox%26settings%3DeyJpZCI6NzA3NiwidXJsIjoiaHR0cHM6XC9cL3d3dy5qZWZ3b2RuaWFjay5jb21cL3dvcmRwcmVzc1wvd3AtY29udGVudFwvdXBsb2Fkc1wvMjAyM1wvMDVcL1Bhcm9zXzIyLTA2LTA1XzEyLTI5LTE5XzAyMi5qcGciLCJzbGlkZXNob3ciOiIzMjQ3OTFmZCJ9\" href='https:\/\/www.jefwodniack.com\/wordpress\/wp-content\/uploads\/2023\/05\/Paros_22-06-05_12-29-19_022.jpg'><img loading=\"lazy\" decoding=\"async\" width=\"300\" height=\"300\" src=\"https:\/\/www.jefwodniack.com\/wordpress\/wp-content\/uploads\/2023\/05\/Paros_22-06-05_12-29-19_022-300x300.jpg\" class=\"attachment-thumbnail size-thumbnail\" alt=\"\" aria-describedby=\"gallery-1-7076\" srcset=\"https:\/\/www.jefwodniack.com\/wordpress\/wp-content\/uploads\/2023\/05\/Paros_22-06-05_12-29-19_022-300x300.jpg 300w, https:\/\/www.jefwodniack.com\/wordpress\/wp-content\/uploads\/2023\/05\/Paros_22-06-05_12-29-19_022-600x600.jpg 600w\" sizes=\"(max-width: 300px) 100vw, 300px\" \/><\/a>\n\t\t\t<\/div>\n\t\t\t\t<figcaption class='wp-caption-text gallery-caption' id='gallery-1-7076'>\n\t\t\t\tParos\n\t\t\t\t<\/figcaption><\/figure><figure class='gallery-item'>\n\t\t\t<div class='gallery-icon portrait'>\n\t\t\t\t<a data-elementor-open-lightbox=\"yes\" data-elementor-lightbox-slideshow=\"324791fd\" data-elementor-lightbox-title=\"Paros Naoussa_22-06-07_13-27-55_030\" data-e-action-hash=\"#elementor-action%3Aaction%3Dlightbox%26settings%3DeyJpZCI6NzA3NSwidXJsIjoiaHR0cHM6XC9cL3d3dy5qZWZ3b2RuaWFjay5jb21cL3dvcmRwcmVzc1wvd3AtY29udGVudFwvdXBsb2Fkc1wvMjAyM1wvMDVcL1Bhcm9zLU5hb3Vzc2FfMjItMDYtMDdfMTMtMjctNTVfMDMwLmpwZyIsInNsaWRlc2hvdyI6IjMyNDc5MWZkIn0%3D\" href='https:\/\/www.jefwodniack.com\/wordpress\/wp-content\/uploads\/2023\/05\/Paros-Naoussa_22-06-07_13-27-55_030.jpg'><img loading=\"lazy\" decoding=\"async\" width=\"300\" height=\"300\" src=\"https:\/\/www.jefwodniack.com\/wordpress\/wp-content\/uploads\/2023\/05\/Paros-Naoussa_22-06-07_13-27-55_030-300x300.jpg\" class=\"attachment-thumbnail size-thumbnail\" alt=\"\" aria-describedby=\"gallery-1-7075\" srcset=\"https:\/\/www.jefwodniack.com\/wordpress\/wp-content\/uploads\/2023\/05\/Paros-Naoussa_22-06-07_13-27-55_030-300x300.jpg 300w, https:\/\/www.jefwodniack.com\/wordpress\/wp-content\/uploads\/2023\/05\/Paros-Naoussa_22-06-07_13-27-55_030-600x600.jpg 600w\" sizes=\"(max-width: 300px) 100vw, 300px\" \/><\/a>\n\t\t\t<\/div>\n\t\t\t\t<figcaption class='wp-caption-text gallery-caption' id='gallery-1-7075'>\n\t\t\t\tParos\n\t\t\t\t<\/figcaption><\/figure><figure class='gallery-item'>\n\t\t\t<div class='gallery-icon portrait'>\n\t\t\t\t<a data-elementor-open-lightbox=\"yes\" data-elementor-lightbox-slideshow=\"324791fd\" data-elementor-lightbox-title=\"Paros Naoussa_22-06-07_13-25-09_028\" data-e-action-hash=\"#elementor-action%3Aaction%3Dlightbox%26settings%3DeyJpZCI6NzA3NCwidXJsIjoiaHR0cHM6XC9cL3d3dy5qZWZ3b2RuaWFjay5jb21cL3dvcmRwcmVzc1wvd3AtY29udGVudFwvdXBsb2Fkc1wvMjAyM1wvMDVcL1Bhcm9zLU5hb3Vzc2FfMjItMDYtMDdfMTMtMjUtMDlfMDI4LmpwZyIsInNsaWRlc2hvdyI6IjMyNDc5MWZkIn0%3D\" href='https:\/\/www.jefwodniack.com\/wordpress\/wp-content\/uploads\/2023\/05\/Paros-Naoussa_22-06-07_13-25-09_028.jpg'><img loading=\"lazy\" decoding=\"async\" width=\"300\" height=\"300\" src=\"https:\/\/www.jefwodniack.com\/wordpress\/wp-content\/uploads\/2023\/05\/Paros-Naoussa_22-06-07_13-25-09_028-300x300.jpg\" class=\"attachment-thumbnail size-thumbnail\" alt=\"\" aria-describedby=\"gallery-1-7074\" srcset=\"https:\/\/www.jefwodniack.com\/wordpress\/wp-content\/uploads\/2023\/05\/Paros-Naoussa_22-06-07_13-25-09_028-300x300.jpg 300w, https:\/\/www.jefwodniack.com\/wordpress\/wp-content\/uploads\/2023\/05\/Paros-Naoussa_22-06-07_13-25-09_028-600x600.jpg 600w\" sizes=\"(max-width: 300px) 100vw, 300px\" \/><\/a>\n\t\t\t<\/div>\n\t\t\t\t<figcaption class='wp-caption-text gallery-caption' id='gallery-1-7074'>\n\t\t\t\tParos\n\t\t\t\t<\/figcaption><\/figure><figure class='gallery-item'>\n\t\t\t<div class='gallery-icon portrait'>\n\t\t\t\t<a data-elementor-open-lightbox=\"yes\" data-elementor-lightbox-slideshow=\"324791fd\" data-elementor-lightbox-title=\"Paros Naoussa_22-06-07_13-24-45_027\" data-e-action-hash=\"#elementor-action%3Aaction%3Dlightbox%26settings%3DeyJpZCI6NzA3MywidXJsIjoiaHR0cHM6XC9cL3d3dy5qZWZ3b2RuaWFjay5jb21cL3dvcmRwcmVzc1wvd3AtY29udGVudFwvdXBsb2Fkc1wvMjAyM1wvMDVcL1Bhcm9zLU5hb3Vzc2FfMjItMDYtMDdfMTMtMjQtNDVfMDI3LmpwZyIsInNsaWRlc2hvdyI6IjMyNDc5MWZkIn0%3D\" href='https:\/\/www.jefwodniack.com\/wordpress\/wp-content\/uploads\/2023\/05\/Paros-Naoussa_22-06-07_13-24-45_027.jpg'><img loading=\"lazy\" decoding=\"async\" width=\"300\" height=\"300\" src=\"https:\/\/www.jefwodniack.com\/wordpress\/wp-content\/uploads\/2023\/05\/Paros-Naoussa_22-06-07_13-24-45_027-300x300.jpg\" class=\"attachment-thumbnail size-thumbnail\" alt=\"\" aria-describedby=\"gallery-1-7073\" srcset=\"https:\/\/www.jefwodniack.com\/wordpress\/wp-content\/uploads\/2023\/05\/Paros-Naoussa_22-06-07_13-24-45_027-300x300.jpg 300w, https:\/\/www.jefwodniack.com\/wordpress\/wp-content\/uploads\/2023\/05\/Paros-Naoussa_22-06-07_13-24-45_027-600x600.jpg 600w\" sizes=\"(max-width: 300px) 100vw, 300px\" \/><\/a>\n\t\t\t<\/div>\n\t\t\t\t<figcaption class='wp-caption-text gallery-caption' id='gallery-1-7073'>\n\t\t\t\tParos\n\t\t\t\t<\/figcaption><\/figure><figure class='gallery-item'>\n\t\t\t<div class='gallery-icon landscape'>\n\t\t\t\t<a data-elementor-open-lightbox=\"yes\" data-elementor-lightbox-slideshow=\"324791fd\" data-elementor-lightbox-title=\"Paros Naoussa_22-06-07_12-21-41_023\" data-e-action-hash=\"#elementor-action%3Aaction%3Dlightbox%26settings%3DeyJpZCI6NzA3MiwidXJsIjoiaHR0cHM6XC9cL3d3dy5qZWZ3b2RuaWFjay5jb21cL3dvcmRwcmVzc1wvd3AtY29udGVudFwvdXBsb2Fkc1wvMjAyM1wvMDVcL1Bhcm9zLU5hb3Vzc2FfMjItMDYtMDdfMTItMjEtNDFfMDIzLmpwZyIsInNsaWRlc2hvdyI6IjMyNDc5MWZkIn0%3D\" href='https:\/\/www.jefwodniack.com\/wordpress\/wp-content\/uploads\/2023\/05\/Paros-Naoussa_22-06-07_12-21-41_023.jpg'><img loading=\"lazy\" decoding=\"async\" width=\"300\" height=\"300\" src=\"https:\/\/www.jefwodniack.com\/wordpress\/wp-content\/uploads\/2023\/05\/Paros-Naoussa_22-06-07_12-21-41_023-300x300.jpg\" class=\"attachment-thumbnail size-thumbnail\" alt=\"\" aria-describedby=\"gallery-1-7072\" srcset=\"https:\/\/www.jefwodniack.com\/wordpress\/wp-content\/uploads\/2023\/05\/Paros-Naoussa_22-06-07_12-21-41_023-300x300.jpg 300w, https:\/\/www.jefwodniack.com\/wordpress\/wp-content\/uploads\/2023\/05\/Paros-Naoussa_22-06-07_12-21-41_023-600x600.jpg 600w\" sizes=\"(max-width: 300px) 100vw, 300px\" \/><\/a>\n\t\t\t<\/div>\n\t\t\t\t<figcaption class='wp-caption-text gallery-caption' id='gallery-1-7072'>\n\t\t\t\tParos\n\t\t\t\t<\/figcaption><\/figure><figure class='gallery-item'>\n\t\t\t<div class='gallery-icon landscape'>\n\t\t\t\t<a data-elementor-open-lightbox=\"yes\" data-elementor-lightbox-slideshow=\"324791fd\" data-elementor-lightbox-title=\"Paros Naoussa_22-06-07_12-05-38_014\" data-e-action-hash=\"#elementor-action%3Aaction%3Dlightbox%26settings%3DeyJpZCI6NzA3MSwidXJsIjoiaHR0cHM6XC9cL3d3dy5qZWZ3b2RuaWFjay5jb21cL3dvcmRwcmVzc1wvd3AtY29udGVudFwvdXBsb2Fkc1wvMjAyM1wvMDVcL1Bhcm9zLU5hb3Vzc2FfMjItMDYtMDdfMTItMDUtMzhfMDE0LmpwZyIsInNsaWRlc2hvdyI6IjMyNDc5MWZkIn0%3D\" href='https:\/\/www.jefwodniack.com\/wordpress\/wp-content\/uploads\/2023\/05\/Paros-Naoussa_22-06-07_12-05-38_014.jpg'><img loading=\"lazy\" decoding=\"async\" width=\"300\" height=\"300\" src=\"https:\/\/www.jefwodniack.com\/wordpress\/wp-content\/uploads\/2023\/05\/Paros-Naoussa_22-06-07_12-05-38_014-300x300.jpg\" class=\"attachment-thumbnail size-thumbnail\" alt=\"\" aria-describedby=\"gallery-1-7071\" srcset=\"https:\/\/www.jefwodniack.com\/wordpress\/wp-content\/uploads\/2023\/05\/Paros-Naoussa_22-06-07_12-05-38_014-300x300.jpg 300w, https:\/\/www.jefwodniack.com\/wordpress\/wp-content\/uploads\/2023\/05\/Paros-Naoussa_22-06-07_12-05-38_014-600x600.jpg 600w\" sizes=\"(max-width: 300px) 100vw, 300px\" \/><\/a>\n\t\t\t<\/div>\n\t\t\t\t<figcaption class='wp-caption-text gallery-caption' id='gallery-1-7071'>\n\t\t\t\tParos\n\t\t\t\t<\/figcaption><\/figure><figure class='gallery-item'>\n\t\t\t<div class='gallery-icon landscape'>\n\t\t\t\t<a data-elementor-open-lightbox=\"yes\" data-elementor-lightbox-slideshow=\"324791fd\" data-elementor-lightbox-title=\"Paros Naoussa_22-06-07_11-54-00_006\" data-e-action-hash=\"#elementor-action%3Aaction%3Dlightbox%26settings%3DeyJpZCI6NzA3MCwidXJsIjoiaHR0cHM6XC9cL3d3dy5qZWZ3b2RuaWFjay5jb21cL3dvcmRwcmVzc1wvd3AtY29udGVudFwvdXBsb2Fkc1wvMjAyM1wvMDVcL1Bhcm9zLU5hb3Vzc2FfMjItMDYtMDdfMTEtNTQtMDBfMDA2LmpwZyIsInNsaWRlc2hvdyI6IjMyNDc5MWZkIn0%3D\" href='https:\/\/www.jefwodniack.com\/wordpress\/wp-content\/uploads\/2023\/05\/Paros-Naoussa_22-06-07_11-54-00_006.jpg'><img loading=\"lazy\" decoding=\"async\" width=\"300\" height=\"300\" src=\"https:\/\/www.jefwodniack.com\/wordpress\/wp-content\/uploads\/2023\/05\/Paros-Naoussa_22-06-07_11-54-00_006-300x300.jpg\" class=\"attachment-thumbnail size-thumbnail\" alt=\"\" srcset=\"https:\/\/www.jefwodniack.com\/wordpress\/wp-content\/uploads\/2023\/05\/Paros-Naoussa_22-06-07_11-54-00_006-300x300.jpg 300w, https:\/\/www.jefwodniack.com\/wordpress\/wp-content\/uploads\/2023\/05\/Paros-Naoussa_22-06-07_11-54-00_006-600x600.jpg 600w\" sizes=\"(max-width: 300px) 100vw, 300px\" \/><\/a>\n\t\t\t<\/div><\/figure><figure class='gallery-item'>\n\t\t\t<div class='gallery-icon portrait'>\n\t\t\t\t<a data-elementor-open-lightbox=\"yes\" data-elementor-lightbox-slideshow=\"324791fd\" data-elementor-lightbox-title=\"Cyclades_22-06-08_11-04-11_223\" data-e-action-hash=\"#elementor-action%3Aaction%3Dlightbox%26settings%3DeyJpZCI6NzA2OSwidXJsIjoiaHR0cHM6XC9cL3d3dy5qZWZ3b2RuaWFjay5jb21cL3dvcmRwcmVzc1wvd3AtY29udGVudFwvdXBsb2Fkc1wvMjAyM1wvMDVcL0N5Y2xhZGVzXzIyLTA2LTA4XzExLTA0LTExXzIyMy5qcGciLCJzbGlkZXNob3ciOiIzMjQ3OTFmZCJ9\" href='https:\/\/www.jefwodniack.com\/wordpress\/wp-content\/uploads\/2023\/05\/Cyclades_22-06-08_11-04-11_223.jpg'><img loading=\"lazy\" decoding=\"async\" width=\"300\" height=\"300\" src=\"https:\/\/www.jefwodniack.com\/wordpress\/wp-content\/uploads\/2023\/05\/Cyclades_22-06-08_11-04-11_223-300x300.jpg\" class=\"attachment-thumbnail size-thumbnail\" alt=\"\" aria-describedby=\"gallery-1-7069\" srcset=\"https:\/\/www.jefwodniack.com\/wordpress\/wp-content\/uploads\/2023\/05\/Cyclades_22-06-08_11-04-11_223-300x300.jpg 300w, https:\/\/www.jefwodniack.com\/wordpress\/wp-content\/uploads\/2023\/05\/Cyclades_22-06-08_11-04-11_223-600x600.jpg 600w\" sizes=\"(max-width: 300px) 100vw, 300px\" \/><\/a>\n\t\t\t<\/div>\n\t\t\t\t<figcaption class='wp-caption-text gallery-caption' id='gallery-1-7069'>\n\t\t\t\tParos\n\t\t\t\t<\/figcaption><\/figure>\n\t\t<\/div>\n\t\t<\/div>\n\t\t\t\t\t\t<\/div>\n\t\t\t\t<\/div>\n\t\t\t\t\t<\/div>\n\t\t<\/div>\n\t\t\t\t\t<\/div>\n\t\t<\/section>\n\t\t\t\t<\/div>\n\t\t","protected":false},"excerpt":{"rendered":"<p>Gr\u00e8ce: Les ruelles color\u00e9es de l&rsquo;\u00eele de Paros dans les Cyclades. Une caract\u00e9ristique unique de Paros est ses ruelles color\u00e9es, qui ajoutent une touche de charme et de personnalit\u00e9 \u00e0 cette \u00eele Grecque des Cyclades. Les ruelles color\u00e9es de Paros se trouvent dans de nombreux villages de l&rsquo;\u00eele, notamment \u00e0 Naoussa, Parikia et Lefkes. Ces [&hellip;]<\/p>\n","protected":false},"author":1,"featured_media":7080,"comment_status":"open","ping_status":"open","sticky":false,"template":"","format":"standard","meta":{"_monsterinsights_skip_tracking":false,"_monsterinsights_sitenote_active":false,"_monsterinsights_sitenote_note":"","_monsterinsights_sitenote_category":0,"ocean_post_layout":"","ocean_both_sidebars_style":"","ocean_both_sidebars_content_width":0,"ocean_both_sidebars_sidebars_width":0,"ocean_sidebar":"0","ocean_second_sidebar":"0","ocean_disable_margins":"enable","ocean_add_body_class":"","ocean_shortcode_before_top_bar":"","ocean_shortcode_after_top_bar":"","ocean_shortcode_before_header":"","ocean_shortcode_after_header":"","ocean_has_shortcode":"","ocean_shortcode_after_title":"","ocean_shortcode_before_footer_widgets":"","ocean_shortcode_after_footer_widgets":"","ocean_shortcode_before_footer_bottom":"","ocean_shortcode_after_footer_bottom":"","ocean_display_top_bar":"default","ocean_display_header":"default","ocean_header_style":"","ocean_center_header_left_menu":"0","ocean_custom_header_template":"0","ocean_custom_logo":0,"ocean_custom_retina_logo":0,"ocean_custom_logo_max_width":0,"ocean_custom_logo_tablet_max_width":0,"ocean_custom_logo_mobile_max_width":0,"ocean_custom_logo_max_height":0,"ocean_custom_logo_tablet_max_height":0,"ocean_custom_logo_mobile_max_height":0,"ocean_header_custom_menu":"0","ocean_menu_typo_font_family":"0","ocean_menu_typo_font_subset":"","ocean_menu_typo_font_size":0,"ocean_menu_typo_font_size_tablet":0,"ocean_menu_typo_font_size_mobile":0,"ocean_menu_typo_font_size_unit":"px","ocean_menu_typo_font_weight":"","ocean_menu_typo_font_weight_tablet":"","ocean_menu_typo_font_weight_mobile":"","ocean_menu_typo_transform":"","ocean_menu_typo_transform_tablet":"","ocean_menu_typo_transform_mobile":"","ocean_menu_typo_line_height":0,"ocean_menu_typo_line_height_tablet":0,"ocean_menu_typo_line_height_mobile":0,"ocean_menu_typo_line_height_unit":"","ocean_menu_typo_spacing":0,"ocean_menu_typo_spacing_tablet":0,"ocean_menu_typo_spacing_mobile":0,"ocean_menu_typo_spacing_unit":"","ocean_menu_link_color":"","ocean_menu_link_color_hover":"","ocean_menu_link_color_active":"","ocean_menu_link_background":"","ocean_menu_link_hover_background":"","ocean_menu_link_active_background":"","ocean_menu_social_links_bg":"","ocean_menu_social_hover_links_bg":"","ocean_menu_social_links_color":"","ocean_menu_social_hover_links_color":"","ocean_disable_title":"default","ocean_disable_heading":"default","ocean_post_title":"","ocean_post_subheading":"","ocean_post_title_style":"","ocean_post_title_background_color":"","ocean_post_title_background":0,"ocean_post_title_bg_image_position":"","ocean_post_title_bg_image_attachment":"","ocean_post_title_bg_image_repeat":"","ocean_post_title_bg_image_size":"","ocean_post_title_height":0,"ocean_post_title_bg_overlay":0.5,"ocean_post_title_bg_overlay_color":"","ocean_disable_breadcrumbs":"default","ocean_breadcrumbs_color":"","ocean_breadcrumbs_separator_color":"","ocean_breadcrumbs_links_color":"","ocean_breadcrumbs_links_hover_color":"","ocean_display_footer_widgets":"default","ocean_display_footer_bottom":"default","ocean_custom_footer_template":"0","ocean_post_oembed":"","ocean_post_self_hosted_media":"","ocean_post_video_embed":"","ocean_link_format":"","ocean_link_format_target":"self","ocean_quote_format":"","ocean_quote_format_link":"post","ocean_gallery_link_images":"off","ocean_gallery_id":[],"footnotes":""},"categories":[143,29,145],"tags":[],"class_list":["post-7066","post","type-post","status-publish","format-standard","has-post-thumbnail","hentry","category-cyclades","category-grece","category-paros","entry","has-media"],"yoast_head":"<!-- This site is optimized with the Yoast SEO plugin v25.3 - https:\/\/yoast.com\/wordpress\/plugins\/seo\/ -->\n<title>Gr\u00e8ce: Les ruelles color\u00e9es de l&#039;\u00eele de Paros.<\/title>\n<meta name=\"description\" content=\"Gr\u00e8ce: Les ruelles color\u00e9es de l&#039;\u00eele de Paros. Une caract\u00e9ristique unique de Paros son ses ruelles color\u00e9es.\" \/>\n<meta name=\"robots\" content=\"index, follow, max-snippet:-1, max-image-preview:large, max-video-preview:-1\" \/>\n<link rel=\"canonical\" href=\"https:\/\/www.jefwodniack.com\/wordpress\/2022\/06\/30\/grece-les-ruelles-colorees-de-lile-de-paros\/\" \/>\n<meta property=\"og:locale\" content=\"fr_FR\" \/>\n<meta property=\"og:type\" content=\"article\" \/>\n<meta property=\"og:title\" content=\"Gr\u00e8ce: Les ruelles color\u00e9es de l&#039;\u00eele de Paros.\" \/>\n<meta property=\"og:description\" content=\"Gr\u00e8ce: Les ruelles color\u00e9es de l&#039;\u00eele de Paros. Une caract\u00e9ristique unique de Paros est ses ruelles color\u00e9es.\" \/>\n<meta property=\"og:url\" content=\"https:\/\/www.jefwodniack.com\/wordpress\/2022\/06\/30\/grece-les-ruelles-colorees-de-lile-de-paros\/\" \/>\n<meta property=\"og:site_name\" content=\"Jef Wodniack Photos\" \/>\n<meta property=\"article:publisher\" content=\"https:\/\/www.facebook.com\/Jef.Wodniack.Medias\" \/>\n<meta property=\"article:published_time\" content=\"2022-06-30T14:38:46+00:00\" \/>\n<meta property=\"article:modified_time\" content=\"2023-11-09T13:54:54+00:00\" \/>\n<meta property=\"og:image\" content=\"https:\/\/www.jefwodniack.com\/wordpress\/wp-content\/uploads\/2023\/05\/Paros_22-06-05_12-38-41_029.jpg\" \/>\n\t<meta property=\"og:image:width\" content=\"900\" \/>\n\t<meta property=\"og:image:height\" content=\"600\" \/>\n\t<meta property=\"og:image:type\" content=\"image\/jpeg\" \/>\n<meta name=\"author\" content=\"jefwod\" \/>\n<meta name=\"twitter:card\" content=\"summary_large_image\" \/>\n<meta name=\"twitter:title\" content=\"Gr\u00e8ce: Les ruelles color\u00e9es de l&#039;\u00eele de Paros.\" \/>\n<meta name=\"twitter:description\" content=\"Gr\u00e8ce: Les ruelles color\u00e9es de l&#039;\u00eele de Paros. Une caract\u00e9ristique unique de Paros est ses ruelles color\u00e9es.\" \/>\n<meta name=\"twitter:image\" content=\"https:\/\/www.jefwodniack.com\/wordpress\/wp-content\/uploads\/2023\/05\/Paros_22-06-05_12-38-41_029.jpg\" \/>\n<meta name=\"twitter:label1\" content=\"\u00c9crit par\" \/>\n\t<meta name=\"twitter:data1\" content=\"jefwod\" \/>\n\t<meta name=\"twitter:label2\" content=\"Dur\u00e9e de lecture estim\u00e9e\" \/>\n\t<meta name=\"twitter:data2\" content=\"3 minutes\" \/>\n<script type=\"application\/ld+json\" class=\"yoast-schema-graph\">{\"@context\":\"https:\/\/schema.org\",\"@graph\":[{\"@type\":\"Article\",\"@id\":\"https:\/\/www.jefwodniack.com\/wordpress\/2022\/06\/30\/grece-les-ruelles-colorees-de-lile-de-paros\/#article\",\"isPartOf\":{\"@id\":\"https:\/\/www.jefwodniack.com\/wordpress\/2022\/06\/30\/grece-les-ruelles-colorees-de-lile-de-paros\/\"},\"author\":{\"name\":\"jefwod\",\"@id\":\"https:\/\/www.jefwodniack.com\/wordpress\/#\/schema\/person\/1e958c3c01e23d2814def6954b79c4c8\"},\"headline\":\"Gr\u00e8ce: Les ruelles color\u00e9es de l&rsquo;\u00eele de Paros.\",\"datePublished\":\"2022-06-30T14:38:46+00:00\",\"dateModified\":\"2023-11-09T13:54:54+00:00\",\"mainEntityOfPage\":{\"@id\":\"https:\/\/www.jefwodniack.com\/wordpress\/2022\/06\/30\/grece-les-ruelles-colorees-de-lile-de-paros\/\"},\"wordCount\":110,\"commentCount\":0,\"publisher\":{\"@id\":\"https:\/\/www.jefwodniack.com\/wordpress\/#organization\"},\"image\":{\"@id\":\"https:\/\/www.jefwodniack.com\/wordpress\/2022\/06\/30\/grece-les-ruelles-colorees-de-lile-de-paros\/#primaryimage\"},\"thumbnailUrl\":\"https:\/\/www.jefwodniack.com\/wordpress\/wp-content\/uploads\/2023\/05\/Paros_22-06-05_12-38-41_029.jpg\",\"articleSection\":[\"Cyclades\",\"Grece\",\"Paros\"],\"inLanguage\":\"fr-FR\",\"potentialAction\":[{\"@type\":\"CommentAction\",\"name\":\"Comment\",\"target\":[\"https:\/\/www.jefwodniack.com\/wordpress\/2022\/06\/30\/grece-les-ruelles-colorees-de-lile-de-paros\/#respond\"]}]},{\"@type\":\"WebPage\",\"@id\":\"https:\/\/www.jefwodniack.com\/wordpress\/2022\/06\/30\/grece-les-ruelles-colorees-de-lile-de-paros\/\",\"url\":\"https:\/\/www.jefwodniack.com\/wordpress\/2022\/06\/30\/grece-les-ruelles-colorees-de-lile-de-paros\/\",\"name\":\"Gr\u00e8ce: Les ruelles color\u00e9es de l'\u00eele de Paros.\",\"isPartOf\":{\"@id\":\"https:\/\/www.jefwodniack.com\/wordpress\/#website\"},\"primaryImageOfPage\":{\"@id\":\"https:\/\/www.jefwodniack.com\/wordpress\/2022\/06\/30\/grece-les-ruelles-colorees-de-lile-de-paros\/#primaryimage\"},\"image\":{\"@id\":\"https:\/\/www.jefwodniack.com\/wordpress\/2022\/06\/30\/grece-les-ruelles-colorees-de-lile-de-paros\/#primaryimage\"},\"thumbnailUrl\":\"https:\/\/www.jefwodniack.com\/wordpress\/wp-content\/uploads\/2023\/05\/Paros_22-06-05_12-38-41_029.jpg\",\"datePublished\":\"2022-06-30T14:38:46+00:00\",\"dateModified\":\"2023-11-09T13:54:54+00:00\",\"description\":\"Gr\u00e8ce: Les ruelles color\u00e9es de l'\u00eele de Paros. Une caract\u00e9ristique unique de Paros son ses ruelles color\u00e9es.\",\"breadcrumb\":{\"@id\":\"https:\/\/www.jefwodniack.com\/wordpress\/2022\/06\/30\/grece-les-ruelles-colorees-de-lile-de-paros\/#breadcrumb\"},\"inLanguage\":\"fr-FR\",\"potentialAction\":[{\"@type\":\"ReadAction\",\"target\":[\"https:\/\/www.jefwodniack.com\/wordpress\/2022\/06\/30\/grece-les-ruelles-colorees-de-lile-de-paros\/\"]}]},{\"@type\":\"ImageObject\",\"inLanguage\":\"fr-FR\",\"@id\":\"https:\/\/www.jefwodniack.com\/wordpress\/2022\/06\/30\/grece-les-ruelles-colorees-de-lile-de-paros\/#primaryimage\",\"url\":\"https:\/\/www.jefwodniack.com\/wordpress\/wp-content\/uploads\/2023\/05\/Paros_22-06-05_12-38-41_029.jpg\",\"contentUrl\":\"https:\/\/www.jefwodniack.com\/wordpress\/wp-content\/uploads\/2023\/05\/Paros_22-06-05_12-38-41_029.jpg\",\"width\":900,\"height\":600,\"caption\":\"Paros\"},{\"@type\":\"BreadcrumbList\",\"@id\":\"https:\/\/www.jefwodniack.com\/wordpress\/2022\/06\/30\/grece-les-ruelles-colorees-de-lile-de-paros\/#breadcrumb\",\"itemListElement\":[{\"@type\":\"ListItem\",\"position\":1,\"name\":\"Accueil\",\"item\":\"https:\/\/www.jefwodniack.com\/wordpress\/\"},{\"@type\":\"ListItem\",\"position\":2,\"name\":\"Gr\u00e8ce: Les ruelles color\u00e9es de l&rsquo;\u00eele de Paros.\"}]},{\"@type\":\"WebSite\",\"@id\":\"https:\/\/www.jefwodniack.com\/wordpress\/#website\",\"url\":\"https:\/\/www.jefwodniack.com\/wordpress\/\",\"name\":\"Jef Wodniack Photos\",\"description\":\"Journal d&#039;un photographe voyageur.\",\"publisher\":{\"@id\":\"https:\/\/www.jefwodniack.com\/wordpress\/#organization\"},\"potentialAction\":[{\"@type\":\"SearchAction\",\"target\":{\"@type\":\"EntryPoint\",\"urlTemplate\":\"https:\/\/www.jefwodniack.com\/wordpress\/?s={search_term_string}\"},\"query-input\":{\"@type\":\"PropertyValueSpecification\",\"valueRequired\":true,\"valueName\":\"search_term_string\"}}],\"inLanguage\":\"fr-FR\"},{\"@type\":\"Organization\",\"@id\":\"https:\/\/www.jefwodniack.com\/wordpress\/#organization\",\"name\":\"Jef Wodniack Photos\",\"url\":\"https:\/\/www.jefwodniack.com\/wordpress\/\",\"logo\":{\"@type\":\"ImageObject\",\"inLanguage\":\"fr-FR\",\"@id\":\"https:\/\/www.jefwodniack.com\/wordpress\/#\/schema\/logo\/image\/\",\"url\":\"https:\/\/www.jefwodniack.com\/wordpress\/wp-content\/uploads\/2023\/02\/logo3.png\",\"contentUrl\":\"https:\/\/www.jefwodniack.com\/wordpress\/wp-content\/uploads\/2023\/02\/logo3.png\",\"width\":200,\"height\":50,\"caption\":\"Jef Wodniack Photos\"},\"image\":{\"@id\":\"https:\/\/www.jefwodniack.com\/wordpress\/#\/schema\/logo\/image\/\"},\"sameAs\":[\"https:\/\/www.facebook.com\/Jef.Wodniack.Medias\",\"https:\/\/www.instagram.com\/jefwod\/?hl=fr\",\"https:\/\/www.youtube.com\/channel\/UCzaIaufhblVb5WL43_cocIQ\"]},{\"@type\":\"Person\",\"@id\":\"https:\/\/www.jefwodniack.com\/wordpress\/#\/schema\/person\/1e958c3c01e23d2814def6954b79c4c8\",\"name\":\"jefwod\",\"image\":{\"@type\":\"ImageObject\",\"inLanguage\":\"fr-FR\",\"@id\":\"https:\/\/www.jefwodniack.com\/wordpress\/#\/schema\/person\/image\/\",\"url\":\"https:\/\/secure.gravatar.com\/avatar\/ce8c32675ac09e522a268b56dfb1f2d3702dac1452e92ae9d46a6c81d0623577?s=96&d=blank&r=g\",\"contentUrl\":\"https:\/\/secure.gravatar.com\/avatar\/ce8c32675ac09e522a268b56dfb1f2d3702dac1452e92ae9d46a6c81d0623577?s=96&d=blank&r=g\",\"caption\":\"jefwod\"},\"sameAs\":[\"https:\/\/www.jefwodniack.com\/wordpress\"]}]}<\/script>\n<!-- \/ Yoast SEO plugin. -->","yoast_head_json":{"title":"Gr\u00e8ce: Les ruelles color\u00e9es de l'\u00eele de Paros.","description":"Gr\u00e8ce: Les ruelles color\u00e9es de l'\u00eele de Paros. Une caract\u00e9ristique unique de Paros son ses ruelles color\u00e9es.","robots":{"index":"index","follow":"follow","max-snippet":"max-snippet:-1","max-image-preview":"max-image-preview:large","max-video-preview":"max-video-preview:-1"},"canonical":"https:\/\/www.jefwodniack.com\/wordpress\/2022\/06\/30\/grece-les-ruelles-colorees-de-lile-de-paros\/","og_locale":"fr_FR","og_type":"article","og_title":"Gr\u00e8ce: Les ruelles color\u00e9es de l'\u00eele de Paros.","og_description":"Gr\u00e8ce: Les ruelles color\u00e9es de l'\u00eele de Paros. Une caract\u00e9ristique unique de Paros est ses ruelles color\u00e9es.","og_url":"https:\/\/www.jefwodniack.com\/wordpress\/2022\/06\/30\/grece-les-ruelles-colorees-de-lile-de-paros\/","og_site_name":"Jef Wodniack Photos","article_publisher":"https:\/\/www.facebook.com\/Jef.Wodniack.Medias","article_published_time":"2022-06-30T14:38:46+00:00","article_modified_time":"2023-11-09T13:54:54+00:00","og_image":[{"width":900,"height":600,"url":"https:\/\/www.jefwodniack.com\/wordpress\/wp-content\/uploads\/2023\/05\/Paros_22-06-05_12-38-41_029.jpg","type":"image\/jpeg"}],"author":"jefwod","twitter_card":"summary_large_image","twitter_title":"Gr\u00e8ce: Les ruelles color\u00e9es de l'\u00eele de Paros.","twitter_description":"Gr\u00e8ce: Les ruelles color\u00e9es de l'\u00eele de Paros. Une caract\u00e9ristique unique de Paros est ses ruelles color\u00e9es.","twitter_image":"https:\/\/www.jefwodniack.com\/wordpress\/wp-content\/uploads\/2023\/05\/Paros_22-06-05_12-38-41_029.jpg","twitter_misc":{"\u00c9crit par":"jefwod","Dur\u00e9e de lecture estim\u00e9e":"3 minutes"},"schema":{"@context":"https:\/\/schema.org","@graph":[{"@type":"Article","@id":"https:\/\/www.jefwodniack.com\/wordpress\/2022\/06\/30\/grece-les-ruelles-colorees-de-lile-de-paros\/#article","isPartOf":{"@id":"https:\/\/www.jefwodniack.com\/wordpress\/2022\/06\/30\/grece-les-ruelles-colorees-de-lile-de-paros\/"},"author":{"name":"jefwod","@id":"https:\/\/www.jefwodniack.com\/wordpress\/#\/schema\/person\/1e958c3c01e23d2814def6954b79c4c8"},"headline":"Gr\u00e8ce: Les ruelles color\u00e9es de l&rsquo;\u00eele de Paros.","datePublished":"2022-06-30T14:38:46+00:00","dateModified":"2023-11-09T13:54:54+00:00","mainEntityOfPage":{"@id":"https:\/\/www.jefwodniack.com\/wordpress\/2022\/06\/30\/grece-les-ruelles-colorees-de-lile-de-paros\/"},"wordCount":110,"commentCount":0,"publisher":{"@id":"https:\/\/www.jefwodniack.com\/wordpress\/#organization"},"image":{"@id":"https:\/\/www.jefwodniack.com\/wordpress\/2022\/06\/30\/grece-les-ruelles-colorees-de-lile-de-paros\/#primaryimage"},"thumbnailUrl":"https:\/\/www.jefwodniack.com\/wordpress\/wp-content\/uploads\/2023\/05\/Paros_22-06-05_12-38-41_029.jpg","articleSection":["Cyclades","Grece","Paros"],"inLanguage":"fr-FR","potentialAction":[{"@type":"CommentAction","name":"Comment","target":["https:\/\/www.jefwodniack.com\/wordpress\/2022\/06\/30\/grece-les-ruelles-colorees-de-lile-de-paros\/#respond"]}]},{"@type":"WebPage","@id":"https:\/\/www.jefwodniack.com\/wordpress\/2022\/06\/30\/grece-les-ruelles-colorees-de-lile-de-paros\/","url":"https:\/\/www.jefwodniack.com\/wordpress\/2022\/06\/30\/grece-les-ruelles-colorees-de-lile-de-paros\/","name":"Gr\u00e8ce: Les ruelles color\u00e9es de l'\u00eele de Paros.","isPartOf":{"@id":"https:\/\/www.jefwodniack.com\/wordpress\/#website"},"primaryImageOfPage":{"@id":"https:\/\/www.jefwodniack.com\/wordpress\/2022\/06\/30\/grece-les-ruelles-colorees-de-lile-de-paros\/#primaryimage"},"image":{"@id":"https:\/\/www.jefwodniack.com\/wordpress\/2022\/06\/30\/grece-les-ruelles-colorees-de-lile-de-paros\/#primaryimage"},"thumbnailUrl":"https:\/\/www.jefwodniack.com\/wordpress\/wp-content\/uploads\/2023\/05\/Paros_22-06-05_12-38-41_029.jpg","datePublished":"2022-06-30T14:38:46+00:00","dateModified":"2023-11-09T13:54:54+00:00","description":"Gr\u00e8ce: Les ruelles color\u00e9es de l'\u00eele de Paros. Une caract\u00e9ristique unique de Paros son ses ruelles color\u00e9es.","breadcrumb":{"@id":"https:\/\/www.jefwodniack.com\/wordpress\/2022\/06\/30\/grece-les-ruelles-colorees-de-lile-de-paros\/#breadcrumb"},"inLanguage":"fr-FR","potentialAction":[{"@type":"ReadAction","target":["https:\/\/www.jefwodniack.com\/wordpress\/2022\/06\/30\/grece-les-ruelles-colorees-de-lile-de-paros\/"]}]},{"@type":"ImageObject","inLanguage":"fr-FR","@id":"https:\/\/www.jefwodniack.com\/wordpress\/2022\/06\/30\/grece-les-ruelles-colorees-de-lile-de-paros\/#primaryimage","url":"https:\/\/www.jefwodniack.com\/wordpress\/wp-content\/uploads\/2023\/05\/Paros_22-06-05_12-38-41_029.jpg","contentUrl":"https:\/\/www.jefwodniack.com\/wordpress\/wp-content\/uploads\/2023\/05\/Paros_22-06-05_12-38-41_029.jpg","width":900,"height":600,"caption":"Paros"},{"@type":"BreadcrumbList","@id":"https:\/\/www.jefwodniack.com\/wordpress\/2022\/06\/30\/grece-les-ruelles-colorees-de-lile-de-paros\/#breadcrumb","itemListElement":[{"@type":"ListItem","position":1,"name":"Accueil","item":"https:\/\/www.jefwodniack.com\/wordpress\/"},{"@type":"ListItem","position":2,"name":"Gr\u00e8ce: Les ruelles color\u00e9es de l&rsquo;\u00eele de Paros."}]},{"@type":"WebSite","@id":"https:\/\/www.jefwodniack.com\/wordpress\/#website","url":"https:\/\/www.jefwodniack.com\/wordpress\/","name":"Jef Wodniack Photos","description":"Journal d&#039;un photographe voyageur.","publisher":{"@id":"https:\/\/www.jefwodniack.com\/wordpress\/#organization"},"potentialAction":[{"@type":"SearchAction","target":{"@type":"EntryPoint","urlTemplate":"https:\/\/www.jefwodniack.com\/wordpress\/?s={search_term_string}"},"query-input":{"@type":"PropertyValueSpecification","valueRequired":true,"valueName":"search_term_string"}}],"inLanguage":"fr-FR"},{"@type":"Organization","@id":"https:\/\/www.jefwodniack.com\/wordpress\/#organization","name":"Jef Wodniack Photos","url":"https:\/\/www.jefwodniack.com\/wordpress\/","logo":{"@type":"ImageObject","inLanguage":"fr-FR","@id":"https:\/\/www.jefwodniack.com\/wordpress\/#\/schema\/logo\/image\/","url":"https:\/\/www.jefwodniack.com\/wordpress\/wp-content\/uploads\/2023\/02\/logo3.png","contentUrl":"https:\/\/www.jefwodniack.com\/wordpress\/wp-content\/uploads\/2023\/02\/logo3.png","width":200,"height":50,"caption":"Jef Wodniack Photos"},"image":{"@id":"https:\/\/www.jefwodniack.com\/wordpress\/#\/schema\/logo\/image\/"},"sameAs":["https:\/\/www.facebook.com\/Jef.Wodniack.Medias","https:\/\/www.instagram.com\/jefwod\/?hl=fr","https:\/\/www.youtube.com\/channel\/UCzaIaufhblVb5WL43_cocIQ"]},{"@type":"Person","@id":"https:\/\/www.jefwodniack.com\/wordpress\/#\/schema\/person\/1e958c3c01e23d2814def6954b79c4c8","name":"jefwod","image":{"@type":"ImageObject","inLanguage":"fr-FR","@id":"https:\/\/www.jefwodniack.com\/wordpress\/#\/schema\/person\/image\/","url":"https:\/\/secure.gravatar.com\/avatar\/ce8c32675ac09e522a268b56dfb1f2d3702dac1452e92ae9d46a6c81d0623577?s=96&d=blank&r=g","contentUrl":"https:\/\/secure.gravatar.com\/avatar\/ce8c32675ac09e522a268b56dfb1f2d3702dac1452e92ae9d46a6c81d0623577?s=96&d=blank&r=g","caption":"jefwod"},"sameAs":["https:\/\/www.jefwodniack.com\/wordpress"]}]}},"_links":{"self":[{"href":"https:\/\/www.jefwodniack.com\/wordpress\/wp-json\/wp\/v2\/posts\/7066","targetHints":{"allow":["GET"]}}],"collection":[{"href":"https:\/\/www.jefwodniack.com\/wordpress\/wp-json\/wp\/v2\/posts"}],"about":[{"href":"https:\/\/www.jefwodniack.com\/wordpress\/wp-json\/wp\/v2\/types\/post"}],"author":[{"embeddable":true,"href":"https:\/\/www.jefwodniack.com\/wordpress\/wp-json\/wp\/v2\/users\/1"}],"replies":[{"embeddable":true,"href":"https:\/\/www.jefwodniack.com\/wordpress\/wp-json\/wp\/v2\/comments?post=7066"}],"version-history":[{"count":9,"href":"https:\/\/www.jefwodniack.com\/wordpress\/wp-json\/wp\/v2\/posts\/7066\/revisions"}],"predecessor-version":[{"id":7251,"href":"https:\/\/www.jefwodniack.com\/wordpress\/wp-json\/wp\/v2\/posts\/7066\/revisions\/7251"}],"wp:featuredmedia":[{"embeddable":true,"href":"https:\/\/www.jefwodniack.com\/wordpress\/wp-json\/wp\/v2\/media\/7080"}],"wp:attachment":[{"href":"https:\/\/www.jefwodniack.com\/wordpress\/wp-json\/wp\/v2\/media?parent=7066"}],"wp:term":[{"taxonomy":"category","embeddable":true,"href":"https:\/\/www.jefwodniack.com\/wordpress\/wp-json\/wp\/v2\/categories?post=7066"},{"taxonomy":"post_tag","embeddable":true,"href":"https:\/\/www.jefwodniack.com\/wordpress\/wp-json\/wp\/v2\/tags?post=7066"}],"curies":[{"name":"wp","href":"https:\/\/api.w.org\/{rel}","templated":true}]}}