{"id":4435,"date":"2022-03-03T15:29:00","date_gmt":"2022-03-03T14:29:00","guid":{"rendered":"https:\/\/www.jefwodniack.com\/wordpress\/?p=4435"},"modified":"2023-05-08T17:43:03","modified_gmt":"2023-05-08T15:43:03","slug":"norvege-fin-dhiver-dans-les-iles-lofoten","status":"publish","type":"post","link":"https:\/\/www.jefwodniack.com\/wordpress\/2022\/03\/03\/norvege-fin-dhiver-dans-les-iles-lofoten\/","title":{"rendered":"Norv\u00e8ge: Fin d\u2019hiver dans les \u00eeles Lofoten."},"content":{"rendered":"\n<h2 class=\"wp-block-heading\">Norv\u00e8ge: Fin d\u2019hiver dans les \u00eeles <a href=\"https:\/\/fr.wikipedia.org\/wiki\/%C3%8Eles_Lofoten\" target=\"_blank\" rel=\"noreferrer noopener\">Lofoten<\/a>.<\/h2>\n\n\n\n<h3 class=\"wp-block-heading\">En ce d\u00e9but mars l\u2019hiver touche \u00e0 sa fin dans les \u00eeles Lofotens, la neige et la glace sont encore bien l\u00e0. Et les paysages sont \u00e9clair\u00e9s par la douce lumi\u00e8re d\u2019un soleil bor\u00e9al.<\/h3>\n\n\n\n<figure class=\"wp-block-gallery has-nested-images columns-default is-cropped wp-block-gallery-1 is-layout-flex wp-block-gallery-is-layout-flex\">\n<figure class=\"wp-block-image size-full\"><a href=\"https:\/\/www.jefwodniack.com\/wordpress\/wp-content\/uploads\/2022\/03\/Flakstad_22-03-07_12-30-56_009.jpg\" target=\"_blank\" rel=\"noopener\"><img decoding=\"async\" data-id=\"4437\" src=\"https:\/\/www.jefwodniack.com\/wordpress\/wp-content\/uploads\/2022\/03\/Flakstad_22-03-07_12-30-56_009.jpg\" alt=\"Iles Lofotens\" class=\"wp-image-4437\"\/><\/a><figcaption class=\"wp-element-caption\">Iles Lofotens<\/figcaption><\/figure>\n\n\n\n<figure class=\"wp-block-image size-full\"><a href=\"https:\/\/www.jefwodniack.com\/wordpress\/wp-content\/uploads\/2022\/03\/Nusfjord_22-03-07_14-56-59_008.jpg\" target=\"_blank\" rel=\"noopener\"><img decoding=\"async\" data-id=\"4445\" src=\"https:\/\/www.jefwodniack.com\/wordpress\/wp-content\/uploads\/2022\/03\/Nusfjord_22-03-07_14-56-59_008.jpg\" alt=\"Iles Lofotens\" class=\"wp-image-4445\"\/><\/a><figcaption class=\"wp-element-caption\">Iles Lofotens<\/figcaption><\/figure>\n\n\n\n<figure class=\"wp-block-image size-full\"><a href=\"https:\/\/www.jefwodniack.com\/wordpress\/wp-content\/uploads\/2022\/03\/Nusfjord_22-03-07_15-02-24_009.jpg\" target=\"_blank\" rel=\"noopener\"><img decoding=\"async\" data-id=\"4443\" src=\"https:\/\/www.jefwodniack.com\/wordpress\/wp-content\/uploads\/2022\/03\/Nusfjord_22-03-07_15-02-24_009.jpg\" alt=\"Iles Lofotens\" class=\"wp-image-4443\"\/><\/a><figcaption class=\"wp-element-caption\">Iles Lofotens<\/figcaption><\/figure>\n\n\n\n<figure class=\"wp-block-image size-full\"><a href=\"https:\/\/www.jefwodniack.com\/wordpress\/wp-content\/uploads\/2022\/03\/Reine_22-03-06_13-09-10_046.jpg\" target=\"_blank\" rel=\"noopener\"><img decoding=\"async\" data-id=\"4438\" src=\"https:\/\/www.jefwodniack.com\/wordpress\/wp-content\/uploads\/2022\/03\/Reine_22-03-06_13-09-10_046.jpg\" alt=\"Iles Lofotens\" class=\"wp-image-4438\"\/><\/a><figcaption class=\"wp-element-caption\">Iles Lofotens<\/figcaption><\/figure>\n\n\n\n<figure class=\"wp-block-image size-full\"><a href=\"https:\/\/www.jefwodniack.com\/wordpress\/wp-content\/uploads\/2022\/03\/Reine_22-03-06_14-12-07_052.jpg\" target=\"_blank\" rel=\"noopener\"><img decoding=\"async\" data-id=\"4446\" src=\"https:\/\/www.jefwodniack.com\/wordpress\/wp-content\/uploads\/2022\/03\/Reine_22-03-06_14-12-07_052.jpg\" alt=\"Iles Lofotens\" class=\"wp-image-4446\"\/><\/a><figcaption class=\"wp-element-caption\">Iles Lofotens<\/figcaption><\/figure>\n\n\n\n<figure class=\"wp-block-image size-full\"><a href=\"https:\/\/www.jefwodniack.com\/wordpress\/wp-content\/uploads\/2022\/03\/Svolvaer_22-02-25_12-34-41_001.jpg\" target=\"_blank\" rel=\"noopener\"><img decoding=\"async\" data-id=\"4441\" src=\"https:\/\/www.jefwodniack.com\/wordpress\/wp-content\/uploads\/2022\/03\/Svolvaer_22-02-25_12-34-41_001.jpg\" alt=\"Iles Lofotens\" class=\"wp-image-4441\"\/><\/a><figcaption class=\"wp-element-caption\">Iles Lofotens<\/figcaption><\/figure>\n\n\n\n<figure class=\"wp-block-image size-full\"><a href=\"https:\/\/www.jefwodniack.com\/wordpress\/wp-content\/uploads\/2022\/03\/Svolvaer_22-02-25_15-46-08_003.jpg\" target=\"_blank\" rel=\"noopener\"><img decoding=\"async\" data-id=\"4440\" src=\"https:\/\/www.jefwodniack.com\/wordpress\/wp-content\/uploads\/2022\/03\/Svolvaer_22-02-25_15-46-08_003.jpg\" alt=\"Iles Lofotens\" class=\"wp-image-4440\"\/><\/a><figcaption class=\"wp-element-caption\">Iles Lofotens<\/figcaption><\/figure>\n\n\n\n<figure class=\"wp-block-image size-full\"><a href=\"https:\/\/www.jefwodniack.com\/wordpress\/wp-content\/uploads\/2022\/03\/Svolvaer_22-02-25_15-46-15_004.jpg\" target=\"_blank\" rel=\"noopener\"><img decoding=\"async\" data-id=\"4444\" src=\"https:\/\/www.jefwodniack.com\/wordpress\/wp-content\/uploads\/2022\/03\/Svolvaer_22-02-25_15-46-15_004.jpg\" alt=\"Iles Lofotens\" class=\"wp-image-4444\"\/><\/a><figcaption class=\"wp-element-caption\">Iles Lofotens<\/figcaption><\/figure>\n\n\n\n<figure class=\"wp-block-image size-full\"><a href=\"https:\/\/www.jefwodniack.com\/wordpress\/wp-content\/uploads\/2022\/03\/Svolvaer_22-02-25_16-47-04_007.jpg\" target=\"_blank\" rel=\"noopener\"><img decoding=\"async\" data-id=\"4447\" src=\"https:\/\/www.jefwodniack.com\/wordpress\/wp-content\/uploads\/2022\/03\/Svolvaer_22-02-25_16-47-04_007.jpg\" alt=\"Iles Lofotens\" class=\"wp-image-4447\"\/><\/a><figcaption class=\"wp-element-caption\">Iles Lofotens<\/figcaption><\/figure>\n\n\n\n<figure class=\"wp-block-image size-full\"><a href=\"https:\/\/www.jefwodniack.com\/wordpress\/wp-content\/uploads\/2022\/03\/Vagan_22-03-04_10-57-05_001.jpg\" target=\"_blank\" rel=\"noopener\"><img decoding=\"async\" data-id=\"4442\" src=\"https:\/\/www.jefwodniack.com\/wordpress\/wp-content\/uploads\/2022\/03\/Vagan_22-03-04_10-57-05_001.jpg\" alt=\"Iles Lofotens\" class=\"wp-image-4442\"\/><\/a><figcaption class=\"wp-element-caption\">Iles Lofotens<\/figcaption><\/figure>\n\n\n\n<figure class=\"wp-block-image size-full\"><a href=\"https:\/\/www.jefwodniack.com\/wordpress\/wp-content\/uploads\/2022\/03\/Vagan_22-03-04_15-20-40_019.jpg\" target=\"_blank\" rel=\"noopener\"><img decoding=\"async\" data-id=\"4439\" src=\"https:\/\/www.jefwodniack.com\/wordpress\/wp-content\/uploads\/2022\/03\/Vagan_22-03-04_15-20-40_019.jpg\" alt=\"Iles Lofotens\" class=\"wp-image-4439\"\/><\/a><\/figure>\n<figcaption class=\"blocks-gallery-caption wp-element-caption\">Dans les \u00eeles Lofoten<\/figcaption><\/figure>\n","protected":false},"excerpt":{"rendered":"<p>Norv\u00e8ge: Fin d\u2019hiver dans les \u00eeles Lofoten. En ce d\u00e9but mars l\u2019hiver touche \u00e0 sa fin dans les \u00eeles Lofotens, la neige et la glace sont encore bien l\u00e0. Et les paysages sont \u00e9clair\u00e9s par la douce lumi\u00e8re d\u2019un soleil bor\u00e9al.<\/p>\n","protected":false},"author":1,"featured_media":5136,"comment_status":"open","ping_status":"open","sticky":false,"template":"","format":"standard","meta":{"_monsterinsights_skip_tracking":false,"_monsterinsights_sitenote_active":false,"_monsterinsights_sitenote_note":"","_monsterinsights_sitenote_category":0,"ocean_post_layout":"","ocean_both_sidebars_style":"","ocean_both_sidebars_content_width":0,"ocean_both_sidebars_sidebars_width":0,"ocean_sidebar":"0","ocean_second_sidebar":"0","ocean_disable_margins":"enable","ocean_add_body_class":"","ocean_shortcode_before_top_bar":"","ocean_shortcode_after_top_bar":"","ocean_shortcode_before_header":"","ocean_shortcode_after_header":"","ocean_has_shortcode":"","ocean_shortcode_after_title":"","ocean_shortcode_before_footer_widgets":"","ocean_shortcode_after_footer_widgets":"","ocean_shortcode_before_footer_bottom":"","ocean_shortcode_after_footer_bottom":"","ocean_display_top_bar":"default","ocean_display_header":"default","ocean_header_style":"","ocean_center_header_left_menu":"0","ocean_custom_header_template":"0","ocean_custom_logo":0,"ocean_custom_retina_logo":0,"ocean_custom_logo_max_width":0,"ocean_custom_logo_tablet_max_width":0,"ocean_custom_logo_mobile_max_width":0,"ocean_custom_logo_max_height":0,"ocean_custom_logo_tablet_max_height":0,"ocean_custom_logo_mobile_max_height":0,"ocean_header_custom_menu":"0","ocean_menu_typo_font_family":"0","ocean_menu_typo_font_subset":"","ocean_menu_typo_font_size":0,"ocean_menu_typo_font_size_tablet":0,"ocean_menu_typo_font_size_mobile":0,"ocean_menu_typo_font_size_unit":"px","ocean_menu_typo_font_weight":"","ocean_menu_typo_font_weight_tablet":"","ocean_menu_typo_font_weight_mobile":"","ocean_menu_typo_transform":"","ocean_menu_typo_transform_tablet":"","ocean_menu_typo_transform_mobile":"","ocean_menu_typo_line_height":0,"ocean_menu_typo_line_height_tablet":0,"ocean_menu_typo_line_height_mobile":0,"ocean_menu_typo_line_height_unit":"","ocean_menu_typo_spacing":0,"ocean_menu_typo_spacing_tablet":0,"ocean_menu_typo_spacing_mobile":0,"ocean_menu_typo_spacing_unit":"","ocean_menu_link_color":"","ocean_menu_link_color_hover":"","ocean_menu_link_color_active":"","ocean_menu_link_background":"","ocean_menu_link_hover_background":"","ocean_menu_link_active_background":"","ocean_menu_social_links_bg":"","ocean_menu_social_hover_links_bg":"","ocean_menu_social_links_color":"","ocean_menu_social_hover_links_color":"","ocean_disable_title":"default","ocean_disable_heading":"default","ocean_post_title":"","ocean_post_subheading":"","ocean_post_title_style":"","ocean_post_title_background_color":"","ocean_post_title_background":0,"ocean_post_title_bg_image_position":"","ocean_post_title_bg_image_attachment":"","ocean_post_title_bg_image_repeat":"","ocean_post_title_bg_image_size":"","ocean_post_title_height":0,"ocean_post_title_bg_overlay":0.5,"ocean_post_title_bg_overlay_color":"","ocean_disable_breadcrumbs":"default","ocean_breadcrumbs_color":"","ocean_breadcrumbs_separator_color":"","ocean_breadcrumbs_links_color":"","ocean_breadcrumbs_links_hover_color":"","ocean_display_footer_widgets":"default","ocean_display_footer_bottom":"default","ocean_custom_footer_template":"0","ocean_post_oembed":"","ocean_post_self_hosted_media":"","ocean_post_video_embed":"","ocean_link_format":"","ocean_link_format_target":"self","ocean_quote_format":"","ocean_quote_format_link":"post","ocean_gallery_link_images":"off","ocean_gallery_id":[],"footnotes":""},"categories":[131,35],"tags":[],"class_list":["post-4435","post","type-post","status-publish","format-standard","has-post-thumbnail","hentry","category-lofoten","category-norvege","entry","has-media"],"yoast_head":"<!-- This site is optimized with the Yoast SEO plugin v25.3 - https:\/\/yoast.com\/wordpress\/plugins\/seo\/ -->\n<title>Norv\u00e8ge: Fin d\u2019hiver dans les \u00eeles Lofoten. - Jef Wodniack Photos<\/title>\n<meta name=\"description\" content=\"Norv\u00e8ge: Fin d\u2019hiver dans les \u00eeles Lofoten. En ce d\u00e9but mars l\u2019hiver touche \u00e0 sa fin dans les \u00eeles Lofotens.\" \/>\n<meta name=\"robots\" content=\"index, follow, max-snippet:-1, max-image-preview:large, max-video-preview:-1\" \/>\n<link rel=\"canonical\" href=\"https:\/\/www.jefwodniack.com\/wordpress\/2022\/03\/03\/norvege-fin-dhiver-dans-les-iles-lofoten\/\" \/>\n<meta property=\"og:locale\" content=\"fr_FR\" \/>\n<meta property=\"og:type\" content=\"article\" \/>\n<meta property=\"og:title\" content=\"Norv\u00e8ge: Fin d\u2019hiver dans les \u00eeles Lofoten.\" \/>\n<meta property=\"og:description\" content=\"En ce d\u00e9but mars l\u2019hiver touche \u00e0 sa fin dans les \u00eeles Lofotens, la neige et la glace sont encore bien l\u00e0. Et les paysages sont \u00e9clair\u00e9s par la douce lumi\u00e8re d\u2019un soleil bor\u00e9al.\" \/>\n<meta property=\"og:url\" content=\"https:\/\/www.jefwodniack.com\/wordpress\/2022\/03\/03\/norvege-fin-dhiver-dans-les-iles-lofoten\/\" \/>\n<meta property=\"og:site_name\" content=\"Jef Wodniack Photos\" \/>\n<meta property=\"article:publisher\" content=\"https:\/\/www.facebook.com\/Jef.Wodniack.Medias\" \/>\n<meta property=\"article:published_time\" content=\"2022-03-03T14:29:00+00:00\" \/>\n<meta property=\"article:modified_time\" content=\"2023-05-08T15:43:03+00:00\" \/>\n<meta property=\"og:image\" content=\"https:\/\/www.jefwodniack.com\/wordpress\/wp-content\/uploads\/2022\/03\/Svolvaer_22-02-25_15-46-08_003.jpg\" \/>\n\t<meta property=\"og:image:width\" content=\"900\" \/>\n\t<meta property=\"og:image:height\" content=\"600\" \/>\n\t<meta property=\"og:image:type\" content=\"image\/jpeg\" \/>\n<meta name=\"author\" content=\"jefwod\" \/>\n<meta name=\"twitter:card\" content=\"summary_large_image\" \/>\n<meta name=\"twitter:title\" content=\"Norv\u00e8ge: Fin d\u2019hiver dans les \u00eeles Lofoten.\" \/>\n<meta name=\"twitter:description\" content=\"En ce d\u00e9but mars l\u2019hiver touche \u00e0 sa fin dans les \u00eeles Lofotens, la neige et la glace sont encore bien l\u00e0. Et les paysages sont \u00e9clair\u00e9s par la douce lumi\u00e8re d\u2019un soleil bor\u00e9al.Iles LofotensIles LofotensIles LofotensIles Lofotens\" \/>\n<meta name=\"twitter:image\" content=\"https:\/\/www.jefwodniack.com\/wordpress\/wp-content\/uploads\/2022\/03\/Svolvaer_22-02-25_15-46-08_003.jpg\" \/>\n<meta name=\"twitter:label1\" content=\"\u00c9crit par\" \/>\n\t<meta name=\"twitter:data1\" content=\"jefwod\" \/>\n\t<meta name=\"twitter:label2\" content=\"Dur\u00e9e de lecture estim\u00e9e\" \/>\n\t<meta name=\"twitter:data2\" content=\"3 minutes\" \/>\n<script type=\"application\/ld+json\" class=\"yoast-schema-graph\">{\"@context\":\"https:\/\/schema.org\",\"@graph\":[{\"@type\":\"Article\",\"@id\":\"https:\/\/www.jefwodniack.com\/wordpress\/2022\/03\/03\/norvege-fin-dhiver-dans-les-iles-lofoten\/#article\",\"isPartOf\":{\"@id\":\"https:\/\/www.jefwodniack.com\/wordpress\/2022\/03\/03\/norvege-fin-dhiver-dans-les-iles-lofoten\/\"},\"author\":{\"name\":\"jefwod\",\"@id\":\"https:\/\/www.jefwodniack.com\/wordpress\/#\/schema\/person\/1e958c3c01e23d2814def6954b79c4c8\"},\"headline\":\"Norv\u00e8ge: Fin d\u2019hiver dans les \u00eeles Lofoten.\",\"datePublished\":\"2022-03-03T14:29:00+00:00\",\"dateModified\":\"2023-05-08T15:43:03+00:00\",\"mainEntityOfPage\":{\"@id\":\"https:\/\/www.jefwodniack.com\/wordpress\/2022\/03\/03\/norvege-fin-dhiver-dans-les-iles-lofoten\/\"},\"wordCount\":81,\"commentCount\":0,\"publisher\":{\"@id\":\"https:\/\/www.jefwodniack.com\/wordpress\/#organization\"},\"image\":{\"@id\":\"https:\/\/www.jefwodniack.com\/wordpress\/2022\/03\/03\/norvege-fin-dhiver-dans-les-iles-lofoten\/#primaryimage\"},\"thumbnailUrl\":\"https:\/\/www.jefwodniack.com\/wordpress\/wp-content\/uploads\/2022\/03\/Svolvaer_22-02-25_16-47-04_007.jpg\",\"articleSection\":[\"Lofoten\",\"Norv\u00e8ge\"],\"inLanguage\":\"fr-FR\",\"potentialAction\":[{\"@type\":\"CommentAction\",\"name\":\"Comment\",\"target\":[\"https:\/\/www.jefwodniack.com\/wordpress\/2022\/03\/03\/norvege-fin-dhiver-dans-les-iles-lofoten\/#respond\"]}]},{\"@type\":\"WebPage\",\"@id\":\"https:\/\/www.jefwodniack.com\/wordpress\/2022\/03\/03\/norvege-fin-dhiver-dans-les-iles-lofoten\/\",\"url\":\"https:\/\/www.jefwodniack.com\/wordpress\/2022\/03\/03\/norvege-fin-dhiver-dans-les-iles-lofoten\/\",\"name\":\"Norv\u00e8ge: Fin d\u2019hiver dans les \u00eeles Lofoten. - Jef Wodniack Photos\",\"isPartOf\":{\"@id\":\"https:\/\/www.jefwodniack.com\/wordpress\/#website\"},\"primaryImageOfPage\":{\"@id\":\"https:\/\/www.jefwodniack.com\/wordpress\/2022\/03\/03\/norvege-fin-dhiver-dans-les-iles-lofoten\/#primaryimage\"},\"image\":{\"@id\":\"https:\/\/www.jefwodniack.com\/wordpress\/2022\/03\/03\/norvege-fin-dhiver-dans-les-iles-lofoten\/#primaryimage\"},\"thumbnailUrl\":\"https:\/\/www.jefwodniack.com\/wordpress\/wp-content\/uploads\/2022\/03\/Svolvaer_22-02-25_16-47-04_007.jpg\",\"datePublished\":\"2022-03-03T14:29:00+00:00\",\"dateModified\":\"2023-05-08T15:43:03+00:00\",\"description\":\"Norv\u00e8ge: Fin d\u2019hiver dans les \u00eeles Lofoten. En ce d\u00e9but mars l\u2019hiver touche \u00e0 sa fin dans les \u00eeles Lofotens.\",\"breadcrumb\":{\"@id\":\"https:\/\/www.jefwodniack.com\/wordpress\/2022\/03\/03\/norvege-fin-dhiver-dans-les-iles-lofoten\/#breadcrumb\"},\"inLanguage\":\"fr-FR\",\"potentialAction\":[{\"@type\":\"ReadAction\",\"target\":[\"https:\/\/www.jefwodniack.com\/wordpress\/2022\/03\/03\/norvege-fin-dhiver-dans-les-iles-lofoten\/\"]}]},{\"@type\":\"ImageObject\",\"inLanguage\":\"fr-FR\",\"@id\":\"https:\/\/www.jefwodniack.com\/wordpress\/2022\/03\/03\/norvege-fin-dhiver-dans-les-iles-lofoten\/#primaryimage\",\"url\":\"https:\/\/www.jefwodniack.com\/wordpress\/wp-content\/uploads\/2022\/03\/Svolvaer_22-02-25_16-47-04_007.jpg\",\"contentUrl\":\"https:\/\/www.jefwodniack.com\/wordpress\/wp-content\/uploads\/2022\/03\/Svolvaer_22-02-25_16-47-04_007.jpg\",\"width\":900,\"height\":600},{\"@type\":\"BreadcrumbList\",\"@id\":\"https:\/\/www.jefwodniack.com\/wordpress\/2022\/03\/03\/norvege-fin-dhiver-dans-les-iles-lofoten\/#breadcrumb\",\"itemListElement\":[{\"@type\":\"ListItem\",\"position\":1,\"name\":\"Accueil\",\"item\":\"https:\/\/www.jefwodniack.com\/wordpress\/\"},{\"@type\":\"ListItem\",\"position\":2,\"name\":\"Norv\u00e8ge: Fin d\u2019hiver dans les \u00eeles Lofoten.\"}]},{\"@type\":\"WebSite\",\"@id\":\"https:\/\/www.jefwodniack.com\/wordpress\/#website\",\"url\":\"https:\/\/www.jefwodniack.com\/wordpress\/\",\"name\":\"Jef Wodniack Photos\",\"description\":\"Journal d&#039;un photographe voyageur.\",\"publisher\":{\"@id\":\"https:\/\/www.jefwodniack.com\/wordpress\/#organization\"},\"potentialAction\":[{\"@type\":\"SearchAction\",\"target\":{\"@type\":\"EntryPoint\",\"urlTemplate\":\"https:\/\/www.jefwodniack.com\/wordpress\/?s={search_term_string}\"},\"query-input\":{\"@type\":\"PropertyValueSpecification\",\"valueRequired\":true,\"valueName\":\"search_term_string\"}}],\"inLanguage\":\"fr-FR\"},{\"@type\":\"Organization\",\"@id\":\"https:\/\/www.jefwodniack.com\/wordpress\/#organization\",\"name\":\"Jef Wodniack Photos\",\"url\":\"https:\/\/www.jefwodniack.com\/wordpress\/\",\"logo\":{\"@type\":\"ImageObject\",\"inLanguage\":\"fr-FR\",\"@id\":\"https:\/\/www.jefwodniack.com\/wordpress\/#\/schema\/logo\/image\/\",\"url\":\"https:\/\/www.jefwodniack.com\/wordpress\/wp-content\/uploads\/2023\/02\/logo3.png\",\"contentUrl\":\"https:\/\/www.jefwodniack.com\/wordpress\/wp-content\/uploads\/2023\/02\/logo3.png\",\"width\":200,\"height\":50,\"caption\":\"Jef Wodniack Photos\"},\"image\":{\"@id\":\"https:\/\/www.jefwodniack.com\/wordpress\/#\/schema\/logo\/image\/\"},\"sameAs\":[\"https:\/\/www.facebook.com\/Jef.Wodniack.Medias\",\"https:\/\/www.instagram.com\/jefwod\/?hl=fr\",\"https:\/\/www.youtube.com\/channel\/UCzaIaufhblVb5WL43_cocIQ\"]},{\"@type\":\"Person\",\"@id\":\"https:\/\/www.jefwodniack.com\/wordpress\/#\/schema\/person\/1e958c3c01e23d2814def6954b79c4c8\",\"name\":\"jefwod\",\"image\":{\"@type\":\"ImageObject\",\"inLanguage\":\"fr-FR\",\"@id\":\"https:\/\/www.jefwodniack.com\/wordpress\/#\/schema\/person\/image\/\",\"url\":\"https:\/\/secure.gravatar.com\/avatar\/ce8c32675ac09e522a268b56dfb1f2d3702dac1452e92ae9d46a6c81d0623577?s=96&d=blank&r=g\",\"contentUrl\":\"https:\/\/secure.gravatar.com\/avatar\/ce8c32675ac09e522a268b56dfb1f2d3702dac1452e92ae9d46a6c81d0623577?s=96&d=blank&r=g\",\"caption\":\"jefwod\"},\"sameAs\":[\"https:\/\/www.jefwodniack.com\/wordpress\"]}]}<\/script>\n<!-- \/ Yoast SEO plugin. -->","yoast_head_json":{"title":"Norv\u00e8ge: Fin d\u2019hiver dans les \u00eeles Lofoten. - Jef Wodniack Photos","description":"Norv\u00e8ge: Fin d\u2019hiver dans les \u00eeles Lofoten. En ce d\u00e9but mars l\u2019hiver touche \u00e0 sa fin dans les \u00eeles Lofotens.","robots":{"index":"index","follow":"follow","max-snippet":"max-snippet:-1","max-image-preview":"max-image-preview:large","max-video-preview":"max-video-preview:-1"},"canonical":"https:\/\/www.jefwodniack.com\/wordpress\/2022\/03\/03\/norvege-fin-dhiver-dans-les-iles-lofoten\/","og_locale":"fr_FR","og_type":"article","og_title":"Norv\u00e8ge: Fin d\u2019hiver dans les \u00eeles Lofoten.","og_description":"En ce d\u00e9but mars l\u2019hiver touche \u00e0 sa fin dans les \u00eeles Lofotens, la neige et la glace sont encore bien l\u00e0. Et les paysages sont \u00e9clair\u00e9s par la douce lumi\u00e8re d\u2019un soleil bor\u00e9al.","og_url":"https:\/\/www.jefwodniack.com\/wordpress\/2022\/03\/03\/norvege-fin-dhiver-dans-les-iles-lofoten\/","og_site_name":"Jef Wodniack Photos","article_publisher":"https:\/\/www.facebook.com\/Jef.Wodniack.Medias","article_published_time":"2022-03-03T14:29:00+00:00","article_modified_time":"2023-05-08T15:43:03+00:00","og_image":[{"width":900,"height":600,"url":"https:\/\/www.jefwodniack.com\/wordpress\/wp-content\/uploads\/2022\/03\/Svolvaer_22-02-25_15-46-08_003.jpg","type":"image\/jpeg"}],"author":"jefwod","twitter_card":"summary_large_image","twitter_title":"Norv\u00e8ge: Fin d\u2019hiver dans les \u00eeles Lofoten.","twitter_description":"En ce d\u00e9but mars l\u2019hiver touche \u00e0 sa fin dans les \u00eeles Lofotens, la neige et la glace sont encore bien l\u00e0. Et les paysages sont \u00e9clair\u00e9s par la douce lumi\u00e8re d\u2019un soleil bor\u00e9al.Iles LofotensIles LofotensIles LofotensIles Lofotens","twitter_image":"https:\/\/www.jefwodniack.com\/wordpress\/wp-content\/uploads\/2022\/03\/Svolvaer_22-02-25_15-46-08_003.jpg","twitter_misc":{"\u00c9crit par":"jefwod","Dur\u00e9e de lecture estim\u00e9e":"3 minutes"},"schema":{"@context":"https:\/\/schema.org","@graph":[{"@type":"Article","@id":"https:\/\/www.jefwodniack.com\/wordpress\/2022\/03\/03\/norvege-fin-dhiver-dans-les-iles-lofoten\/#article","isPartOf":{"@id":"https:\/\/www.jefwodniack.com\/wordpress\/2022\/03\/03\/norvege-fin-dhiver-dans-les-iles-lofoten\/"},"author":{"name":"jefwod","@id":"https:\/\/www.jefwodniack.com\/wordpress\/#\/schema\/person\/1e958c3c01e23d2814def6954b79c4c8"},"headline":"Norv\u00e8ge: Fin d\u2019hiver dans les \u00eeles Lofoten.","datePublished":"2022-03-03T14:29:00+00:00","dateModified":"2023-05-08T15:43:03+00:00","mainEntityOfPage":{"@id":"https:\/\/www.jefwodniack.com\/wordpress\/2022\/03\/03\/norvege-fin-dhiver-dans-les-iles-lofoten\/"},"wordCount":81,"commentCount":0,"publisher":{"@id":"https:\/\/www.jefwodniack.com\/wordpress\/#organization"},"image":{"@id":"https:\/\/www.jefwodniack.com\/wordpress\/2022\/03\/03\/norvege-fin-dhiver-dans-les-iles-lofoten\/#primaryimage"},"thumbnailUrl":"https:\/\/www.jefwodniack.com\/wordpress\/wp-content\/uploads\/2022\/03\/Svolvaer_22-02-25_16-47-04_007.jpg","articleSection":["Lofoten","Norv\u00e8ge"],"inLanguage":"fr-FR","potentialAction":[{"@type":"CommentAction","name":"Comment","target":["https:\/\/www.jefwodniack.com\/wordpress\/2022\/03\/03\/norvege-fin-dhiver-dans-les-iles-lofoten\/#respond"]}]},{"@type":"WebPage","@id":"https:\/\/www.jefwodniack.com\/wordpress\/2022\/03\/03\/norvege-fin-dhiver-dans-les-iles-lofoten\/","url":"https:\/\/www.jefwodniack.com\/wordpress\/2022\/03\/03\/norvege-fin-dhiver-dans-les-iles-lofoten\/","name":"Norv\u00e8ge: Fin d\u2019hiver dans les \u00eeles Lofoten. - Jef Wodniack Photos","isPartOf":{"@id":"https:\/\/www.jefwodniack.com\/wordpress\/#website"},"primaryImageOfPage":{"@id":"https:\/\/www.jefwodniack.com\/wordpress\/2022\/03\/03\/norvege-fin-dhiver-dans-les-iles-lofoten\/#primaryimage"},"image":{"@id":"https:\/\/www.jefwodniack.com\/wordpress\/2022\/03\/03\/norvege-fin-dhiver-dans-les-iles-lofoten\/#primaryimage"},"thumbnailUrl":"https:\/\/www.jefwodniack.com\/wordpress\/wp-content\/uploads\/2022\/03\/Svolvaer_22-02-25_16-47-04_007.jpg","datePublished":"2022-03-03T14:29:00+00:00","dateModified":"2023-05-08T15:43:03+00:00","description":"Norv\u00e8ge: Fin d\u2019hiver dans les \u00eeles Lofoten. En ce d\u00e9but mars l\u2019hiver touche \u00e0 sa fin dans les \u00eeles Lofotens.","breadcrumb":{"@id":"https:\/\/www.jefwodniack.com\/wordpress\/2022\/03\/03\/norvege-fin-dhiver-dans-les-iles-lofoten\/#breadcrumb"},"inLanguage":"fr-FR","potentialAction":[{"@type":"ReadAction","target":["https:\/\/www.jefwodniack.com\/wordpress\/2022\/03\/03\/norvege-fin-dhiver-dans-les-iles-lofoten\/"]}]},{"@type":"ImageObject","inLanguage":"fr-FR","@id":"https:\/\/www.jefwodniack.com\/wordpress\/2022\/03\/03\/norvege-fin-dhiver-dans-les-iles-lofoten\/#primaryimage","url":"https:\/\/www.jefwodniack.com\/wordpress\/wp-content\/uploads\/2022\/03\/Svolvaer_22-02-25_16-47-04_007.jpg","contentUrl":"https:\/\/www.jefwodniack.com\/wordpress\/wp-content\/uploads\/2022\/03\/Svolvaer_22-02-25_16-47-04_007.jpg","width":900,"height":600},{"@type":"BreadcrumbList","@id":"https:\/\/www.jefwodniack.com\/wordpress\/2022\/03\/03\/norvege-fin-dhiver-dans-les-iles-lofoten\/#breadcrumb","itemListElement":[{"@type":"ListItem","position":1,"name":"Accueil","item":"https:\/\/www.jefwodniack.com\/wordpress\/"},{"@type":"ListItem","position":2,"name":"Norv\u00e8ge: Fin d\u2019hiver dans les \u00eeles Lofoten."}]},{"@type":"WebSite","@id":"https:\/\/www.jefwodniack.com\/wordpress\/#website","url":"https:\/\/www.jefwodniack.com\/wordpress\/","name":"Jef Wodniack Photos","description":"Journal d&#039;un photographe voyageur.","publisher":{"@id":"https:\/\/www.jefwodniack.com\/wordpress\/#organization"},"potentialAction":[{"@type":"SearchAction","target":{"@type":"EntryPoint","urlTemplate":"https:\/\/www.jefwodniack.com\/wordpress\/?s={search_term_string}"},"query-input":{"@type":"PropertyValueSpecification","valueRequired":true,"valueName":"search_term_string"}}],"inLanguage":"fr-FR"},{"@type":"Organization","@id":"https:\/\/www.jefwodniack.com\/wordpress\/#organization","name":"Jef Wodniack Photos","url":"https:\/\/www.jefwodniack.com\/wordpress\/","logo":{"@type":"ImageObject","inLanguage":"fr-FR","@id":"https:\/\/www.jefwodniack.com\/wordpress\/#\/schema\/logo\/image\/","url":"https:\/\/www.jefwodniack.com\/wordpress\/wp-content\/uploads\/2023\/02\/logo3.png","contentUrl":"https:\/\/www.jefwodniack.com\/wordpress\/wp-content\/uploads\/2023\/02\/logo3.png","width":200,"height":50,"caption":"Jef Wodniack Photos"},"image":{"@id":"https:\/\/www.jefwodniack.com\/wordpress\/#\/schema\/logo\/image\/"},"sameAs":["https:\/\/www.facebook.com\/Jef.Wodniack.Medias","https:\/\/www.instagram.com\/jefwod\/?hl=fr","https:\/\/www.youtube.com\/channel\/UCzaIaufhblVb5WL43_cocIQ"]},{"@type":"Person","@id":"https:\/\/www.jefwodniack.com\/wordpress\/#\/schema\/person\/1e958c3c01e23d2814def6954b79c4c8","name":"jefwod","image":{"@type":"ImageObject","inLanguage":"fr-FR","@id":"https:\/\/www.jefwodniack.com\/wordpress\/#\/schema\/person\/image\/","url":"https:\/\/secure.gravatar.com\/avatar\/ce8c32675ac09e522a268b56dfb1f2d3702dac1452e92ae9d46a6c81d0623577?s=96&d=blank&r=g","contentUrl":"https:\/\/secure.gravatar.com\/avatar\/ce8c32675ac09e522a268b56dfb1f2d3702dac1452e92ae9d46a6c81d0623577?s=96&d=blank&r=g","caption":"jefwod"},"sameAs":["https:\/\/www.jefwodniack.com\/wordpress"]}]}},"_links":{"self":[{"href":"https:\/\/www.jefwodniack.com\/wordpress\/wp-json\/wp\/v2\/posts\/4435","targetHints":{"allow":["GET"]}}],"collection":[{"href":"https:\/\/www.jefwodniack.com\/wordpress\/wp-json\/wp\/v2\/posts"}],"about":[{"href":"https:\/\/www.jefwodniack.com\/wordpress\/wp-json\/wp\/v2\/types\/post"}],"author":[{"embeddable":true,"href":"https:\/\/www.jefwodniack.com\/wordpress\/wp-json\/wp\/v2\/users\/1"}],"replies":[{"embeddable":true,"href":"https:\/\/www.jefwodniack.com\/wordpress\/wp-json\/wp\/v2\/comments?post=4435"}],"version-history":[{"count":4,"href":"https:\/\/www.jefwodniack.com\/wordpress\/wp-json\/wp\/v2\/posts\/4435\/revisions"}],"predecessor-version":[{"id":7135,"href":"https:\/\/www.jefwodniack.com\/wordpress\/wp-json\/wp\/v2\/posts\/4435\/revisions\/7135"}],"wp:featuredmedia":[{"embeddable":true,"href":"https:\/\/www.jefwodniack.com\/wordpress\/wp-json\/wp\/v2\/media\/5136"}],"wp:attachment":[{"href":"https:\/\/www.jefwodniack.com\/wordpress\/wp-json\/wp\/v2\/media?parent=4435"}],"wp:term":[{"taxonomy":"category","embeddable":true,"href":"https:\/\/www.jefwodniack.com\/wordpress\/wp-json\/wp\/v2\/categories?post=4435"},{"taxonomy":"post_tag","embeddable":true,"href":"https:\/\/www.jefwodniack.com\/wordpress\/wp-json\/wp\/v2\/tags?post=4435"}],"curies":[{"name":"wp","href":"https:\/\/api.w.org\/{rel}","templated":true}]}}