{"id":3750,"date":"2019-12-15T15:48:49","date_gmt":"2019-12-15T14:48:49","guid":{"rendered":"http:\/\/www.jefwodniack.com\/wordpress\/?p=3750"},"modified":"2023-02-27T11:57:29","modified_gmt":"2023-02-27T10:57:29","slug":"chili-geologie-a-atacama","status":"publish","type":"post","link":"https:\/\/www.jefwodniack.com\/wordpress\/2019\/12\/15\/chili-geologie-a-atacama\/","title":{"rendered":"Chili: G\u00e9ologie \u00e0 Atacama"},"content":{"rendered":"\n<h2 class=\"wp-block-heading\">Chili: G\u00e9ologie \u00e0 Atacama<\/h2>\n\n\n\n<h3 class=\"wp-block-heading\">La <a href=\"https:\/\/fr.wikipedia.org\/wiki\/R%C3%A9gion_d%27Atacama\" target=\"_blank\" rel=\"noreferrer noopener\">r\u00e9gion d\u2019Atacama<\/a> est situ\u00e9e en partie dans le nord du chili. C\u2019est une zone d\u00e9sertique dont la formation la plus connues est le <a href=\"https:\/\/fr.wikipedia.org\/wiki\/D%C3%A9sert_d%27Atacama\" target=\"_blank\" rel=\"noreferrer noopener\">d\u00e9sert d\u2019Atacama<\/a>. Dans \u00a0la r\u00e9gion de <a href=\"https:\/\/fr.wikipedia.org\/wiki\/San_Pedro_de_Atacama\" target=\"_blank\" rel=\"noreferrer noopener\">San Pedro d\u2019Atacama<\/a> \u00a0il y a des vall\u00e9es arides \u00e0 la g\u00e9ologie \u00e9tonnante.<\/h3>\n\n\n\n<figure class=\"wp-block-gallery has-nested-images columns-3 is-cropped wp-block-gallery-1 is-layout-flex wp-block-gallery-is-layout-flex\">\n<figure class=\"wp-block-image size-large\"><a href=\"https:\/\/www.jefwodniack.com\/wordpress\/wp-content\/uploads\/2019\/12\/San-Pedro-valle-de-luna_19-10-31_14-22-58_024.jpg\"><img fetchpriority=\"high\" decoding=\"async\" width=\"900\" height=\"600\" data-id=\"3762\" src=\"https:\/\/www.jefwodniack.com\/wordpress\/wp-content\/uploads\/2019\/12\/San-Pedro-valle-de-luna_19-10-31_14-22-58_024.jpg\" alt=\"\" class=\"wp-image-3762\" srcset=\"https:\/\/www.jefwodniack.com\/wordpress\/wp-content\/uploads\/2019\/12\/San-Pedro-valle-de-luna_19-10-31_14-22-58_024.jpg 900w, https:\/\/www.jefwodniack.com\/wordpress\/wp-content\/uploads\/2019\/12\/San-Pedro-valle-de-luna_19-10-31_14-22-58_024-800x533.jpg 800w, https:\/\/www.jefwodniack.com\/wordpress\/wp-content\/uploads\/2019\/12\/San-Pedro-valle-de-luna_19-10-31_14-22-58_024-768x512.jpg 768w\" sizes=\"(max-width: 900px) 100vw, 900px\" \/><\/a><figcaption class=\"wp-element-caption\">Atacama Vall\u00e9e de la Luna<\/figcaption><\/figure>\n\n\n\n<figure class=\"wp-block-image size-large\"><a href=\"https:\/\/www.jefwodniack.com\/wordpress\/wp-content\/uploads\/2019\/12\/San-Pedro-valle-de-luna_19-10-31_14-11-43_021.jpg\"><img decoding=\"async\" width=\"900\" height=\"450\" data-id=\"3761\" src=\"https:\/\/www.jefwodniack.com\/wordpress\/wp-content\/uploads\/2019\/12\/San-Pedro-valle-de-luna_19-10-31_14-11-43_021.jpg\" alt=\"\" class=\"wp-image-3761\" srcset=\"https:\/\/www.jefwodniack.com\/wordpress\/wp-content\/uploads\/2019\/12\/San-Pedro-valle-de-luna_19-10-31_14-11-43_021.jpg 900w, https:\/\/www.jefwodniack.com\/wordpress\/wp-content\/uploads\/2019\/12\/San-Pedro-valle-de-luna_19-10-31_14-11-43_021-800x400.jpg 800w, https:\/\/www.jefwodniack.com\/wordpress\/wp-content\/uploads\/2019\/12\/San-Pedro-valle-de-luna_19-10-31_14-11-43_021-768x384.jpg 768w\" sizes=\"(max-width: 900px) 100vw, 900px\" \/><\/a><figcaption class=\"wp-element-caption\"> Atacama  Vall\u00e9e  de la Luna <\/figcaption><\/figure>\n\n\n\n<figure class=\"wp-block-image size-large\"><a href=\"https:\/\/www.jefwodniack.com\/wordpress\/wp-content\/uploads\/2019\/12\/San-Pedro-valle-de-luna_19-10-31_14-09-58_017.jpg\"><img decoding=\"async\" width=\"900\" height=\"600\" data-id=\"3760\" src=\"https:\/\/www.jefwodniack.com\/wordpress\/wp-content\/uploads\/2019\/12\/San-Pedro-valle-de-luna_19-10-31_14-09-58_017.jpg\" alt=\"\" class=\"wp-image-3760\" srcset=\"https:\/\/www.jefwodniack.com\/wordpress\/wp-content\/uploads\/2019\/12\/San-Pedro-valle-de-luna_19-10-31_14-09-58_017.jpg 900w, https:\/\/www.jefwodniack.com\/wordpress\/wp-content\/uploads\/2019\/12\/San-Pedro-valle-de-luna_19-10-31_14-09-58_017-800x533.jpg 800w, https:\/\/www.jefwodniack.com\/wordpress\/wp-content\/uploads\/2019\/12\/San-Pedro-valle-de-luna_19-10-31_14-09-58_017-768x512.jpg 768w\" sizes=\"(max-width: 900px) 100vw, 900px\" \/><\/a><figcaption class=\"wp-element-caption\"> Atacama  Vall\u00e9e  de la Luna <\/figcaption><\/figure>\n\n\n\n<figure class=\"wp-block-image size-large\"><a href=\"https:\/\/www.jefwodniack.com\/wordpress\/wp-content\/uploads\/2019\/12\/San-Pedro-valle-de-luna_19-10-31_14-09-11_016.jpg\"><img loading=\"lazy\" decoding=\"async\" width=\"900\" height=\"600\" data-id=\"3759\" src=\"https:\/\/www.jefwodniack.com\/wordpress\/wp-content\/uploads\/2019\/12\/San-Pedro-valle-de-luna_19-10-31_14-09-11_016.jpg\" alt=\"\" class=\"wp-image-3759\" srcset=\"https:\/\/www.jefwodniack.com\/wordpress\/wp-content\/uploads\/2019\/12\/San-Pedro-valle-de-luna_19-10-31_14-09-11_016.jpg 900w, https:\/\/www.jefwodniack.com\/wordpress\/wp-content\/uploads\/2019\/12\/San-Pedro-valle-de-luna_19-10-31_14-09-11_016-800x533.jpg 800w, https:\/\/www.jefwodniack.com\/wordpress\/wp-content\/uploads\/2019\/12\/San-Pedro-valle-de-luna_19-10-31_14-09-11_016-768x512.jpg 768w\" sizes=\"(max-width: 900px) 100vw, 900px\" \/><\/a><figcaption class=\"wp-element-caption\"> Atacama  Vall\u00e9e  de la Luna <\/figcaption><\/figure>\n\n\n\n<figure class=\"wp-block-image size-large\"><a href=\"https:\/\/www.jefwodniack.com\/wordpress\/wp-content\/uploads\/2019\/12\/San-Pedro-valle-de-luna_19-10-31_14-05-59_013.jpg\"><img loading=\"lazy\" decoding=\"async\" width=\"900\" height=\"600\" data-id=\"3758\" src=\"https:\/\/www.jefwodniack.com\/wordpress\/wp-content\/uploads\/2019\/12\/San-Pedro-valle-de-luna_19-10-31_14-05-59_013.jpg\" alt=\"\" class=\"wp-image-3758\" srcset=\"https:\/\/www.jefwodniack.com\/wordpress\/wp-content\/uploads\/2019\/12\/San-Pedro-valle-de-luna_19-10-31_14-05-59_013.jpg 900w, https:\/\/www.jefwodniack.com\/wordpress\/wp-content\/uploads\/2019\/12\/San-Pedro-valle-de-luna_19-10-31_14-05-59_013-800x533.jpg 800w, https:\/\/www.jefwodniack.com\/wordpress\/wp-content\/uploads\/2019\/12\/San-Pedro-valle-de-luna_19-10-31_14-05-59_013-768x512.jpg 768w\" sizes=\"(max-width: 900px) 100vw, 900px\" \/><\/a><figcaption class=\"wp-element-caption\"> Atacama  Vall\u00e9e  de la Luna <\/figcaption><\/figure>\n\n\n\n<figure class=\"wp-block-image size-large\"><a href=\"https:\/\/www.jefwodniack.com\/wordpress\/wp-content\/uploads\/2019\/12\/San-Pedro-valle-de-luna_19-10-31_13-52-01_008.jpg\"><img loading=\"lazy\" decoding=\"async\" width=\"900\" height=\"600\" data-id=\"3757\" src=\"https:\/\/www.jefwodniack.com\/wordpress\/wp-content\/uploads\/2019\/12\/San-Pedro-valle-de-luna_19-10-31_13-52-01_008.jpg\" alt=\"\" class=\"wp-image-3757\" srcset=\"https:\/\/www.jefwodniack.com\/wordpress\/wp-content\/uploads\/2019\/12\/San-Pedro-valle-de-luna_19-10-31_13-52-01_008.jpg 900w, https:\/\/www.jefwodniack.com\/wordpress\/wp-content\/uploads\/2019\/12\/San-Pedro-valle-de-luna_19-10-31_13-52-01_008-800x533.jpg 800w, https:\/\/www.jefwodniack.com\/wordpress\/wp-content\/uploads\/2019\/12\/San-Pedro-valle-de-luna_19-10-31_13-52-01_008-768x512.jpg 768w\" sizes=\"(max-width: 900px) 100vw, 900px\" \/><\/a><figcaption class=\"wp-element-caption\"> Atacama  Vall\u00e9e  de la Luna <\/figcaption><\/figure>\n\n\n\n<figure class=\"wp-block-image size-large\"><a href=\"https:\/\/www.jefwodniack.com\/wordpress\/wp-content\/uploads\/2019\/12\/San-Pedro-valle-de-luna_19-10-31_13-22-48_007.jpg\"><img loading=\"lazy\" decoding=\"async\" width=\"900\" height=\"600\" data-id=\"3756\" src=\"https:\/\/www.jefwodniack.com\/wordpress\/wp-content\/uploads\/2019\/12\/San-Pedro-valle-de-luna_19-10-31_13-22-48_007.jpg\" alt=\"\" class=\"wp-image-3756\" srcset=\"https:\/\/www.jefwodniack.com\/wordpress\/wp-content\/uploads\/2019\/12\/San-Pedro-valle-de-luna_19-10-31_13-22-48_007.jpg 900w, https:\/\/www.jefwodniack.com\/wordpress\/wp-content\/uploads\/2019\/12\/San-Pedro-valle-de-luna_19-10-31_13-22-48_007-800x533.jpg 800w, https:\/\/www.jefwodniack.com\/wordpress\/wp-content\/uploads\/2019\/12\/San-Pedro-valle-de-luna_19-10-31_13-22-48_007-768x512.jpg 768w\" sizes=\"(max-width: 900px) 100vw, 900px\" \/><\/a><figcaption class=\"wp-element-caption\"> Atacama  Vall\u00e9e  de la Luna <\/figcaption><\/figure>\n\n\n\n<figure class=\"wp-block-image size-large\"><a href=\"https:\/\/www.jefwodniack.com\/wordpress\/wp-content\/uploads\/2019\/12\/Atacama-Valle-Arcoiris_19-11-02_11-39-42_002.jpg\"><img loading=\"lazy\" decoding=\"async\" width=\"900\" height=\"600\" data-id=\"3752\" src=\"https:\/\/www.jefwodniack.com\/wordpress\/wp-content\/uploads\/2019\/12\/Atacama-Valle-Arcoiris_19-11-02_11-39-42_002.jpg\" alt=\"\" class=\"wp-image-3752\" srcset=\"https:\/\/www.jefwodniack.com\/wordpress\/wp-content\/uploads\/2019\/12\/Atacama-Valle-Arcoiris_19-11-02_11-39-42_002.jpg 900w, https:\/\/www.jefwodniack.com\/wordpress\/wp-content\/uploads\/2019\/12\/Atacama-Valle-Arcoiris_19-11-02_11-39-42_002-800x533.jpg 800w, https:\/\/www.jefwodniack.com\/wordpress\/wp-content\/uploads\/2019\/12\/Atacama-Valle-Arcoiris_19-11-02_11-39-42_002-768x512.jpg 768w\" sizes=\"(max-width: 900px) 100vw, 900px\" \/><\/a><figcaption class=\"wp-element-caption\"> Atacama Vall\u00e9e Arcoiris<\/figcaption><\/figure>\n\n\n\n<figure class=\"wp-block-image size-large\"><a href=\"https:\/\/www.jefwodniack.com\/wordpress\/wp-content\/uploads\/2019\/12\/Atacama-Valle-Arcoiris_19-11-02_12-07-24_018.jpg\"><img loading=\"lazy\" decoding=\"async\" width=\"900\" height=\"600\" data-id=\"3753\" src=\"https:\/\/www.jefwodniack.com\/wordpress\/wp-content\/uploads\/2019\/12\/Atacama-Valle-Arcoiris_19-11-02_12-07-24_018.jpg\" alt=\"\" class=\"wp-image-3753\" srcset=\"https:\/\/www.jefwodniack.com\/wordpress\/wp-content\/uploads\/2019\/12\/Atacama-Valle-Arcoiris_19-11-02_12-07-24_018.jpg 900w, https:\/\/www.jefwodniack.com\/wordpress\/wp-content\/uploads\/2019\/12\/Atacama-Valle-Arcoiris_19-11-02_12-07-24_018-800x533.jpg 800w, https:\/\/www.jefwodniack.com\/wordpress\/wp-content\/uploads\/2019\/12\/Atacama-Valle-Arcoiris_19-11-02_12-07-24_018-768x512.jpg 768w\" sizes=\"(max-width: 900px) 100vw, 900px\" \/><\/a><figcaption class=\"wp-element-caption\"> Atacama Vall\u00e9e Arcoiris <\/figcaption><\/figure>\n\n\n\n<figure class=\"wp-block-image size-large\"><a href=\"https:\/\/www.jefwodniack.com\/wordpress\/wp-content\/uploads\/2019\/12\/Atacama-Valle-Arcoiris_19-11-02_12-10-28_021.jpg\"><img loading=\"lazy\" decoding=\"async\" width=\"900\" height=\"600\" data-id=\"3754\" src=\"https:\/\/www.jefwodniack.com\/wordpress\/wp-content\/uploads\/2019\/12\/Atacama-Valle-Arcoiris_19-11-02_12-10-28_021.jpg\" alt=\"\" class=\"wp-image-3754\" srcset=\"https:\/\/www.jefwodniack.com\/wordpress\/wp-content\/uploads\/2019\/12\/Atacama-Valle-Arcoiris_19-11-02_12-10-28_021.jpg 900w, https:\/\/www.jefwodniack.com\/wordpress\/wp-content\/uploads\/2019\/12\/Atacama-Valle-Arcoiris_19-11-02_12-10-28_021-800x533.jpg 800w, https:\/\/www.jefwodniack.com\/wordpress\/wp-content\/uploads\/2019\/12\/Atacama-Valle-Arcoiris_19-11-02_12-10-28_021-768x512.jpg 768w\" sizes=\"(max-width: 900px) 100vw, 900px\" \/><\/a><figcaption class=\"wp-element-caption\"> Atacama Vall\u00e9e Arcoiris <\/figcaption><\/figure>\n\n\n\n<figure class=\"wp-block-image size-large\"><a href=\"https:\/\/www.jefwodniack.com\/wordpress\/wp-content\/uploads\/2019\/12\/Atacama-Valle-Arcoiris_19-11-02_13-00-43_027.jpg\"><img loading=\"lazy\" decoding=\"async\" width=\"900\" height=\"600\" data-id=\"3755\" src=\"https:\/\/www.jefwodniack.com\/wordpress\/wp-content\/uploads\/2019\/12\/Atacama-Valle-Arcoiris_19-11-02_13-00-43_027.jpg\" alt=\"\" class=\"wp-image-3755\" srcset=\"https:\/\/www.jefwodniack.com\/wordpress\/wp-content\/uploads\/2019\/12\/Atacama-Valle-Arcoiris_19-11-02_13-00-43_027.jpg 900w, https:\/\/www.jefwodniack.com\/wordpress\/wp-content\/uploads\/2019\/12\/Atacama-Valle-Arcoiris_19-11-02_13-00-43_027-800x533.jpg 800w, https:\/\/www.jefwodniack.com\/wordpress\/wp-content\/uploads\/2019\/12\/Atacama-Valle-Arcoiris_19-11-02_13-00-43_027-768x512.jpg 768w\" sizes=\"(max-width: 900px) 100vw, 900px\" \/><\/a><figcaption class=\"wp-element-caption\"> Atacama Vall\u00e9e Arcoiris <\/figcaption><\/figure>\n<\/figure>\n","protected":false},"excerpt":{"rendered":"<p>Chili: G\u00e9ologie \u00e0 Atacama La r\u00e9gion d\u2019Atacama est situ\u00e9e en partie dans le nord du chili. C\u2019est une zone d\u00e9sertique dont la formation la plus connues est le d\u00e9sert d\u2019Atacama. Dans \u00a0la r\u00e9gion de San Pedro d\u2019Atacama \u00a0il y a des vall\u00e9es arides \u00e0 la g\u00e9ologie \u00e9tonnante.<\/p>\n","protected":false},"author":1,"featured_media":3761,"comment_status":"open","ping_status":"open","sticky":false,"template":"","format":"standard","meta":{"_monsterinsights_skip_tracking":false,"_monsterinsights_sitenote_active":false,"_monsterinsights_sitenote_note":"","_monsterinsights_sitenote_category":0,"ocean_post_layout":"","ocean_both_sidebars_style":"","ocean_both_sidebars_content_width":0,"ocean_both_sidebars_sidebars_width":0,"ocean_sidebar":"0","ocean_second_sidebar":"0","ocean_disable_margins":"enable","ocean_add_body_class":"","ocean_shortcode_before_top_bar":"","ocean_shortcode_after_top_bar":"","ocean_shortcode_before_header":"","ocean_shortcode_after_header":"","ocean_has_shortcode":"","ocean_shortcode_after_title":"","ocean_shortcode_before_footer_widgets":"","ocean_shortcode_after_footer_widgets":"","ocean_shortcode_before_footer_bottom":"","ocean_shortcode_after_footer_bottom":"","ocean_display_top_bar":"default","ocean_display_header":"default","ocean_header_style":"","ocean_center_header_left_menu":"0","ocean_custom_header_template":"0","ocean_custom_logo":0,"ocean_custom_retina_logo":0,"ocean_custom_logo_max_width":0,"ocean_custom_logo_tablet_max_width":0,"ocean_custom_logo_mobile_max_width":0,"ocean_custom_logo_max_height":0,"ocean_custom_logo_tablet_max_height":0,"ocean_custom_logo_mobile_max_height":0,"ocean_header_custom_menu":"0","ocean_menu_typo_font_family":"0","ocean_menu_typo_font_subset":"","ocean_menu_typo_font_size":0,"ocean_menu_typo_font_size_tablet":0,"ocean_menu_typo_font_size_mobile":0,"ocean_menu_typo_font_size_unit":"px","ocean_menu_typo_font_weight":"","ocean_menu_typo_font_weight_tablet":"","ocean_menu_typo_font_weight_mobile":"","ocean_menu_typo_transform":"","ocean_menu_typo_transform_tablet":"","ocean_menu_typo_transform_mobile":"","ocean_menu_typo_line_height":0,"ocean_menu_typo_line_height_tablet":0,"ocean_menu_typo_line_height_mobile":0,"ocean_menu_typo_line_height_unit":"","ocean_menu_typo_spacing":0,"ocean_menu_typo_spacing_tablet":0,"ocean_menu_typo_spacing_mobile":0,"ocean_menu_typo_spacing_unit":"","ocean_menu_link_color":"","ocean_menu_link_color_hover":"","ocean_menu_link_color_active":"","ocean_menu_link_background":"","ocean_menu_link_hover_background":"","ocean_menu_link_active_background":"","ocean_menu_social_links_bg":"","ocean_menu_social_hover_links_bg":"","ocean_menu_social_links_color":"","ocean_menu_social_hover_links_color":"","ocean_disable_title":"default","ocean_disable_heading":"default","ocean_post_title":"","ocean_post_subheading":"","ocean_post_title_style":"","ocean_post_title_background_color":"","ocean_post_title_background":0,"ocean_post_title_bg_image_position":"","ocean_post_title_bg_image_attachment":"","ocean_post_title_bg_image_repeat":"","ocean_post_title_bg_image_size":"","ocean_post_title_height":0,"ocean_post_title_bg_overlay":0.5,"ocean_post_title_bg_overlay_color":"","ocean_disable_breadcrumbs":"default","ocean_breadcrumbs_color":"","ocean_breadcrumbs_separator_color":"","ocean_breadcrumbs_links_color":"","ocean_breadcrumbs_links_hover_color":"","ocean_display_footer_widgets":"default","ocean_display_footer_bottom":"default","ocean_custom_footer_template":"0","ocean_post_oembed":"","ocean_post_self_hosted_media":"","ocean_post_video_embed":"","ocean_link_format":"","ocean_link_format_target":"self","ocean_quote_format":"","ocean_quote_format_link":"post","ocean_gallery_link_images":"off","ocean_gallery_id":[],"footnotes":""},"categories":[33],"tags":[],"class_list":["post-3750","post","type-post","status-publish","format-standard","has-post-thumbnail","hentry","category-chili","entry","has-media"],"yoast_head":"<!-- This site is optimized with the Yoast SEO plugin v25.3 - https:\/\/yoast.com\/wordpress\/plugins\/seo\/ -->\n<title>Chili: G\u00e9ologie \u00e0 Atacama - Jef Wodniack Photos<\/title>\n<meta name=\"description\" content=\"La r\u00e9gion de San Pedro d\u2019Atacama est une zone d\u00e9sertique ou on peut visiter des vall\u00e9es avec une g\u00e9ologie \u00e9tonnante.\" \/>\n<meta name=\"robots\" content=\"index, follow, max-snippet:-1, max-image-preview:large, max-video-preview:-1\" \/>\n<link rel=\"canonical\" href=\"https:\/\/www.jefwodniack.com\/wordpress\/2019\/12\/15\/chili-geologie-a-atacama\/\" \/>\n<meta property=\"og:locale\" content=\"fr_FR\" \/>\n<meta property=\"og:type\" content=\"article\" \/>\n<meta property=\"og:title\" content=\"Chili: G\u00e9ologie \u00e0 Atacama\" \/>\n<meta property=\"og:description\" content=\"La r\u00e9gion de San Pedro d\u2019Atacama est une zone d\u00e9sertique ou on peut visiter des vall\u00e9es avec une g\u00e9ologie \u00e9tonnante.\" \/>\n<meta property=\"og:url\" content=\"https:\/\/www.jefwodniack.com\/wordpress\/2019\/12\/15\/chili-geologie-a-atacama\/\" \/>\n<meta property=\"og:site_name\" content=\"Jef Wodniack Photos\" \/>\n<meta property=\"article:publisher\" content=\"https:\/\/www.facebook.com\/Jef.Wodniack.Medias\" \/>\n<meta property=\"article:published_time\" content=\"2019-12-15T14:48:49+00:00\" \/>\n<meta property=\"article:modified_time\" content=\"2023-02-27T10:57:29+00:00\" \/>\n<meta property=\"og:image\" content=\"https:\/\/www.jefwodniack.com\/wordpress\/wp-content\/uploads\/2019\/12\/San-Pedro-valle-de-luna_19-10-31_14-11-43_021.jpg\" \/>\n\t<meta property=\"og:image:width\" content=\"900\" \/>\n\t<meta property=\"og:image:height\" content=\"450\" \/>\n\t<meta property=\"og:image:type\" content=\"image\/jpeg\" \/>\n<meta name=\"author\" content=\"jefwod\" \/>\n<meta name=\"twitter:card\" content=\"summary_large_image\" \/>\n<meta name=\"twitter:title\" content=\"Chili: G\u00e9ologie \u00e0 Atacama\" \/>\n<meta name=\"twitter:description\" content=\"La r\u00e9gion de San Pedro d\u2019Atacama est une zone d\u00e9sertique ou on peut visiter des vall\u00e9es avec une g\u00e9ologie \u00e9tonnante.\" \/>\n<meta name=\"twitter:image\" content=\"https:\/\/www.jefwodniack.com\/wordpress\/wp-content\/uploads\/2019\/12\/San-Pedro-valle-de-luna_19-10-31_14-11-43_021.jpg\" \/>\n<meta name=\"twitter:label1\" content=\"\u00c9crit par\" \/>\n\t<meta name=\"twitter:data1\" content=\"jefwod\" \/>\n\t<meta name=\"twitter:label2\" content=\"Dur\u00e9e de lecture estim\u00e9e\" \/>\n\t<meta name=\"twitter:data2\" content=\"3 minutes\" \/>\n<script type=\"application\/ld+json\" class=\"yoast-schema-graph\">{\"@context\":\"https:\/\/schema.org\",\"@graph\":[{\"@type\":\"Article\",\"@id\":\"https:\/\/www.jefwodniack.com\/wordpress\/2019\/12\/15\/chili-geologie-a-atacama\/#article\",\"isPartOf\":{\"@id\":\"https:\/\/www.jefwodniack.com\/wordpress\/2019\/12\/15\/chili-geologie-a-atacama\/\"},\"author\":{\"name\":\"jefwod\",\"@id\":\"https:\/\/www.jefwodniack.com\/wordpress\/#\/schema\/person\/1e958c3c01e23d2814def6954b79c4c8\"},\"headline\":\"Chili: G\u00e9ologie \u00e0 Atacama\",\"datePublished\":\"2019-12-15T14:48:49+00:00\",\"dateModified\":\"2023-02-27T10:57:29+00:00\",\"mainEntityOfPage\":{\"@id\":\"https:\/\/www.jefwodniack.com\/wordpress\/2019\/12\/15\/chili-geologie-a-atacama\/\"},\"wordCount\":119,\"commentCount\":0,\"publisher\":{\"@id\":\"https:\/\/www.jefwodniack.com\/wordpress\/#organization\"},\"image\":{\"@id\":\"https:\/\/www.jefwodniack.com\/wordpress\/2019\/12\/15\/chili-geologie-a-atacama\/#primaryimage\"},\"thumbnailUrl\":\"https:\/\/www.jefwodniack.com\/wordpress\/wp-content\/uploads\/2019\/12\/San-Pedro-valle-de-luna_19-10-31_14-11-43_021.jpg\",\"articleSection\":[\"Chili\"],\"inLanguage\":\"fr-FR\",\"potentialAction\":[{\"@type\":\"CommentAction\",\"name\":\"Comment\",\"target\":[\"https:\/\/www.jefwodniack.com\/wordpress\/2019\/12\/15\/chili-geologie-a-atacama\/#respond\"]}]},{\"@type\":\"WebPage\",\"@id\":\"https:\/\/www.jefwodniack.com\/wordpress\/2019\/12\/15\/chili-geologie-a-atacama\/\",\"url\":\"https:\/\/www.jefwodniack.com\/wordpress\/2019\/12\/15\/chili-geologie-a-atacama\/\",\"name\":\"Chili: G\u00e9ologie \u00e0 Atacama - Jef Wodniack Photos\",\"isPartOf\":{\"@id\":\"https:\/\/www.jefwodniack.com\/wordpress\/#website\"},\"primaryImageOfPage\":{\"@id\":\"https:\/\/www.jefwodniack.com\/wordpress\/2019\/12\/15\/chili-geologie-a-atacama\/#primaryimage\"},\"image\":{\"@id\":\"https:\/\/www.jefwodniack.com\/wordpress\/2019\/12\/15\/chili-geologie-a-atacama\/#primaryimage\"},\"thumbnailUrl\":\"https:\/\/www.jefwodniack.com\/wordpress\/wp-content\/uploads\/2019\/12\/San-Pedro-valle-de-luna_19-10-31_14-11-43_021.jpg\",\"datePublished\":\"2019-12-15T14:48:49+00:00\",\"dateModified\":\"2023-02-27T10:57:29+00:00\",\"description\":\"La r\u00e9gion de San Pedro d\u2019Atacama est une zone d\u00e9sertique ou on peut visiter des vall\u00e9es avec une g\u00e9ologie \u00e9tonnante.\",\"breadcrumb\":{\"@id\":\"https:\/\/www.jefwodniack.com\/wordpress\/2019\/12\/15\/chili-geologie-a-atacama\/#breadcrumb\"},\"inLanguage\":\"fr-FR\",\"potentialAction\":[{\"@type\":\"ReadAction\",\"target\":[\"https:\/\/www.jefwodniack.com\/wordpress\/2019\/12\/15\/chili-geologie-a-atacama\/\"]}]},{\"@type\":\"ImageObject\",\"inLanguage\":\"fr-FR\",\"@id\":\"https:\/\/www.jefwodniack.com\/wordpress\/2019\/12\/15\/chili-geologie-a-atacama\/#primaryimage\",\"url\":\"https:\/\/www.jefwodniack.com\/wordpress\/wp-content\/uploads\/2019\/12\/San-Pedro-valle-de-luna_19-10-31_14-11-43_021.jpg\",\"contentUrl\":\"https:\/\/www.jefwodniack.com\/wordpress\/wp-content\/uploads\/2019\/12\/San-Pedro-valle-de-luna_19-10-31_14-11-43_021.jpg\",\"width\":900,\"height\":450},{\"@type\":\"BreadcrumbList\",\"@id\":\"https:\/\/www.jefwodniack.com\/wordpress\/2019\/12\/15\/chili-geologie-a-atacama\/#breadcrumb\",\"itemListElement\":[{\"@type\":\"ListItem\",\"position\":1,\"name\":\"Accueil\",\"item\":\"https:\/\/www.jefwodniack.com\/wordpress\/\"},{\"@type\":\"ListItem\",\"position\":2,\"name\":\"Chili: G\u00e9ologie \u00e0 Atacama\"}]},{\"@type\":\"WebSite\",\"@id\":\"https:\/\/www.jefwodniack.com\/wordpress\/#website\",\"url\":\"https:\/\/www.jefwodniack.com\/wordpress\/\",\"name\":\"Jef Wodniack Photos\",\"description\":\"Journal d&#039;un photographe voyageur.\",\"publisher\":{\"@id\":\"https:\/\/www.jefwodniack.com\/wordpress\/#organization\"},\"potentialAction\":[{\"@type\":\"SearchAction\",\"target\":{\"@type\":\"EntryPoint\",\"urlTemplate\":\"https:\/\/www.jefwodniack.com\/wordpress\/?s={search_term_string}\"},\"query-input\":{\"@type\":\"PropertyValueSpecification\",\"valueRequired\":true,\"valueName\":\"search_term_string\"}}],\"inLanguage\":\"fr-FR\"},{\"@type\":\"Organization\",\"@id\":\"https:\/\/www.jefwodniack.com\/wordpress\/#organization\",\"name\":\"Jef Wodniack Photos\",\"url\":\"https:\/\/www.jefwodniack.com\/wordpress\/\",\"logo\":{\"@type\":\"ImageObject\",\"inLanguage\":\"fr-FR\",\"@id\":\"https:\/\/www.jefwodniack.com\/wordpress\/#\/schema\/logo\/image\/\",\"url\":\"https:\/\/www.jefwodniack.com\/wordpress\/wp-content\/uploads\/2023\/02\/logo3.png\",\"contentUrl\":\"https:\/\/www.jefwodniack.com\/wordpress\/wp-content\/uploads\/2023\/02\/logo3.png\",\"width\":200,\"height\":50,\"caption\":\"Jef Wodniack Photos\"},\"image\":{\"@id\":\"https:\/\/www.jefwodniack.com\/wordpress\/#\/schema\/logo\/image\/\"},\"sameAs\":[\"https:\/\/www.facebook.com\/Jef.Wodniack.Medias\",\"https:\/\/www.instagram.com\/jefwod\/?hl=fr\",\"https:\/\/www.youtube.com\/channel\/UCzaIaufhblVb5WL43_cocIQ\"]},{\"@type\":\"Person\",\"@id\":\"https:\/\/www.jefwodniack.com\/wordpress\/#\/schema\/person\/1e958c3c01e23d2814def6954b79c4c8\",\"name\":\"jefwod\",\"image\":{\"@type\":\"ImageObject\",\"inLanguage\":\"fr-FR\",\"@id\":\"https:\/\/www.jefwodniack.com\/wordpress\/#\/schema\/person\/image\/\",\"url\":\"https:\/\/secure.gravatar.com\/avatar\/ce8c32675ac09e522a268b56dfb1f2d3702dac1452e92ae9d46a6c81d0623577?s=96&d=blank&r=g\",\"contentUrl\":\"https:\/\/secure.gravatar.com\/avatar\/ce8c32675ac09e522a268b56dfb1f2d3702dac1452e92ae9d46a6c81d0623577?s=96&d=blank&r=g\",\"caption\":\"jefwod\"},\"sameAs\":[\"https:\/\/www.jefwodniack.com\/wordpress\"]}]}<\/script>\n<!-- \/ Yoast SEO plugin. -->","yoast_head_json":{"title":"Chili: G\u00e9ologie \u00e0 Atacama - Jef Wodniack Photos","description":"La r\u00e9gion de San Pedro d\u2019Atacama est une zone d\u00e9sertique ou on peut visiter des vall\u00e9es avec une g\u00e9ologie \u00e9tonnante.","robots":{"index":"index","follow":"follow","max-snippet":"max-snippet:-1","max-image-preview":"max-image-preview:large","max-video-preview":"max-video-preview:-1"},"canonical":"https:\/\/www.jefwodniack.com\/wordpress\/2019\/12\/15\/chili-geologie-a-atacama\/","og_locale":"fr_FR","og_type":"article","og_title":"Chili: G\u00e9ologie \u00e0 Atacama","og_description":"La r\u00e9gion de San Pedro d\u2019Atacama est une zone d\u00e9sertique ou on peut visiter des vall\u00e9es avec une g\u00e9ologie \u00e9tonnante.","og_url":"https:\/\/www.jefwodniack.com\/wordpress\/2019\/12\/15\/chili-geologie-a-atacama\/","og_site_name":"Jef Wodniack Photos","article_publisher":"https:\/\/www.facebook.com\/Jef.Wodniack.Medias","article_published_time":"2019-12-15T14:48:49+00:00","article_modified_time":"2023-02-27T10:57:29+00:00","og_image":[{"width":900,"height":450,"url":"https:\/\/www.jefwodniack.com\/wordpress\/wp-content\/uploads\/2019\/12\/San-Pedro-valle-de-luna_19-10-31_14-11-43_021.jpg","type":"image\/jpeg"}],"author":"jefwod","twitter_card":"summary_large_image","twitter_title":"Chili: G\u00e9ologie \u00e0 Atacama","twitter_description":"La r\u00e9gion de San Pedro d\u2019Atacama est une zone d\u00e9sertique ou on peut visiter des vall\u00e9es avec une g\u00e9ologie \u00e9tonnante.","twitter_image":"https:\/\/www.jefwodniack.com\/wordpress\/wp-content\/uploads\/2019\/12\/San-Pedro-valle-de-luna_19-10-31_14-11-43_021.jpg","twitter_misc":{"\u00c9crit par":"jefwod","Dur\u00e9e de lecture estim\u00e9e":"3 minutes"},"schema":{"@context":"https:\/\/schema.org","@graph":[{"@type":"Article","@id":"https:\/\/www.jefwodniack.com\/wordpress\/2019\/12\/15\/chili-geologie-a-atacama\/#article","isPartOf":{"@id":"https:\/\/www.jefwodniack.com\/wordpress\/2019\/12\/15\/chili-geologie-a-atacama\/"},"author":{"name":"jefwod","@id":"https:\/\/www.jefwodniack.com\/wordpress\/#\/schema\/person\/1e958c3c01e23d2814def6954b79c4c8"},"headline":"Chili: G\u00e9ologie \u00e0 Atacama","datePublished":"2019-12-15T14:48:49+00:00","dateModified":"2023-02-27T10:57:29+00:00","mainEntityOfPage":{"@id":"https:\/\/www.jefwodniack.com\/wordpress\/2019\/12\/15\/chili-geologie-a-atacama\/"},"wordCount":119,"commentCount":0,"publisher":{"@id":"https:\/\/www.jefwodniack.com\/wordpress\/#organization"},"image":{"@id":"https:\/\/www.jefwodniack.com\/wordpress\/2019\/12\/15\/chili-geologie-a-atacama\/#primaryimage"},"thumbnailUrl":"https:\/\/www.jefwodniack.com\/wordpress\/wp-content\/uploads\/2019\/12\/San-Pedro-valle-de-luna_19-10-31_14-11-43_021.jpg","articleSection":["Chili"],"inLanguage":"fr-FR","potentialAction":[{"@type":"CommentAction","name":"Comment","target":["https:\/\/www.jefwodniack.com\/wordpress\/2019\/12\/15\/chili-geologie-a-atacama\/#respond"]}]},{"@type":"WebPage","@id":"https:\/\/www.jefwodniack.com\/wordpress\/2019\/12\/15\/chili-geologie-a-atacama\/","url":"https:\/\/www.jefwodniack.com\/wordpress\/2019\/12\/15\/chili-geologie-a-atacama\/","name":"Chili: G\u00e9ologie \u00e0 Atacama - Jef Wodniack Photos","isPartOf":{"@id":"https:\/\/www.jefwodniack.com\/wordpress\/#website"},"primaryImageOfPage":{"@id":"https:\/\/www.jefwodniack.com\/wordpress\/2019\/12\/15\/chili-geologie-a-atacama\/#primaryimage"},"image":{"@id":"https:\/\/www.jefwodniack.com\/wordpress\/2019\/12\/15\/chili-geologie-a-atacama\/#primaryimage"},"thumbnailUrl":"https:\/\/www.jefwodniack.com\/wordpress\/wp-content\/uploads\/2019\/12\/San-Pedro-valle-de-luna_19-10-31_14-11-43_021.jpg","datePublished":"2019-12-15T14:48:49+00:00","dateModified":"2023-02-27T10:57:29+00:00","description":"La r\u00e9gion de San Pedro d\u2019Atacama est une zone d\u00e9sertique ou on peut visiter des vall\u00e9es avec une g\u00e9ologie \u00e9tonnante.","breadcrumb":{"@id":"https:\/\/www.jefwodniack.com\/wordpress\/2019\/12\/15\/chili-geologie-a-atacama\/#breadcrumb"},"inLanguage":"fr-FR","potentialAction":[{"@type":"ReadAction","target":["https:\/\/www.jefwodniack.com\/wordpress\/2019\/12\/15\/chili-geologie-a-atacama\/"]}]},{"@type":"ImageObject","inLanguage":"fr-FR","@id":"https:\/\/www.jefwodniack.com\/wordpress\/2019\/12\/15\/chili-geologie-a-atacama\/#primaryimage","url":"https:\/\/www.jefwodniack.com\/wordpress\/wp-content\/uploads\/2019\/12\/San-Pedro-valle-de-luna_19-10-31_14-11-43_021.jpg","contentUrl":"https:\/\/www.jefwodniack.com\/wordpress\/wp-content\/uploads\/2019\/12\/San-Pedro-valle-de-luna_19-10-31_14-11-43_021.jpg","width":900,"height":450},{"@type":"BreadcrumbList","@id":"https:\/\/www.jefwodniack.com\/wordpress\/2019\/12\/15\/chili-geologie-a-atacama\/#breadcrumb","itemListElement":[{"@type":"ListItem","position":1,"name":"Accueil","item":"https:\/\/www.jefwodniack.com\/wordpress\/"},{"@type":"ListItem","position":2,"name":"Chili: G\u00e9ologie \u00e0 Atacama"}]},{"@type":"WebSite","@id":"https:\/\/www.jefwodniack.com\/wordpress\/#website","url":"https:\/\/www.jefwodniack.com\/wordpress\/","name":"Jef Wodniack Photos","description":"Journal d&#039;un photographe voyageur.","publisher":{"@id":"https:\/\/www.jefwodniack.com\/wordpress\/#organization"},"potentialAction":[{"@type":"SearchAction","target":{"@type":"EntryPoint","urlTemplate":"https:\/\/www.jefwodniack.com\/wordpress\/?s={search_term_string}"},"query-input":{"@type":"PropertyValueSpecification","valueRequired":true,"valueName":"search_term_string"}}],"inLanguage":"fr-FR"},{"@type":"Organization","@id":"https:\/\/www.jefwodniack.com\/wordpress\/#organization","name":"Jef Wodniack Photos","url":"https:\/\/www.jefwodniack.com\/wordpress\/","logo":{"@type":"ImageObject","inLanguage":"fr-FR","@id":"https:\/\/www.jefwodniack.com\/wordpress\/#\/schema\/logo\/image\/","url":"https:\/\/www.jefwodniack.com\/wordpress\/wp-content\/uploads\/2023\/02\/logo3.png","contentUrl":"https:\/\/www.jefwodniack.com\/wordpress\/wp-content\/uploads\/2023\/02\/logo3.png","width":200,"height":50,"caption":"Jef Wodniack Photos"},"image":{"@id":"https:\/\/www.jefwodniack.com\/wordpress\/#\/schema\/logo\/image\/"},"sameAs":["https:\/\/www.facebook.com\/Jef.Wodniack.Medias","https:\/\/www.instagram.com\/jefwod\/?hl=fr","https:\/\/www.youtube.com\/channel\/UCzaIaufhblVb5WL43_cocIQ"]},{"@type":"Person","@id":"https:\/\/www.jefwodniack.com\/wordpress\/#\/schema\/person\/1e958c3c01e23d2814def6954b79c4c8","name":"jefwod","image":{"@type":"ImageObject","inLanguage":"fr-FR","@id":"https:\/\/www.jefwodniack.com\/wordpress\/#\/schema\/person\/image\/","url":"https:\/\/secure.gravatar.com\/avatar\/ce8c32675ac09e522a268b56dfb1f2d3702dac1452e92ae9d46a6c81d0623577?s=96&d=blank&r=g","contentUrl":"https:\/\/secure.gravatar.com\/avatar\/ce8c32675ac09e522a268b56dfb1f2d3702dac1452e92ae9d46a6c81d0623577?s=96&d=blank&r=g","caption":"jefwod"},"sameAs":["https:\/\/www.jefwodniack.com\/wordpress"]}]}},"_links":{"self":[{"href":"https:\/\/www.jefwodniack.com\/wordpress\/wp-json\/wp\/v2\/posts\/3750","targetHints":{"allow":["GET"]}}],"collection":[{"href":"https:\/\/www.jefwodniack.com\/wordpress\/wp-json\/wp\/v2\/posts"}],"about":[{"href":"https:\/\/www.jefwodniack.com\/wordpress\/wp-json\/wp\/v2\/types\/post"}],"author":[{"embeddable":true,"href":"https:\/\/www.jefwodniack.com\/wordpress\/wp-json\/wp\/v2\/users\/1"}],"replies":[{"embeddable":true,"href":"https:\/\/www.jefwodniack.com\/wordpress\/wp-json\/wp\/v2\/comments?post=3750"}],"version-history":[{"count":2,"href":"https:\/\/www.jefwodniack.com\/wordpress\/wp-json\/wp\/v2\/posts\/3750\/revisions"}],"predecessor-version":[{"id":6353,"href":"https:\/\/www.jefwodniack.com\/wordpress\/wp-json\/wp\/v2\/posts\/3750\/revisions\/6353"}],"wp:featuredmedia":[{"embeddable":true,"href":"https:\/\/www.jefwodniack.com\/wordpress\/wp-json\/wp\/v2\/media\/3761"}],"wp:attachment":[{"href":"https:\/\/www.jefwodniack.com\/wordpress\/wp-json\/wp\/v2\/media?parent=3750"}],"wp:term":[{"taxonomy":"category","embeddable":true,"href":"https:\/\/www.jefwodniack.com\/wordpress\/wp-json\/wp\/v2\/categories?post=3750"},{"taxonomy":"post_tag","embeddable":true,"href":"https:\/\/www.jefwodniack.com\/wordpress\/wp-json\/wp\/v2\/tags?post=3750"}],"curies":[{"name":"wp","href":"https:\/\/api.w.org\/{rel}","templated":true}]}}