{"id":3547,"date":"2019-12-13T13:28:29","date_gmt":"2019-12-13T12:28:29","guid":{"rendered":"http:\/\/www.jefwodniack.com\/wordpress\/?p=3547"},"modified":"2023-02-27T15:37:18","modified_gmt":"2023-02-27T14:37:18","slug":"bolivie-sur-les-pistes-de-laltiplano","status":"publish","type":"post","link":"https:\/\/www.jefwodniack.com\/wordpress\/2019\/12\/13\/bolivie-sur-les-pistes-de-laltiplano\/","title":{"rendered":"Bolivie: Sur les pistes de l&rsquo;Altiplano."},"content":{"rendered":"\n<h2 class=\"wp-block-heading\">Bolivie: Sur les pistes de l&rsquo;Altiplano.<\/h2>\n\n\n\n<h3 class=\"wp-block-heading\">C\u2019est au c\u0153ur de la cordill\u00e8re des Andes que se trouve l\u2019<a href=\"https:\/\/fr.wikipedia.org\/wiki\/Altiplano\" target=\"_blank\" rel=\"noreferrer noopener\">Altiplano<\/a> de Bolivie. Cette plaine d\u2019altitude se trouve en moyenne \u00e0 3000 m\u00e8tres  mais dans cet univers min\u00e9ral la piste nous emm\u00e8ne souvent aux alentours de 5000m.<\/h3>\n\n\n\n<h3 class=\"wp-block-heading\">La vari\u00e9t\u00e9 des \u00a0paysages est stup\u00e9fiante canyon, geysers, sources chaudes. Quelques animaux peuplent ces r\u00e9gions d\u00e9sertiques ; <a href=\"https:\/\/fr.wikipedia.org\/wiki\/Lama_(animal)\" target=\"_blank\" rel=\"noreferrer noopener\">lamas<\/a>, <a href=\"https:\/\/fr.wikipedia.org\/wiki\/Vigogne\" target=\"_blank\" rel=\"noreferrer noopener\">vigognes<\/a> et des <a href=\"https:\/\/fr.wikipedia.org\/wiki\/Lagidium_viscacia\" target=\"_blank\" rel=\"noreferrer noopener\">viscache<\/a> (rongeur local de la famille des chinchillas).<\/h3>\n\n\n\n<figure class=\"wp-block-gallery has-nested-images columns-3 is-cropped wp-block-gallery-1 is-layout-flex wp-block-gallery-is-layout-flex\">\n<figure class=\"wp-block-image size-large\"><a href=\"https:\/\/www.jefwodniack.com\/wordpress\/wp-content\/uploads\/2019\/12\/Italia-Perdida_19-10-28_15-50-34_014.jpg\"><img fetchpriority=\"high\" decoding=\"async\" width=\"900\" height=\"600\" data-id=\"3697\" src=\"https:\/\/www.jefwodniack.com\/wordpress\/wp-content\/uploads\/2019\/12\/Italia-Perdida_19-10-28_15-50-34_014.jpg\" alt=\"\" class=\"wp-image-3697\" srcset=\"https:\/\/www.jefwodniack.com\/wordpress\/wp-content\/uploads\/2019\/12\/Italia-Perdida_19-10-28_15-50-34_014.jpg 900w, https:\/\/www.jefwodniack.com\/wordpress\/wp-content\/uploads\/2019\/12\/Italia-Perdida_19-10-28_15-50-34_014-800x533.jpg 800w, https:\/\/www.jefwodniack.com\/wordpress\/wp-content\/uploads\/2019\/12\/Italia-Perdida_19-10-28_15-50-34_014-768x512.jpg 768w\" sizes=\"(max-width: 900px) 100vw, 900px\" \/><\/a><figcaption class=\"wp-element-caption\">Rochers sur l&rsquo;altiplano Bolivien.<\/figcaption><\/figure>\n\n\n\n<figure class=\"wp-block-image size-large\"><a href=\"https:\/\/www.jefwodniack.com\/wordpress\/wp-content\/uploads\/2019\/12\/Italia-Perdida_19-10-28_15-39-55_002.jpg\"><img decoding=\"async\" width=\"900\" height=\"600\" data-id=\"3696\" src=\"https:\/\/www.jefwodniack.com\/wordpress\/wp-content\/uploads\/2019\/12\/Italia-Perdida_19-10-28_15-39-55_002.jpg\" alt=\"\" class=\"wp-image-3696\" srcset=\"https:\/\/www.jefwodniack.com\/wordpress\/wp-content\/uploads\/2019\/12\/Italia-Perdida_19-10-28_15-39-55_002.jpg 900w, https:\/\/www.jefwodniack.com\/wordpress\/wp-content\/uploads\/2019\/12\/Italia-Perdida_19-10-28_15-39-55_002-800x533.jpg 800w, https:\/\/www.jefwodniack.com\/wordpress\/wp-content\/uploads\/2019\/12\/Italia-Perdida_19-10-28_15-39-55_002-768x512.jpg 768w\" sizes=\"(max-width: 900px) 100vw, 900px\" \/><\/a><figcaption class=\"wp-element-caption\"> Rochers sur l&rsquo;altiplano Bolivien. <\/figcaption><\/figure>\n\n\n\n<figure class=\"wp-block-image size-large\"><a href=\"https:\/\/www.jefwodniack.com\/wordpress\/wp-content\/uploads\/2019\/12\/Desert-Dali_19-10-30_10-45-32_001.jpg\"><img decoding=\"async\" width=\"900\" height=\"600\" data-id=\"3695\" src=\"https:\/\/www.jefwodniack.com\/wordpress\/wp-content\/uploads\/2019\/12\/Desert-Dali_19-10-30_10-45-32_001.jpg\" alt=\"\" class=\"wp-image-3695\" srcset=\"https:\/\/www.jefwodniack.com\/wordpress\/wp-content\/uploads\/2019\/12\/Desert-Dali_19-10-30_10-45-32_001.jpg 900w, https:\/\/www.jefwodniack.com\/wordpress\/wp-content\/uploads\/2019\/12\/Desert-Dali_19-10-30_10-45-32_001-800x533.jpg 800w, https:\/\/www.jefwodniack.com\/wordpress\/wp-content\/uploads\/2019\/12\/Desert-Dali_19-10-30_10-45-32_001-768x512.jpg 768w\" sizes=\"(max-width: 900px) 100vw, 900px\" \/><\/a><figcaption class=\"wp-element-caption\">Desert Dali<\/figcaption><\/figure>\n\n\n\n<figure class=\"wp-block-image size-large\"><a href=\"https:\/\/www.jefwodniack.com\/wordpress\/wp-content\/uploads\/2019\/12\/Canyon-Anaconda_19-10-28-13-33-32-003.jpg\"><img loading=\"lazy\" decoding=\"async\" width=\"900\" height=\"600\" data-id=\"3694\" src=\"https:\/\/www.jefwodniack.com\/wordpress\/wp-content\/uploads\/2019\/12\/Canyon-Anaconda_19-10-28-13-33-32-003.jpg\" alt=\"\" class=\"wp-image-3694\" srcset=\"https:\/\/www.jefwodniack.com\/wordpress\/wp-content\/uploads\/2019\/12\/Canyon-Anaconda_19-10-28-13-33-32-003.jpg 900w, https:\/\/www.jefwodniack.com\/wordpress\/wp-content\/uploads\/2019\/12\/Canyon-Anaconda_19-10-28-13-33-32-003-800x533.jpg 800w, https:\/\/www.jefwodniack.com\/wordpress\/wp-content\/uploads\/2019\/12\/Canyon-Anaconda_19-10-28-13-33-32-003-768x512.jpg 768w\" sizes=\"(max-width: 900px) 100vw, 900px\" \/><\/a><figcaption class=\"wp-element-caption\">Canyon Anaconda<\/figcaption><\/figure>\n\n\n\n<figure class=\"wp-block-image size-large\"><a href=\"https:\/\/www.jefwodniack.com\/wordpress\/wp-content\/uploads\/2019\/12\/Canyon-Anaconda_19-10-28-13-33-09-001.jpg\"><img loading=\"lazy\" decoding=\"async\" width=\"900\" height=\"600\" data-id=\"3693\" src=\"https:\/\/www.jefwodniack.com\/wordpress\/wp-content\/uploads\/2019\/12\/Canyon-Anaconda_19-10-28-13-33-09-001.jpg\" alt=\"\" class=\"wp-image-3693\" srcset=\"https:\/\/www.jefwodniack.com\/wordpress\/wp-content\/uploads\/2019\/12\/Canyon-Anaconda_19-10-28-13-33-09-001.jpg 900w, https:\/\/www.jefwodniack.com\/wordpress\/wp-content\/uploads\/2019\/12\/Canyon-Anaconda_19-10-28-13-33-09-001-800x533.jpg 800w, https:\/\/www.jefwodniack.com\/wordpress\/wp-content\/uploads\/2019\/12\/Canyon-Anaconda_19-10-28-13-33-09-001-768x512.jpg 768w\" sizes=\"(max-width: 900px) 100vw, 900px\" \/><\/a><figcaption class=\"wp-element-caption\"> Canyon Anaconda <\/figcaption><\/figure>\n\n\n\n<figure class=\"wp-block-image size-large\"><a href=\"https:\/\/www.jefwodniack.com\/wordpress\/wp-content\/uploads\/2019\/12\/Atacama-Laguna-Miscanti_19-11-03_11-00-48_007.jpg\"><img loading=\"lazy\" decoding=\"async\" width=\"900\" height=\"600\" data-id=\"3699\" src=\"https:\/\/www.jefwodniack.com\/wordpress\/wp-content\/uploads\/2019\/12\/Atacama-Laguna-Miscanti_19-11-03_11-00-48_007.jpg\" alt=\"\" class=\"wp-image-3699\" srcset=\"https:\/\/www.jefwodniack.com\/wordpress\/wp-content\/uploads\/2019\/12\/Atacama-Laguna-Miscanti_19-11-03_11-00-48_007.jpg 900w, https:\/\/www.jefwodniack.com\/wordpress\/wp-content\/uploads\/2019\/12\/Atacama-Laguna-Miscanti_19-11-03_11-00-48_007-800x533.jpg 800w, https:\/\/www.jefwodniack.com\/wordpress\/wp-content\/uploads\/2019\/12\/Atacama-Laguna-Miscanti_19-11-03_11-00-48_007-768x512.jpg 768w\" sizes=\"(max-width: 900px) 100vw, 900px\" \/><\/a><figcaption class=\"wp-element-caption\">Vigonges de l&rsquo;altiplano.<\/figcaption><\/figure>\n\n\n\n<figure class=\"wp-block-image size-large\"><a href=\"https:\/\/www.jefwodniack.com\/wordpress\/wp-content\/uploads\/2019\/12\/Bolivie_19-10-29_13-34-27_077.jpg\"><img loading=\"lazy\" decoding=\"async\" width=\"900\" height=\"600\" data-id=\"3692\" src=\"https:\/\/www.jefwodniack.com\/wordpress\/wp-content\/uploads\/2019\/12\/Bolivie_19-10-29_13-34-27_077.jpg\" alt=\"\" class=\"wp-image-3692\" srcset=\"https:\/\/www.jefwodniack.com\/wordpress\/wp-content\/uploads\/2019\/12\/Bolivie_19-10-29_13-34-27_077.jpg 900w, https:\/\/www.jefwodniack.com\/wordpress\/wp-content\/uploads\/2019\/12\/Bolivie_19-10-29_13-34-27_077-800x533.jpg 800w, https:\/\/www.jefwodniack.com\/wordpress\/wp-content\/uploads\/2019\/12\/Bolivie_19-10-29_13-34-27_077-768x512.jpg 768w\" sizes=\"(max-width: 900px) 100vw, 900px\" \/><\/a><figcaption class=\"wp-element-caption\">Sur les pistes de l&rsquo;altiplano.<\/figcaption><\/figure>\n\n\n\n<figure class=\"wp-block-image size-large\"><a href=\"https:\/\/www.jefwodniack.com\/wordpress\/wp-content\/uploads\/2019\/12\/Bolivie_19-10-29_12-54-09_071.jpg\"><img loading=\"lazy\" decoding=\"async\" width=\"900\" height=\"582\" data-id=\"3691\" src=\"https:\/\/www.jefwodniack.com\/wordpress\/wp-content\/uploads\/2019\/12\/Bolivie_19-10-29_12-54-09_071.jpg\" alt=\"\" class=\"wp-image-3691\" srcset=\"https:\/\/www.jefwodniack.com\/wordpress\/wp-content\/uploads\/2019\/12\/Bolivie_19-10-29_12-54-09_071.jpg 900w, https:\/\/www.jefwodniack.com\/wordpress\/wp-content\/uploads\/2019\/12\/Bolivie_19-10-29_12-54-09_071-800x517.jpg 800w, https:\/\/www.jefwodniack.com\/wordpress\/wp-content\/uploads\/2019\/12\/Bolivie_19-10-29_12-54-09_071-768x497.jpg 768w\" sizes=\"(max-width: 900px) 100vw, 900px\" \/><\/a><figcaption class=\"wp-element-caption\">Viscache de l&rsquo;altiplano<\/figcaption><\/figure>\n\n\n\n<figure class=\"wp-block-image size-large\"><a href=\"https:\/\/www.jefwodniack.com\/wordpress\/wp-content\/uploads\/2019\/12\/Bolivie_19-10-29_12-45-42_059.jpg\"><img loading=\"lazy\" decoding=\"async\" width=\"900\" height=\"600\" data-id=\"3690\" src=\"https:\/\/www.jefwodniack.com\/wordpress\/wp-content\/uploads\/2019\/12\/Bolivie_19-10-29_12-45-42_059.jpg\" alt=\"\" class=\"wp-image-3690\" srcset=\"https:\/\/www.jefwodniack.com\/wordpress\/wp-content\/uploads\/2019\/12\/Bolivie_19-10-29_12-45-42_059.jpg 900w, https:\/\/www.jefwodniack.com\/wordpress\/wp-content\/uploads\/2019\/12\/Bolivie_19-10-29_12-45-42_059-800x533.jpg 800w, https:\/\/www.jefwodniack.com\/wordpress\/wp-content\/uploads\/2019\/12\/Bolivie_19-10-29_12-45-42_059-768x512.jpg 768w\" sizes=\"(max-width: 900px) 100vw, 900px\" \/><\/a><figcaption class=\"wp-element-caption\"> Sur les pistes de l&rsquo;altiplano. <\/figcaption><\/figure>\n\n\n\n<figure class=\"wp-block-image size-large\"><a href=\"https:\/\/www.jefwodniack.com\/wordpress\/wp-content\/uploads\/2019\/12\/Bolivie_19-10-29_10-00-06_012.jpg\"><img loading=\"lazy\" decoding=\"async\" width=\"900\" height=\"600\" data-id=\"3689\" src=\"https:\/\/www.jefwodniack.com\/wordpress\/wp-content\/uploads\/2019\/12\/Bolivie_19-10-29_10-00-06_012.jpg\" alt=\"\" class=\"wp-image-3689\" srcset=\"https:\/\/www.jefwodniack.com\/wordpress\/wp-content\/uploads\/2019\/12\/Bolivie_19-10-29_10-00-06_012.jpg 900w, https:\/\/www.jefwodniack.com\/wordpress\/wp-content\/uploads\/2019\/12\/Bolivie_19-10-29_10-00-06_012-800x533.jpg 800w, https:\/\/www.jefwodniack.com\/wordpress\/wp-content\/uploads\/2019\/12\/Bolivie_19-10-29_10-00-06_012-768x512.jpg 768w\" sizes=\"(max-width: 900px) 100vw, 900px\" \/><\/a><figcaption class=\"wp-element-caption\"> Sur les pistes de l&rsquo;altiplano. <\/figcaption><\/figure>\n\n\n\n<figure class=\"wp-block-image size-large\"><a href=\"https:\/\/www.jefwodniack.com\/wordpress\/wp-content\/uploads\/2019\/12\/Laguna-Negra_19-10-28_14-46-07_035.jpg\"><img loading=\"lazy\" decoding=\"async\" width=\"900\" height=\"600\" data-id=\"3700\" src=\"https:\/\/www.jefwodniack.com\/wordpress\/wp-content\/uploads\/2019\/12\/Laguna-Negra_19-10-28_14-46-07_035.jpg\" alt=\"\" class=\"wp-image-3700\" srcset=\"https:\/\/www.jefwodniack.com\/wordpress\/wp-content\/uploads\/2019\/12\/Laguna-Negra_19-10-28_14-46-07_035.jpg 900w, https:\/\/www.jefwodniack.com\/wordpress\/wp-content\/uploads\/2019\/12\/Laguna-Negra_19-10-28_14-46-07_035-800x533.jpg 800w, https:\/\/www.jefwodniack.com\/wordpress\/wp-content\/uploads\/2019\/12\/Laguna-Negra_19-10-28_14-46-07_035-768x512.jpg 768w\" sizes=\"(max-width: 900px) 100vw, 900px\" \/><\/a><figcaption class=\"wp-element-caption\">Lama sur l&rsquo;altiplano<\/figcaption><\/figure>\n\n\n\n<figure class=\"wp-block-image size-large\"><a href=\"https:\/\/www.jefwodniack.com\/wordpress\/wp-content\/uploads\/2019\/12\/Bolivie-Geysers_19-10-30_09-15-07_033.jpg\"><img loading=\"lazy\" decoding=\"async\" width=\"900\" height=\"600\" data-id=\"3688\" src=\"https:\/\/www.jefwodniack.com\/wordpress\/wp-content\/uploads\/2019\/12\/Bolivie-Geysers_19-10-30_09-15-07_033.jpg\" alt=\"\" class=\"wp-image-3688\" srcset=\"https:\/\/www.jefwodniack.com\/wordpress\/wp-content\/uploads\/2019\/12\/Bolivie-Geysers_19-10-30_09-15-07_033.jpg 900w, https:\/\/www.jefwodniack.com\/wordpress\/wp-content\/uploads\/2019\/12\/Bolivie-Geysers_19-10-30_09-15-07_033-800x533.jpg 800w, https:\/\/www.jefwodniack.com\/wordpress\/wp-content\/uploads\/2019\/12\/Bolivie-Geysers_19-10-30_09-15-07_033-768x512.jpg 768w\" sizes=\"(max-width: 900px) 100vw, 900px\" \/><\/a><figcaption class=\"wp-element-caption\">Champ de geysers sur l&rsquo;altiplano<\/figcaption><\/figure>\n\n\n\n<figure class=\"wp-block-image size-large\"><a href=\"https:\/\/www.jefwodniack.com\/wordpress\/wp-content\/uploads\/2019\/12\/Bolivie-Geysers_19-10-30_09-12-35_029.jpg\"><img loading=\"lazy\" decoding=\"async\" width=\"900\" height=\"600\" data-id=\"3687\" src=\"https:\/\/www.jefwodniack.com\/wordpress\/wp-content\/uploads\/2019\/12\/Bolivie-Geysers_19-10-30_09-12-35_029.jpg\" alt=\"\" class=\"wp-image-3687\" srcset=\"https:\/\/www.jefwodniack.com\/wordpress\/wp-content\/uploads\/2019\/12\/Bolivie-Geysers_19-10-30_09-12-35_029.jpg 900w, https:\/\/www.jefwodniack.com\/wordpress\/wp-content\/uploads\/2019\/12\/Bolivie-Geysers_19-10-30_09-12-35_029-800x533.jpg 800w, https:\/\/www.jefwodniack.com\/wordpress\/wp-content\/uploads\/2019\/12\/Bolivie-Geysers_19-10-30_09-12-35_029-768x512.jpg 768w\" sizes=\"(max-width: 900px) 100vw, 900px\" \/><\/a><figcaption class=\"wp-element-caption\"> Champ de geysers sur l&rsquo;altiplano <\/figcaption><\/figure>\n\n\n\n<figure class=\"wp-block-image size-large\"><a href=\"https:\/\/www.jefwodniack.com\/wordpress\/wp-content\/uploads\/2019\/12\/Bolivie-Geysers_19-10-30_08-55-06_009.jpg\"><img loading=\"lazy\" decoding=\"async\" width=\"600\" height=\"900\" data-id=\"3686\" src=\"https:\/\/www.jefwodniack.com\/wordpress\/wp-content\/uploads\/2019\/12\/Bolivie-Geysers_19-10-30_08-55-06_009.jpg\" alt=\"\" class=\"wp-image-3686\" srcset=\"https:\/\/www.jefwodniack.com\/wordpress\/wp-content\/uploads\/2019\/12\/Bolivie-Geysers_19-10-30_08-55-06_009.jpg 600w, https:\/\/www.jefwodniack.com\/wordpress\/wp-content\/uploads\/2019\/12\/Bolivie-Geysers_19-10-30_08-55-06_009-533x800.jpg 533w\" sizes=\"(max-width: 600px) 100vw, 600px\" \/><\/a><figcaption class=\"wp-element-caption\"> Champ de geysers sur l&rsquo;altiplano <\/figcaption><\/figure>\n\n\n\n<figure class=\"wp-block-image size-large\"><a href=\"https:\/\/www.jefwodniack.com\/wordpress\/wp-content\/uploads\/2019\/12\/Arbre-de-pierre_19-10-29_14-35-18_011.jpg\"><img loading=\"lazy\" decoding=\"async\" width=\"900\" height=\"600\" data-id=\"3685\" src=\"https:\/\/www.jefwodniack.com\/wordpress\/wp-content\/uploads\/2019\/12\/Arbre-de-pierre_19-10-29_14-35-18_011.jpg\" alt=\"\" class=\"wp-image-3685\" srcset=\"https:\/\/www.jefwodniack.com\/wordpress\/wp-content\/uploads\/2019\/12\/Arbre-de-pierre_19-10-29_14-35-18_011.jpg 900w, https:\/\/www.jefwodniack.com\/wordpress\/wp-content\/uploads\/2019\/12\/Arbre-de-pierre_19-10-29_14-35-18_011-800x533.jpg 800w, https:\/\/www.jefwodniack.com\/wordpress\/wp-content\/uploads\/2019\/12\/Arbre-de-pierre_19-10-29_14-35-18_011-768x512.jpg 768w\" sizes=\"(max-width: 900px) 100vw, 900px\" \/><\/a><figcaption class=\"wp-element-caption\">L&rsquo;arbre de pierre.<\/figcaption><\/figure>\n\n\n\n<figure class=\"wp-block-image size-large\"><a href=\"https:\/\/www.jefwodniack.com\/wordpress\/wp-content\/uploads\/2019\/12\/Arbre-de-pierre_19-10-29_14-33-38_010.jpg\"><img loading=\"lazy\" decoding=\"async\" width=\"900\" height=\"600\" data-id=\"3684\" src=\"https:\/\/www.jefwodniack.com\/wordpress\/wp-content\/uploads\/2019\/12\/Arbre-de-pierre_19-10-29_14-33-38_010.jpg\" alt=\"\" class=\"wp-image-3684\" srcset=\"https:\/\/www.jefwodniack.com\/wordpress\/wp-content\/uploads\/2019\/12\/Arbre-de-pierre_19-10-29_14-33-38_010.jpg 900w, https:\/\/www.jefwodniack.com\/wordpress\/wp-content\/uploads\/2019\/12\/Arbre-de-pierre_19-10-29_14-33-38_010-800x533.jpg 800w, https:\/\/www.jefwodniack.com\/wordpress\/wp-content\/uploads\/2019\/12\/Arbre-de-pierre_19-10-29_14-33-38_010-768x512.jpg 768w\" sizes=\"(max-width: 900px) 100vw, 900px\" \/><\/a><figcaption class=\"wp-element-caption\"> Rochers sur l&rsquo;altiplano Bolivien. <\/figcaption><\/figure>\n\n\n\n<figure class=\"wp-block-image size-large\"><a href=\"https:\/\/www.jefwodniack.com\/wordpress\/wp-content\/uploads\/2019\/12\/MG_8324.jpg\"><img loading=\"lazy\" decoding=\"async\" width=\"900\" height=\"600\" data-id=\"3683\" src=\"https:\/\/www.jefwodniack.com\/wordpress\/wp-content\/uploads\/2019\/12\/MG_8324.jpg\" alt=\"\" class=\"wp-image-3683\" srcset=\"https:\/\/www.jefwodniack.com\/wordpress\/wp-content\/uploads\/2019\/12\/MG_8324.jpg 900w, https:\/\/www.jefwodniack.com\/wordpress\/wp-content\/uploads\/2019\/12\/MG_8324-800x533.jpg 800w, https:\/\/www.jefwodniack.com\/wordpress\/wp-content\/uploads\/2019\/12\/MG_8324-768x512.jpg 768w\" sizes=\"(max-width: 900px) 100vw, 900px\" \/><\/a><figcaption class=\"wp-element-caption\"> Sur les pistes de l&rsquo;altiplano. <\/figcaption><\/figure>\n<\/figure>\n","protected":false},"excerpt":{"rendered":"<p>Bolivie: Sur les pistes de l&rsquo;Altiplano. C\u2019est au c\u0153ur de la cordill\u00e8re des Andes que se trouve l\u2019Altiplano de Bolivie. Cette plaine d\u2019altitude se trouve en moyenne \u00e0 3000 m\u00e8tres mais dans cet univers min\u00e9ral la piste nous emm\u00e8ne souvent aux alentours de 5000m. La vari\u00e9t\u00e9 des \u00a0paysages est stup\u00e9fiante canyon, geysers, sources chaudes. Quelques [&hellip;]<\/p>\n","protected":false},"author":1,"featured_media":3683,"comment_status":"open","ping_status":"open","sticky":false,"template":"","format":"standard","meta":{"_monsterinsights_skip_tracking":false,"_monsterinsights_sitenote_active":false,"_monsterinsights_sitenote_note":"","_monsterinsights_sitenote_category":0,"ocean_post_layout":"","ocean_both_sidebars_style":"","ocean_both_sidebars_content_width":0,"ocean_both_sidebars_sidebars_width":0,"ocean_sidebar":"0","ocean_second_sidebar":"0","ocean_disable_margins":"enable","ocean_add_body_class":"","ocean_shortcode_before_top_bar":"","ocean_shortcode_after_top_bar":"","ocean_shortcode_before_header":"","ocean_shortcode_after_header":"","ocean_has_shortcode":"","ocean_shortcode_after_title":"","ocean_shortcode_before_footer_widgets":"","ocean_shortcode_after_footer_widgets":"","ocean_shortcode_before_footer_bottom":"","ocean_shortcode_after_footer_bottom":"","ocean_display_top_bar":"default","ocean_display_header":"default","ocean_header_style":"","ocean_center_header_left_menu":"0","ocean_custom_header_template":"0","ocean_custom_logo":0,"ocean_custom_retina_logo":0,"ocean_custom_logo_max_width":0,"ocean_custom_logo_tablet_max_width":0,"ocean_custom_logo_mobile_max_width":0,"ocean_custom_logo_max_height":0,"ocean_custom_logo_tablet_max_height":0,"ocean_custom_logo_mobile_max_height":0,"ocean_header_custom_menu":"0","ocean_menu_typo_font_family":"0","ocean_menu_typo_font_subset":"","ocean_menu_typo_font_size":0,"ocean_menu_typo_font_size_tablet":0,"ocean_menu_typo_font_size_mobile":0,"ocean_menu_typo_font_size_unit":"px","ocean_menu_typo_font_weight":"","ocean_menu_typo_font_weight_tablet":"","ocean_menu_typo_font_weight_mobile":"","ocean_menu_typo_transform":"","ocean_menu_typo_transform_tablet":"","ocean_menu_typo_transform_mobile":"","ocean_menu_typo_line_height":0,"ocean_menu_typo_line_height_tablet":0,"ocean_menu_typo_line_height_mobile":0,"ocean_menu_typo_line_height_unit":"","ocean_menu_typo_spacing":0,"ocean_menu_typo_spacing_tablet":0,"ocean_menu_typo_spacing_mobile":0,"ocean_menu_typo_spacing_unit":"","ocean_menu_link_color":"","ocean_menu_link_color_hover":"","ocean_menu_link_color_active":"","ocean_menu_link_background":"","ocean_menu_link_hover_background":"","ocean_menu_link_active_background":"","ocean_menu_social_links_bg":"","ocean_menu_social_hover_links_bg":"","ocean_menu_social_links_color":"","ocean_menu_social_hover_links_color":"","ocean_disable_title":"default","ocean_disable_heading":"default","ocean_post_title":"","ocean_post_subheading":"","ocean_post_title_style":"","ocean_post_title_background_color":"","ocean_post_title_background":0,"ocean_post_title_bg_image_position":"","ocean_post_title_bg_image_attachment":"","ocean_post_title_bg_image_repeat":"","ocean_post_title_bg_image_size":"","ocean_post_title_height":0,"ocean_post_title_bg_overlay":0.5,"ocean_post_title_bg_overlay_color":"","ocean_disable_breadcrumbs":"default","ocean_breadcrumbs_color":"","ocean_breadcrumbs_separator_color":"","ocean_breadcrumbs_links_color":"","ocean_breadcrumbs_links_hover_color":"","ocean_display_footer_widgets":"default","ocean_display_footer_bottom":"default","ocean_custom_footer_template":"0","ocean_post_oembed":"","ocean_post_self_hosted_media":"","ocean_post_video_embed":"","ocean_link_format":"","ocean_link_format_target":"self","ocean_quote_format":"","ocean_quote_format_link":"post","ocean_gallery_link_images":"off","ocean_gallery_id":[],"footnotes":""},"categories":[32],"tags":[],"class_list":["post-3547","post","type-post","status-publish","format-standard","has-post-thumbnail","hentry","category-bolivie","entry","has-media"],"yoast_head":"<!-- This site is optimized with the Yoast SEO plugin v25.3 - https:\/\/yoast.com\/wordpress\/plugins\/seo\/ -->\n<title>Bolivie: Sur les pistes de l&#039;Altiplano. - Jef Wodniack Photos<\/title>\n<meta name=\"description\" content=\"Au c\u0153ur de la cordill\u00e8re des Andes que se trouve l\u2019Altiplano de Bolivie. Cette plaine d\u2019altitude se trouve en moyenne \u00e0 3000 m\u00e8tres.\" \/>\n<meta name=\"robots\" content=\"index, follow, max-snippet:-1, max-image-preview:large, max-video-preview:-1\" \/>\n<link rel=\"canonical\" href=\"https:\/\/www.jefwodniack.com\/wordpress\/2019\/12\/13\/bolivie-sur-les-pistes-de-laltiplano\/\" \/>\n<meta property=\"og:locale\" content=\"fr_FR\" \/>\n<meta property=\"og:type\" content=\"article\" \/>\n<meta property=\"og:title\" content=\"Bolivie: Sur les pistes de l\u2019Altiplano.\" \/>\n<meta property=\"og:description\" content=\"C\u2019est au c\u0153ur de la cordill\u00e8re des Andes que se trouve l\u2019Altiplano de Bolivie. Cette plaine d\u2019altitude se trouve en moyenne \u00e0 3000 m\u00e8tres mais dans cet univers min\u00e9ral la piste nous emm\u00e8ne souvent aux alentours de 5000m.\" \/>\n<meta property=\"og:url\" content=\"https:\/\/www.jefwodniack.com\/wordpress\/2019\/12\/13\/bolivie-sur-les-pistes-de-laltiplano\/\" \/>\n<meta property=\"og:site_name\" content=\"Jef Wodniack Photos\" \/>\n<meta property=\"article:publisher\" content=\"https:\/\/www.facebook.com\/Jef.Wodniack.Medias\" \/>\n<meta property=\"article:published_time\" content=\"2019-12-13T12:28:29+00:00\" \/>\n<meta property=\"article:modified_time\" content=\"2023-02-27T14:37:18+00:00\" \/>\n<meta property=\"og:image\" content=\"https:\/\/www.jefwodniack.com\/wordpress\/wp-content\/uploads\/2019\/12\/MG_8324.jpg\" \/>\n\t<meta property=\"og:image:width\" content=\"900\" \/>\n\t<meta property=\"og:image:height\" content=\"600\" \/>\n\t<meta property=\"og:image:type\" content=\"image\/jpeg\" \/>\n<meta name=\"author\" content=\"jefwod\" \/>\n<meta name=\"twitter:card\" content=\"summary_large_image\" \/>\n<meta name=\"twitter:title\" content=\"Bolivie: Sur les pistes de l\u2019Altiplano.\" \/>\n<meta name=\"twitter:description\" content=\"C\u2019est au c\u0153ur de la cordill\u00e8re des Andes que se trouve l\u2019Altiplano de Bolivie. Cette plaine d\u2019altitude se trouve en moyenne \u00e0 3000 m\u00e8tres mais dans cet univers min\u00e9ral la piste nous emm\u00e8ne souvent aux alentours de 5000m.\" \/>\n<meta name=\"twitter:image\" content=\"https:\/\/www.jefwodniack.com\/wordpress\/wp-content\/uploads\/2019\/12\/MG_8324.jpg\" \/>\n<meta name=\"twitter:label1\" content=\"\u00c9crit par\" \/>\n\t<meta name=\"twitter:data1\" content=\"jefwod\" \/>\n\t<meta name=\"twitter:label2\" content=\"Dur\u00e9e de lecture estim\u00e9e\" \/>\n\t<meta name=\"twitter:data2\" content=\"5 minutes\" \/>\n<script type=\"application\/ld+json\" class=\"yoast-schema-graph\">{\"@context\":\"https:\/\/schema.org\",\"@graph\":[{\"@type\":\"Article\",\"@id\":\"https:\/\/www.jefwodniack.com\/wordpress\/2019\/12\/13\/bolivie-sur-les-pistes-de-laltiplano\/#article\",\"isPartOf\":{\"@id\":\"https:\/\/www.jefwodniack.com\/wordpress\/2019\/12\/13\/bolivie-sur-les-pistes-de-laltiplano\/\"},\"author\":{\"name\":\"jefwod\",\"@id\":\"https:\/\/www.jefwodniack.com\/wordpress\/#\/schema\/person\/1e958c3c01e23d2814def6954b79c4c8\"},\"headline\":\"Bolivie: Sur les pistes de l&rsquo;Altiplano.\",\"datePublished\":\"2019-12-13T12:28:29+00:00\",\"dateModified\":\"2023-02-27T14:37:18+00:00\",\"mainEntityOfPage\":{\"@id\":\"https:\/\/www.jefwodniack.com\/wordpress\/2019\/12\/13\/bolivie-sur-les-pistes-de-laltiplano\/\"},\"wordCount\":169,\"commentCount\":0,\"publisher\":{\"@id\":\"https:\/\/www.jefwodniack.com\/wordpress\/#organization\"},\"image\":{\"@id\":\"https:\/\/www.jefwodniack.com\/wordpress\/2019\/12\/13\/bolivie-sur-les-pistes-de-laltiplano\/#primaryimage\"},\"thumbnailUrl\":\"https:\/\/www.jefwodniack.com\/wordpress\/wp-content\/uploads\/2019\/12\/MG_8324.jpg\",\"articleSection\":[\"Bolivie\"],\"inLanguage\":\"fr-FR\",\"potentialAction\":[{\"@type\":\"CommentAction\",\"name\":\"Comment\",\"target\":[\"https:\/\/www.jefwodniack.com\/wordpress\/2019\/12\/13\/bolivie-sur-les-pistes-de-laltiplano\/#respond\"]}]},{\"@type\":\"WebPage\",\"@id\":\"https:\/\/www.jefwodniack.com\/wordpress\/2019\/12\/13\/bolivie-sur-les-pistes-de-laltiplano\/\",\"url\":\"https:\/\/www.jefwodniack.com\/wordpress\/2019\/12\/13\/bolivie-sur-les-pistes-de-laltiplano\/\",\"name\":\"Bolivie: Sur les pistes de l'Altiplano. - Jef Wodniack Photos\",\"isPartOf\":{\"@id\":\"https:\/\/www.jefwodniack.com\/wordpress\/#website\"},\"primaryImageOfPage\":{\"@id\":\"https:\/\/www.jefwodniack.com\/wordpress\/2019\/12\/13\/bolivie-sur-les-pistes-de-laltiplano\/#primaryimage\"},\"image\":{\"@id\":\"https:\/\/www.jefwodniack.com\/wordpress\/2019\/12\/13\/bolivie-sur-les-pistes-de-laltiplano\/#primaryimage\"},\"thumbnailUrl\":\"https:\/\/www.jefwodniack.com\/wordpress\/wp-content\/uploads\/2019\/12\/MG_8324.jpg\",\"datePublished\":\"2019-12-13T12:28:29+00:00\",\"dateModified\":\"2023-02-27T14:37:18+00:00\",\"description\":\"Au c\u0153ur de la cordill\u00e8re des Andes que se trouve l\u2019Altiplano de Bolivie. Cette plaine d\u2019altitude se trouve en moyenne \u00e0 3000 m\u00e8tres.\",\"breadcrumb\":{\"@id\":\"https:\/\/www.jefwodniack.com\/wordpress\/2019\/12\/13\/bolivie-sur-les-pistes-de-laltiplano\/#breadcrumb\"},\"inLanguage\":\"fr-FR\",\"potentialAction\":[{\"@type\":\"ReadAction\",\"target\":[\"https:\/\/www.jefwodniack.com\/wordpress\/2019\/12\/13\/bolivie-sur-les-pistes-de-laltiplano\/\"]}]},{\"@type\":\"ImageObject\",\"inLanguage\":\"fr-FR\",\"@id\":\"https:\/\/www.jefwodniack.com\/wordpress\/2019\/12\/13\/bolivie-sur-les-pistes-de-laltiplano\/#primaryimage\",\"url\":\"https:\/\/www.jefwodniack.com\/wordpress\/wp-content\/uploads\/2019\/12\/MG_8324.jpg\",\"contentUrl\":\"https:\/\/www.jefwodniack.com\/wordpress\/wp-content\/uploads\/2019\/12\/MG_8324.jpg\",\"width\":900,\"height\":600},{\"@type\":\"BreadcrumbList\",\"@id\":\"https:\/\/www.jefwodniack.com\/wordpress\/2019\/12\/13\/bolivie-sur-les-pistes-de-laltiplano\/#breadcrumb\",\"itemListElement\":[{\"@type\":\"ListItem\",\"position\":1,\"name\":\"Accueil\",\"item\":\"https:\/\/www.jefwodniack.com\/wordpress\/\"},{\"@type\":\"ListItem\",\"position\":2,\"name\":\"Bolivie: Sur les pistes de l&rsquo;Altiplano.\"}]},{\"@type\":\"WebSite\",\"@id\":\"https:\/\/www.jefwodniack.com\/wordpress\/#website\",\"url\":\"https:\/\/www.jefwodniack.com\/wordpress\/\",\"name\":\"Jef Wodniack Photos\",\"description\":\"Journal d&#039;un photographe voyageur.\",\"publisher\":{\"@id\":\"https:\/\/www.jefwodniack.com\/wordpress\/#organization\"},\"potentialAction\":[{\"@type\":\"SearchAction\",\"target\":{\"@type\":\"EntryPoint\",\"urlTemplate\":\"https:\/\/www.jefwodniack.com\/wordpress\/?s={search_term_string}\"},\"query-input\":{\"@type\":\"PropertyValueSpecification\",\"valueRequired\":true,\"valueName\":\"search_term_string\"}}],\"inLanguage\":\"fr-FR\"},{\"@type\":\"Organization\",\"@id\":\"https:\/\/www.jefwodniack.com\/wordpress\/#organization\",\"name\":\"Jef Wodniack Photos\",\"url\":\"https:\/\/www.jefwodniack.com\/wordpress\/\",\"logo\":{\"@type\":\"ImageObject\",\"inLanguage\":\"fr-FR\",\"@id\":\"https:\/\/www.jefwodniack.com\/wordpress\/#\/schema\/logo\/image\/\",\"url\":\"https:\/\/www.jefwodniack.com\/wordpress\/wp-content\/uploads\/2023\/02\/logo3.png\",\"contentUrl\":\"https:\/\/www.jefwodniack.com\/wordpress\/wp-content\/uploads\/2023\/02\/logo3.png\",\"width\":200,\"height\":50,\"caption\":\"Jef Wodniack Photos\"},\"image\":{\"@id\":\"https:\/\/www.jefwodniack.com\/wordpress\/#\/schema\/logo\/image\/\"},\"sameAs\":[\"https:\/\/www.facebook.com\/Jef.Wodniack.Medias\",\"https:\/\/www.instagram.com\/jefwod\/?hl=fr\",\"https:\/\/www.youtube.com\/channel\/UCzaIaufhblVb5WL43_cocIQ\"]},{\"@type\":\"Person\",\"@id\":\"https:\/\/www.jefwodniack.com\/wordpress\/#\/schema\/person\/1e958c3c01e23d2814def6954b79c4c8\",\"name\":\"jefwod\",\"image\":{\"@type\":\"ImageObject\",\"inLanguage\":\"fr-FR\",\"@id\":\"https:\/\/www.jefwodniack.com\/wordpress\/#\/schema\/person\/image\/\",\"url\":\"https:\/\/secure.gravatar.com\/avatar\/ce8c32675ac09e522a268b56dfb1f2d3702dac1452e92ae9d46a6c81d0623577?s=96&d=blank&r=g\",\"contentUrl\":\"https:\/\/secure.gravatar.com\/avatar\/ce8c32675ac09e522a268b56dfb1f2d3702dac1452e92ae9d46a6c81d0623577?s=96&d=blank&r=g\",\"caption\":\"jefwod\"},\"sameAs\":[\"https:\/\/www.jefwodniack.com\/wordpress\"]}]}<\/script>\n<!-- \/ Yoast SEO plugin. -->","yoast_head_json":{"title":"Bolivie: Sur les pistes de l'Altiplano. - Jef Wodniack Photos","description":"Au c\u0153ur de la cordill\u00e8re des Andes que se trouve l\u2019Altiplano de Bolivie. Cette plaine d\u2019altitude se trouve en moyenne \u00e0 3000 m\u00e8tres.","robots":{"index":"index","follow":"follow","max-snippet":"max-snippet:-1","max-image-preview":"max-image-preview:large","max-video-preview":"max-video-preview:-1"},"canonical":"https:\/\/www.jefwodniack.com\/wordpress\/2019\/12\/13\/bolivie-sur-les-pistes-de-laltiplano\/","og_locale":"fr_FR","og_type":"article","og_title":"Bolivie: Sur les pistes de l\u2019Altiplano.","og_description":"C\u2019est au c\u0153ur de la cordill\u00e8re des Andes que se trouve l\u2019Altiplano de Bolivie. Cette plaine d\u2019altitude se trouve en moyenne \u00e0 3000 m\u00e8tres mais dans cet univers min\u00e9ral la piste nous emm\u00e8ne souvent aux alentours de 5000m.","og_url":"https:\/\/www.jefwodniack.com\/wordpress\/2019\/12\/13\/bolivie-sur-les-pistes-de-laltiplano\/","og_site_name":"Jef Wodniack Photos","article_publisher":"https:\/\/www.facebook.com\/Jef.Wodniack.Medias","article_published_time":"2019-12-13T12:28:29+00:00","article_modified_time":"2023-02-27T14:37:18+00:00","og_image":[{"width":900,"height":600,"url":"https:\/\/www.jefwodniack.com\/wordpress\/wp-content\/uploads\/2019\/12\/MG_8324.jpg","type":"image\/jpeg"}],"author":"jefwod","twitter_card":"summary_large_image","twitter_title":"Bolivie: Sur les pistes de l\u2019Altiplano.","twitter_description":"C\u2019est au c\u0153ur de la cordill\u00e8re des Andes que se trouve l\u2019Altiplano de Bolivie. Cette plaine d\u2019altitude se trouve en moyenne \u00e0 3000 m\u00e8tres mais dans cet univers min\u00e9ral la piste nous emm\u00e8ne souvent aux alentours de 5000m.","twitter_image":"https:\/\/www.jefwodniack.com\/wordpress\/wp-content\/uploads\/2019\/12\/MG_8324.jpg","twitter_misc":{"\u00c9crit par":"jefwod","Dur\u00e9e de lecture estim\u00e9e":"5 minutes"},"schema":{"@context":"https:\/\/schema.org","@graph":[{"@type":"Article","@id":"https:\/\/www.jefwodniack.com\/wordpress\/2019\/12\/13\/bolivie-sur-les-pistes-de-laltiplano\/#article","isPartOf":{"@id":"https:\/\/www.jefwodniack.com\/wordpress\/2019\/12\/13\/bolivie-sur-les-pistes-de-laltiplano\/"},"author":{"name":"jefwod","@id":"https:\/\/www.jefwodniack.com\/wordpress\/#\/schema\/person\/1e958c3c01e23d2814def6954b79c4c8"},"headline":"Bolivie: Sur les pistes de l&rsquo;Altiplano.","datePublished":"2019-12-13T12:28:29+00:00","dateModified":"2023-02-27T14:37:18+00:00","mainEntityOfPage":{"@id":"https:\/\/www.jefwodniack.com\/wordpress\/2019\/12\/13\/bolivie-sur-les-pistes-de-laltiplano\/"},"wordCount":169,"commentCount":0,"publisher":{"@id":"https:\/\/www.jefwodniack.com\/wordpress\/#organization"},"image":{"@id":"https:\/\/www.jefwodniack.com\/wordpress\/2019\/12\/13\/bolivie-sur-les-pistes-de-laltiplano\/#primaryimage"},"thumbnailUrl":"https:\/\/www.jefwodniack.com\/wordpress\/wp-content\/uploads\/2019\/12\/MG_8324.jpg","articleSection":["Bolivie"],"inLanguage":"fr-FR","potentialAction":[{"@type":"CommentAction","name":"Comment","target":["https:\/\/www.jefwodniack.com\/wordpress\/2019\/12\/13\/bolivie-sur-les-pistes-de-laltiplano\/#respond"]}]},{"@type":"WebPage","@id":"https:\/\/www.jefwodniack.com\/wordpress\/2019\/12\/13\/bolivie-sur-les-pistes-de-laltiplano\/","url":"https:\/\/www.jefwodniack.com\/wordpress\/2019\/12\/13\/bolivie-sur-les-pistes-de-laltiplano\/","name":"Bolivie: Sur les pistes de l'Altiplano. - Jef Wodniack Photos","isPartOf":{"@id":"https:\/\/www.jefwodniack.com\/wordpress\/#website"},"primaryImageOfPage":{"@id":"https:\/\/www.jefwodniack.com\/wordpress\/2019\/12\/13\/bolivie-sur-les-pistes-de-laltiplano\/#primaryimage"},"image":{"@id":"https:\/\/www.jefwodniack.com\/wordpress\/2019\/12\/13\/bolivie-sur-les-pistes-de-laltiplano\/#primaryimage"},"thumbnailUrl":"https:\/\/www.jefwodniack.com\/wordpress\/wp-content\/uploads\/2019\/12\/MG_8324.jpg","datePublished":"2019-12-13T12:28:29+00:00","dateModified":"2023-02-27T14:37:18+00:00","description":"Au c\u0153ur de la cordill\u00e8re des Andes que se trouve l\u2019Altiplano de Bolivie. Cette plaine d\u2019altitude se trouve en moyenne \u00e0 3000 m\u00e8tres.","breadcrumb":{"@id":"https:\/\/www.jefwodniack.com\/wordpress\/2019\/12\/13\/bolivie-sur-les-pistes-de-laltiplano\/#breadcrumb"},"inLanguage":"fr-FR","potentialAction":[{"@type":"ReadAction","target":["https:\/\/www.jefwodniack.com\/wordpress\/2019\/12\/13\/bolivie-sur-les-pistes-de-laltiplano\/"]}]},{"@type":"ImageObject","inLanguage":"fr-FR","@id":"https:\/\/www.jefwodniack.com\/wordpress\/2019\/12\/13\/bolivie-sur-les-pistes-de-laltiplano\/#primaryimage","url":"https:\/\/www.jefwodniack.com\/wordpress\/wp-content\/uploads\/2019\/12\/MG_8324.jpg","contentUrl":"https:\/\/www.jefwodniack.com\/wordpress\/wp-content\/uploads\/2019\/12\/MG_8324.jpg","width":900,"height":600},{"@type":"BreadcrumbList","@id":"https:\/\/www.jefwodniack.com\/wordpress\/2019\/12\/13\/bolivie-sur-les-pistes-de-laltiplano\/#breadcrumb","itemListElement":[{"@type":"ListItem","position":1,"name":"Accueil","item":"https:\/\/www.jefwodniack.com\/wordpress\/"},{"@type":"ListItem","position":2,"name":"Bolivie: Sur les pistes de l&rsquo;Altiplano."}]},{"@type":"WebSite","@id":"https:\/\/www.jefwodniack.com\/wordpress\/#website","url":"https:\/\/www.jefwodniack.com\/wordpress\/","name":"Jef Wodniack Photos","description":"Journal d&#039;un photographe voyageur.","publisher":{"@id":"https:\/\/www.jefwodniack.com\/wordpress\/#organization"},"potentialAction":[{"@type":"SearchAction","target":{"@type":"EntryPoint","urlTemplate":"https:\/\/www.jefwodniack.com\/wordpress\/?s={search_term_string}"},"query-input":{"@type":"PropertyValueSpecification","valueRequired":true,"valueName":"search_term_string"}}],"inLanguage":"fr-FR"},{"@type":"Organization","@id":"https:\/\/www.jefwodniack.com\/wordpress\/#organization","name":"Jef Wodniack Photos","url":"https:\/\/www.jefwodniack.com\/wordpress\/","logo":{"@type":"ImageObject","inLanguage":"fr-FR","@id":"https:\/\/www.jefwodniack.com\/wordpress\/#\/schema\/logo\/image\/","url":"https:\/\/www.jefwodniack.com\/wordpress\/wp-content\/uploads\/2023\/02\/logo3.png","contentUrl":"https:\/\/www.jefwodniack.com\/wordpress\/wp-content\/uploads\/2023\/02\/logo3.png","width":200,"height":50,"caption":"Jef Wodniack Photos"},"image":{"@id":"https:\/\/www.jefwodniack.com\/wordpress\/#\/schema\/logo\/image\/"},"sameAs":["https:\/\/www.facebook.com\/Jef.Wodniack.Medias","https:\/\/www.instagram.com\/jefwod\/?hl=fr","https:\/\/www.youtube.com\/channel\/UCzaIaufhblVb5WL43_cocIQ"]},{"@type":"Person","@id":"https:\/\/www.jefwodniack.com\/wordpress\/#\/schema\/person\/1e958c3c01e23d2814def6954b79c4c8","name":"jefwod","image":{"@type":"ImageObject","inLanguage":"fr-FR","@id":"https:\/\/www.jefwodniack.com\/wordpress\/#\/schema\/person\/image\/","url":"https:\/\/secure.gravatar.com\/avatar\/ce8c32675ac09e522a268b56dfb1f2d3702dac1452e92ae9d46a6c81d0623577?s=96&d=blank&r=g","contentUrl":"https:\/\/secure.gravatar.com\/avatar\/ce8c32675ac09e522a268b56dfb1f2d3702dac1452e92ae9d46a6c81d0623577?s=96&d=blank&r=g","caption":"jefwod"},"sameAs":["https:\/\/www.jefwodniack.com\/wordpress"]}]}},"_links":{"self":[{"href":"https:\/\/www.jefwodniack.com\/wordpress\/wp-json\/wp\/v2\/posts\/3547","targetHints":{"allow":["GET"]}}],"collection":[{"href":"https:\/\/www.jefwodniack.com\/wordpress\/wp-json\/wp\/v2\/posts"}],"about":[{"href":"https:\/\/www.jefwodniack.com\/wordpress\/wp-json\/wp\/v2\/types\/post"}],"author":[{"embeddable":true,"href":"https:\/\/www.jefwodniack.com\/wordpress\/wp-json\/wp\/v2\/users\/1"}],"replies":[{"embeddable":true,"href":"https:\/\/www.jefwodniack.com\/wordpress\/wp-json\/wp\/v2\/comments?post=3547"}],"version-history":[{"count":3,"href":"https:\/\/www.jefwodniack.com\/wordpress\/wp-json\/wp\/v2\/posts\/3547\/revisions"}],"predecessor-version":[{"id":6369,"href":"https:\/\/www.jefwodniack.com\/wordpress\/wp-json\/wp\/v2\/posts\/3547\/revisions\/6369"}],"wp:featuredmedia":[{"embeddable":true,"href":"https:\/\/www.jefwodniack.com\/wordpress\/wp-json\/wp\/v2\/media\/3683"}],"wp:attachment":[{"href":"https:\/\/www.jefwodniack.com\/wordpress\/wp-json\/wp\/v2\/media?parent=3547"}],"wp:term":[{"taxonomy":"category","embeddable":true,"href":"https:\/\/www.jefwodniack.com\/wordpress\/wp-json\/wp\/v2\/categories?post=3547"},{"taxonomy":"post_tag","embeddable":true,"href":"https:\/\/www.jefwodniack.com\/wordpress\/wp-json\/wp\/v2\/tags?post=3547"}],"curies":[{"name":"wp","href":"https:\/\/api.w.org\/{rel}","templated":true}]}}