{"id":3537,"date":"2019-12-13T13:57:23","date_gmt":"2019-12-13T12:57:23","guid":{"rendered":"http:\/\/www.jefwodniack.com\/wordpress\/?p=3537"},"modified":"2023-02-27T14:51:45","modified_gmt":"2023-02-27T13:51:45","slug":"bolivie-les-lagunes-de-laltiplano","status":"publish","type":"post","link":"https:\/\/www.jefwodniack.com\/wordpress\/2019\/12\/13\/bolivie-les-lagunes-de-laltiplano\/","title":{"rendered":"Bolivie: Les lagunes de l&rsquo;Altiplano."},"content":{"rendered":"\n<h2 class=\"wp-block-heading\">Bolivie: Les lagunes de l&rsquo;Altiplano.<\/h2>\n\n\n\n<h3 class=\"wp-block-heading\">En <a href=\"https:\/\/fr.wikipedia.org\/wiki\/Bolivie\" target=\"_blank\" rel=\"noreferrer noopener\">Bolivie<\/a>, sur l\u2019<a href=\"https:\/\/fr.wikipedia.org\/wiki\/Altiplano\" target=\"_blank\" rel=\"noreferrer noopener\">altiplano<\/a> se trouvent de nombreux lacs, appel\u00e9s Lagunes. Riches en micro-organismes ces lagunes attirent un grand nombre de flamants roses.<\/h3>\n\n\n\n<h3 class=\"wp-block-heading\"> De couleurs vari\u00e9es elles sont un miroir naturel pour les montagnes souvent enneig\u00e9es de la\u00a0 r\u00e9gion.<\/h3>\n\n\n\n<figure class=\"wp-block-gallery has-nested-images columns-3 is-cropped wp-block-gallery-1 is-layout-flex wp-block-gallery-is-layout-flex\">\n<figure class=\"wp-block-image size-large\"><a href=\"https:\/\/www.jefwodniack.com\/wordpress\/wp-content\/uploads\/2019\/12\/Laguna-vinto_19-10-28_15-24-55_012.jpg\"><img fetchpriority=\"high\" decoding=\"async\" width=\"900\" height=\"450\" data-id=\"3721\" src=\"https:\/\/www.jefwodniack.com\/wordpress\/wp-content\/uploads\/2019\/12\/Laguna-vinto_19-10-28_15-24-55_012.jpg\" alt=\"\" class=\"wp-image-3721\" srcset=\"https:\/\/www.jefwodniack.com\/wordpress\/wp-content\/uploads\/2019\/12\/Laguna-vinto_19-10-28_15-24-55_012.jpg 900w, https:\/\/www.jefwodniack.com\/wordpress\/wp-content\/uploads\/2019\/12\/Laguna-vinto_19-10-28_15-24-55_012-800x400.jpg 800w, https:\/\/www.jefwodniack.com\/wordpress\/wp-content\/uploads\/2019\/12\/Laguna-vinto_19-10-28_15-24-55_012-768x384.jpg 768w\" sizes=\"(max-width: 900px) 100vw, 900px\" \/><\/a><figcaption class=\"wp-element-caption\">Laguna Vinto<\/figcaption><\/figure>\n\n\n\n<figure class=\"wp-block-image size-large\"><a href=\"https:\/\/www.jefwodniack.com\/wordpress\/wp-content\/uploads\/2019\/12\/Laguna-vinto_19-10-28_15-19-11_003.jpg\"><img decoding=\"async\" width=\"900\" height=\"555\" data-id=\"3720\" src=\"https:\/\/www.jefwodniack.com\/wordpress\/wp-content\/uploads\/2019\/12\/Laguna-vinto_19-10-28_15-19-11_003.jpg\" alt=\"\" class=\"wp-image-3720\" srcset=\"https:\/\/www.jefwodniack.com\/wordpress\/wp-content\/uploads\/2019\/12\/Laguna-vinto_19-10-28_15-19-11_003.jpg 900w, https:\/\/www.jefwodniack.com\/wordpress\/wp-content\/uploads\/2019\/12\/Laguna-vinto_19-10-28_15-19-11_003-800x493.jpg 800w, https:\/\/www.jefwodniack.com\/wordpress\/wp-content\/uploads\/2019\/12\/Laguna-vinto_19-10-28_15-19-11_003-768x474.jpg 768w\" sizes=\"(max-width: 900px) 100vw, 900px\" \/><\/a><figcaption class=\"wp-element-caption\"> Laguna Vinto <\/figcaption><\/figure>\n\n\n\n<figure class=\"wp-block-image size-large\"><a href=\"https:\/\/www.jefwodniack.com\/wordpress\/wp-content\/uploads\/2019\/12\/Laguna-Negra_19-10-28_14-35-58_021.jpg\"><img decoding=\"async\" width=\"900\" height=\"600\" data-id=\"3719\" src=\"https:\/\/www.jefwodniack.com\/wordpress\/wp-content\/uploads\/2019\/12\/Laguna-Negra_19-10-28_14-35-58_021.jpg\" alt=\"\" class=\"wp-image-3719\" srcset=\"https:\/\/www.jefwodniack.com\/wordpress\/wp-content\/uploads\/2019\/12\/Laguna-Negra_19-10-28_14-35-58_021.jpg 900w, https:\/\/www.jefwodniack.com\/wordpress\/wp-content\/uploads\/2019\/12\/Laguna-Negra_19-10-28_14-35-58_021-800x533.jpg 800w, https:\/\/www.jefwodniack.com\/wordpress\/wp-content\/uploads\/2019\/12\/Laguna-Negra_19-10-28_14-35-58_021-768x512.jpg 768w\" sizes=\"(max-width: 900px) 100vw, 900px\" \/><\/a><figcaption class=\"wp-element-caption\"> Laguna Negra<\/figcaption><\/figure>\n\n\n\n<figure class=\"wp-block-image size-large\"><a href=\"https:\/\/www.jefwodniack.com\/wordpress\/wp-content\/uploads\/2019\/12\/Laguna-Negra_19-10-28_14-28-08_016.jpg\"><img loading=\"lazy\" decoding=\"async\" width=\"900\" height=\"600\" data-id=\"3718\" src=\"https:\/\/www.jefwodniack.com\/wordpress\/wp-content\/uploads\/2019\/12\/Laguna-Negra_19-10-28_14-28-08_016.jpg\" alt=\"\" class=\"wp-image-3718\" srcset=\"https:\/\/www.jefwodniack.com\/wordpress\/wp-content\/uploads\/2019\/12\/Laguna-Negra_19-10-28_14-28-08_016.jpg 900w, https:\/\/www.jefwodniack.com\/wordpress\/wp-content\/uploads\/2019\/12\/Laguna-Negra_19-10-28_14-28-08_016-800x533.jpg 800w, https:\/\/www.jefwodniack.com\/wordpress\/wp-content\/uploads\/2019\/12\/Laguna-Negra_19-10-28_14-28-08_016-768x512.jpg 768w\" sizes=\"(max-width: 900px) 100vw, 900px\" \/><\/a><figcaption class=\"wp-element-caption\"> Laguna Negra <\/figcaption><\/figure>\n\n\n\n<figure class=\"wp-block-image size-large\"><a href=\"https:\/\/www.jefwodniack.com\/wordpress\/wp-content\/uploads\/2019\/12\/Laguna-Colorada_19-10-29_16-12-38_047-Modifier.jpg\"><img loading=\"lazy\" decoding=\"async\" width=\"900\" height=\"600\" data-id=\"3717\" src=\"https:\/\/www.jefwodniack.com\/wordpress\/wp-content\/uploads\/2019\/12\/Laguna-Colorada_19-10-29_16-12-38_047-Modifier.jpg\" alt=\"\" class=\"wp-image-3717\" srcset=\"https:\/\/www.jefwodniack.com\/wordpress\/wp-content\/uploads\/2019\/12\/Laguna-Colorada_19-10-29_16-12-38_047-Modifier.jpg 900w, https:\/\/www.jefwodniack.com\/wordpress\/wp-content\/uploads\/2019\/12\/Laguna-Colorada_19-10-29_16-12-38_047-Modifier-800x533.jpg 800w, https:\/\/www.jefwodniack.com\/wordpress\/wp-content\/uploads\/2019\/12\/Laguna-Colorada_19-10-29_16-12-38_047-Modifier-768x512.jpg 768w\" sizes=\"(max-width: 900px) 100vw, 900px\" \/><\/a><figcaption class=\"wp-element-caption\"> Laguna Colorada.<\/figcaption><\/figure>\n\n\n\n<figure class=\"wp-block-image size-large\"><a href=\"https:\/\/www.jefwodniack.com\/wordpress\/wp-content\/uploads\/2019\/12\/Laguna-Colorada_19-10-29_16-12-17_044.jpg\"><img loading=\"lazy\" decoding=\"async\" width=\"900\" height=\"450\" data-id=\"3716\" src=\"https:\/\/www.jefwodniack.com\/wordpress\/wp-content\/uploads\/2019\/12\/Laguna-Colorada_19-10-29_16-12-17_044.jpg\" alt=\"\" class=\"wp-image-3716\" srcset=\"https:\/\/www.jefwodniack.com\/wordpress\/wp-content\/uploads\/2019\/12\/Laguna-Colorada_19-10-29_16-12-17_044.jpg 900w, https:\/\/www.jefwodniack.com\/wordpress\/wp-content\/uploads\/2019\/12\/Laguna-Colorada_19-10-29_16-12-17_044-800x400.jpg 800w, https:\/\/www.jefwodniack.com\/wordpress\/wp-content\/uploads\/2019\/12\/Laguna-Colorada_19-10-29_16-12-17_044-768x384.jpg 768w\" sizes=\"(max-width: 900px) 100vw, 900px\" \/><\/a><figcaption class=\"wp-element-caption\">  Laguna Colorada. <\/figcaption><\/figure>\n\n\n\n<figure class=\"wp-block-image size-large\"><a href=\"https:\/\/www.jefwodniack.com\/wordpress\/wp-content\/uploads\/2019\/12\/Laguna-Colorada_19-10-29_15-48-02_029.jpg\"><img loading=\"lazy\" decoding=\"async\" width=\"900\" height=\"600\" data-id=\"3715\" src=\"https:\/\/www.jefwodniack.com\/wordpress\/wp-content\/uploads\/2019\/12\/Laguna-Colorada_19-10-29_15-48-02_029.jpg\" alt=\"\" class=\"wp-image-3715\" srcset=\"https:\/\/www.jefwodniack.com\/wordpress\/wp-content\/uploads\/2019\/12\/Laguna-Colorada_19-10-29_15-48-02_029.jpg 900w, https:\/\/www.jefwodniack.com\/wordpress\/wp-content\/uploads\/2019\/12\/Laguna-Colorada_19-10-29_15-48-02_029-800x533.jpg 800w, https:\/\/www.jefwodniack.com\/wordpress\/wp-content\/uploads\/2019\/12\/Laguna-Colorada_19-10-29_15-48-02_029-768x512.jpg 768w\" sizes=\"(max-width: 900px) 100vw, 900px\" \/><\/a><figcaption class=\"wp-element-caption\">  Laguna Colorada. <\/figcaption><\/figure>\n\n\n\n<figure class=\"wp-block-image size-large\"><a href=\"https:\/\/www.jefwodniack.com\/wordpress\/wp-content\/uploads\/2019\/12\/Laguna-Charcota_19-10-29_11-26-08_007.jpg\"><img loading=\"lazy\" decoding=\"async\" width=\"900\" height=\"600\" data-id=\"3714\" src=\"https:\/\/www.jefwodniack.com\/wordpress\/wp-content\/uploads\/2019\/12\/Laguna-Charcota_19-10-29_11-26-08_007.jpg\" alt=\"\" class=\"wp-image-3714\" srcset=\"https:\/\/www.jefwodniack.com\/wordpress\/wp-content\/uploads\/2019\/12\/Laguna-Charcota_19-10-29_11-26-08_007.jpg 900w, https:\/\/www.jefwodniack.com\/wordpress\/wp-content\/uploads\/2019\/12\/Laguna-Charcota_19-10-29_11-26-08_007-800x533.jpg 800w, https:\/\/www.jefwodniack.com\/wordpress\/wp-content\/uploads\/2019\/12\/Laguna-Charcota_19-10-29_11-26-08_007-768x512.jpg 768w\" sizes=\"(max-width: 900px) 100vw, 900px\" \/><\/a><figcaption class=\"wp-element-caption\">  Laguna Charcota<\/figcaption><\/figure>\n\n\n\n<figure class=\"wp-block-image size-large\"><a href=\"https:\/\/www.jefwodniack.com\/wordpress\/wp-content\/uploads\/2019\/12\/Bolivie_19-10-29_10-14-03_016.jpg\"><img loading=\"lazy\" decoding=\"async\" width=\"900\" height=\"600\" data-id=\"3711\" src=\"https:\/\/www.jefwodniack.com\/wordpress\/wp-content\/uploads\/2019\/12\/Bolivie_19-10-29_10-14-03_016.jpg\" alt=\"\" class=\"wp-image-3711\" srcset=\"https:\/\/www.jefwodniack.com\/wordpress\/wp-content\/uploads\/2019\/12\/Bolivie_19-10-29_10-14-03_016.jpg 900w, https:\/\/www.jefwodniack.com\/wordpress\/wp-content\/uploads\/2019\/12\/Bolivie_19-10-29_10-14-03_016-800x533.jpg 800w, https:\/\/www.jefwodniack.com\/wordpress\/wp-content\/uploads\/2019\/12\/Bolivie_19-10-29_10-14-03_016-768x512.jpg 768w\" sizes=\"(max-width: 900px) 100vw, 900px\" \/><\/a><figcaption class=\"wp-element-caption\">  Laguna de l&rsquo;altiplano.<\/figcaption><\/figure>\n\n\n\n<figure class=\"wp-block-image size-large\"><a href=\"https:\/\/www.jefwodniack.com\/wordpress\/wp-content\/uploads\/2019\/12\/Bolivie_19-10-29_10-19-31_023.jpg\"><img loading=\"lazy\" decoding=\"async\" width=\"900\" height=\"450\" data-id=\"3712\" src=\"https:\/\/www.jefwodniack.com\/wordpress\/wp-content\/uploads\/2019\/12\/Bolivie_19-10-29_10-19-31_023.jpg\" alt=\"\" class=\"wp-image-3712\" srcset=\"https:\/\/www.jefwodniack.com\/wordpress\/wp-content\/uploads\/2019\/12\/Bolivie_19-10-29_10-19-31_023.jpg 900w, https:\/\/www.jefwodniack.com\/wordpress\/wp-content\/uploads\/2019\/12\/Bolivie_19-10-29_10-19-31_023-800x400.jpg 800w, https:\/\/www.jefwodniack.com\/wordpress\/wp-content\/uploads\/2019\/12\/Bolivie_19-10-29_10-19-31_023-768x384.jpg 768w\" sizes=\"(max-width: 900px) 100vw, 900px\" \/><\/a><figcaption class=\"wp-element-caption\"> Laguna de l&rsquo;altiplano. <\/figcaption><\/figure>\n\n\n\n<figure class=\"wp-block-image size-large\"><a href=\"https:\/\/www.jefwodniack.com\/wordpress\/wp-content\/uploads\/2019\/12\/Bolivie_19-10-29_10-30-55_035.jpg\"><img loading=\"lazy\" decoding=\"async\" width=\"900\" height=\"600\" data-id=\"3713\" src=\"https:\/\/www.jefwodniack.com\/wordpress\/wp-content\/uploads\/2019\/12\/Bolivie_19-10-29_10-30-55_035.jpg\" alt=\"\" class=\"wp-image-3713\" srcset=\"https:\/\/www.jefwodniack.com\/wordpress\/wp-content\/uploads\/2019\/12\/Bolivie_19-10-29_10-30-55_035.jpg 900w, https:\/\/www.jefwodniack.com\/wordpress\/wp-content\/uploads\/2019\/12\/Bolivie_19-10-29_10-30-55_035-800x533.jpg 800w, https:\/\/www.jefwodniack.com\/wordpress\/wp-content\/uploads\/2019\/12\/Bolivie_19-10-29_10-30-55_035-768x512.jpg 768w\" sizes=\"(max-width: 900px) 100vw, 900px\" \/><\/a><figcaption class=\"wp-element-caption\">flamants de l&rsquo;altiplano<\/figcaption><\/figure>\n<\/figure>\n","protected":false},"excerpt":{"rendered":"<p>Bolivie: Les lagunes de l&rsquo;Altiplano. En Bolivie, sur l\u2019altiplano se trouvent de nombreux lacs, appel\u00e9s Lagunes. Riches en micro-organismes ces lagunes attirent un grand nombre de flamants roses. De couleurs vari\u00e9es elles sont un miroir naturel pour les montagnes souvent enneig\u00e9es de la\u00a0 r\u00e9gion.<\/p>\n","protected":false},"author":1,"featured_media":3715,"comment_status":"open","ping_status":"open","sticky":false,"template":"","format":"standard","meta":{"_monsterinsights_skip_tracking":false,"_monsterinsights_sitenote_active":false,"_monsterinsights_sitenote_note":"","_monsterinsights_sitenote_category":0,"ocean_post_layout":"","ocean_both_sidebars_style":"","ocean_both_sidebars_content_width":0,"ocean_both_sidebars_sidebars_width":0,"ocean_sidebar":"0","ocean_second_sidebar":"0","ocean_disable_margins":"enable","ocean_add_body_class":"","ocean_shortcode_before_top_bar":"","ocean_shortcode_after_top_bar":"","ocean_shortcode_before_header":"","ocean_shortcode_after_header":"","ocean_has_shortcode":"","ocean_shortcode_after_title":"","ocean_shortcode_before_footer_widgets":"","ocean_shortcode_after_footer_widgets":"","ocean_shortcode_before_footer_bottom":"","ocean_shortcode_after_footer_bottom":"","ocean_display_top_bar":"default","ocean_display_header":"default","ocean_header_style":"","ocean_center_header_left_menu":"0","ocean_custom_header_template":"0","ocean_custom_logo":0,"ocean_custom_retina_logo":0,"ocean_custom_logo_max_width":0,"ocean_custom_logo_tablet_max_width":0,"ocean_custom_logo_mobile_max_width":0,"ocean_custom_logo_max_height":0,"ocean_custom_logo_tablet_max_height":0,"ocean_custom_logo_mobile_max_height":0,"ocean_header_custom_menu":"0","ocean_menu_typo_font_family":"0","ocean_menu_typo_font_subset":"","ocean_menu_typo_font_size":0,"ocean_menu_typo_font_size_tablet":0,"ocean_menu_typo_font_size_mobile":0,"ocean_menu_typo_font_size_unit":"px","ocean_menu_typo_font_weight":"","ocean_menu_typo_font_weight_tablet":"","ocean_menu_typo_font_weight_mobile":"","ocean_menu_typo_transform":"","ocean_menu_typo_transform_tablet":"","ocean_menu_typo_transform_mobile":"","ocean_menu_typo_line_height":0,"ocean_menu_typo_line_height_tablet":0,"ocean_menu_typo_line_height_mobile":0,"ocean_menu_typo_line_height_unit":"","ocean_menu_typo_spacing":0,"ocean_menu_typo_spacing_tablet":0,"ocean_menu_typo_spacing_mobile":0,"ocean_menu_typo_spacing_unit":"","ocean_menu_link_color":"","ocean_menu_link_color_hover":"","ocean_menu_link_color_active":"","ocean_menu_link_background":"","ocean_menu_link_hover_background":"","ocean_menu_link_active_background":"","ocean_menu_social_links_bg":"","ocean_menu_social_hover_links_bg":"","ocean_menu_social_links_color":"","ocean_menu_social_hover_links_color":"","ocean_disable_title":"default","ocean_disable_heading":"default","ocean_post_title":"","ocean_post_subheading":"","ocean_post_title_style":"","ocean_post_title_background_color":"","ocean_post_title_background":0,"ocean_post_title_bg_image_position":"","ocean_post_title_bg_image_attachment":"","ocean_post_title_bg_image_repeat":"","ocean_post_title_bg_image_size":"","ocean_post_title_height":0,"ocean_post_title_bg_overlay":0.5,"ocean_post_title_bg_overlay_color":"","ocean_disable_breadcrumbs":"default","ocean_breadcrumbs_color":"","ocean_breadcrumbs_separator_color":"","ocean_breadcrumbs_links_color":"","ocean_breadcrumbs_links_hover_color":"","ocean_display_footer_widgets":"default","ocean_display_footer_bottom":"default","ocean_custom_footer_template":"0","ocean_post_oembed":"","ocean_post_self_hosted_media":"","ocean_post_video_embed":"","ocean_link_format":"","ocean_link_format_target":"self","ocean_quote_format":"","ocean_quote_format_link":"post","ocean_gallery_link_images":"off","ocean_gallery_id":[],"footnotes":""},"categories":[32],"tags":[],"class_list":["post-3537","post","type-post","status-publish","format-standard","has-post-thumbnail","hentry","category-bolivie","entry","has-media"],"yoast_head":"<!-- This site is optimized with the Yoast SEO plugin v25.3 - https:\/\/yoast.com\/wordpress\/plugins\/seo\/ -->\n<title>Bolivie: Les lagunes de l&#039;Altiplano. - Jef Wodniack Photos<\/title>\n<meta name=\"description\" content=\"En Bolivie, sur l\u2019altiplano les lagunes. Riches en micro-organismes ces lagunes attirent un grand nombre de flamants roses.\" \/>\n<meta name=\"robots\" content=\"index, follow, max-snippet:-1, max-image-preview:large, max-video-preview:-1\" \/>\n<link rel=\"canonical\" href=\"https:\/\/www.jefwodniack.com\/wordpress\/2019\/12\/13\/bolivie-les-lagunes-de-laltiplano\/\" \/>\n<meta property=\"og:locale\" content=\"fr_FR\" \/>\n<meta property=\"og:type\" content=\"article\" \/>\n<meta property=\"og:title\" content=\"Bolivie: Les lagunes de l\u2019Altiplano.\" \/>\n<meta property=\"og:description\" content=\"En Bolivie, sur l\u2019altiplano se trouvent de nombreux lacs, appel\u00e9s Lagunes. Riches en micro-organismes ces lagunes attirent un grand nombre de flamants roses.\" \/>\n<meta property=\"og:url\" content=\"https:\/\/www.jefwodniack.com\/wordpress\/2019\/12\/13\/bolivie-les-lagunes-de-laltiplano\/\" \/>\n<meta property=\"og:site_name\" content=\"Jef Wodniack Photos\" \/>\n<meta property=\"article:publisher\" content=\"https:\/\/www.facebook.com\/Jef.Wodniack.Medias\" \/>\n<meta property=\"article:published_time\" content=\"2019-12-13T12:57:23+00:00\" \/>\n<meta property=\"article:modified_time\" content=\"2023-02-27T13:51:45+00:00\" \/>\n<meta property=\"og:image\" content=\"https:\/\/www.jefwodniack.com\/wordpress\/wp-content\/uploads\/2019\/12\/Laguna-Colorada_19-10-29_15-48-02_029.jpg\" \/>\n\t<meta property=\"og:image:width\" content=\"900\" \/>\n\t<meta property=\"og:image:height\" content=\"600\" \/>\n\t<meta property=\"og:image:type\" content=\"image\/jpeg\" \/>\n<meta name=\"author\" content=\"jefwod\" \/>\n<meta name=\"twitter:card\" content=\"summary_large_image\" \/>\n<meta name=\"twitter:title\" content=\"Bolivie: Les lagunes de l\u2019Altiplano.\" \/>\n<meta name=\"twitter:description\" content=\"En Bolivie, sur l\u2019altiplano se trouvent de nombreux lacs, appel\u00e9s Lagunes. Riches en micro-organismes ces lagunes attirent un grand nombre de flamants roses.\" \/>\n<meta name=\"twitter:image\" content=\"https:\/\/www.jefwodniack.com\/wordpress\/wp-content\/uploads\/2019\/12\/Laguna-Colorada_19-10-29_15-48-02_029.jpg\" \/>\n<meta name=\"twitter:label1\" content=\"\u00c9crit par\" \/>\n\t<meta name=\"twitter:data1\" content=\"jefwod\" \/>\n\t<meta name=\"twitter:label2\" content=\"Dur\u00e9e de lecture estim\u00e9e\" \/>\n\t<meta name=\"twitter:data2\" content=\"3 minutes\" \/>\n<script type=\"application\/ld+json\" class=\"yoast-schema-graph\">{\"@context\":\"https:\/\/schema.org\",\"@graph\":[{\"@type\":\"Article\",\"@id\":\"https:\/\/www.jefwodniack.com\/wordpress\/2019\/12\/13\/bolivie-les-lagunes-de-laltiplano\/#article\",\"isPartOf\":{\"@id\":\"https:\/\/www.jefwodniack.com\/wordpress\/2019\/12\/13\/bolivie-les-lagunes-de-laltiplano\/\"},\"author\":{\"name\":\"jefwod\",\"@id\":\"https:\/\/www.jefwodniack.com\/wordpress\/#\/schema\/person\/1e958c3c01e23d2814def6954b79c4c8\"},\"headline\":\"Bolivie: Les lagunes de l&rsquo;Altiplano.\",\"datePublished\":\"2019-12-13T12:57:23+00:00\",\"dateModified\":\"2023-02-27T13:51:45+00:00\",\"mainEntityOfPage\":{\"@id\":\"https:\/\/www.jefwodniack.com\/wordpress\/2019\/12\/13\/bolivie-les-lagunes-de-laltiplano\/\"},\"wordCount\":84,\"commentCount\":0,\"publisher\":{\"@id\":\"https:\/\/www.jefwodniack.com\/wordpress\/#organization\"},\"image\":{\"@id\":\"https:\/\/www.jefwodniack.com\/wordpress\/2019\/12\/13\/bolivie-les-lagunes-de-laltiplano\/#primaryimage\"},\"thumbnailUrl\":\"https:\/\/www.jefwodniack.com\/wordpress\/wp-content\/uploads\/2019\/12\/Laguna-Colorada_19-10-29_15-48-02_029.jpg\",\"articleSection\":[\"Bolivie\"],\"inLanguage\":\"fr-FR\",\"potentialAction\":[{\"@type\":\"CommentAction\",\"name\":\"Comment\",\"target\":[\"https:\/\/www.jefwodniack.com\/wordpress\/2019\/12\/13\/bolivie-les-lagunes-de-laltiplano\/#respond\"]}]},{\"@type\":\"WebPage\",\"@id\":\"https:\/\/www.jefwodniack.com\/wordpress\/2019\/12\/13\/bolivie-les-lagunes-de-laltiplano\/\",\"url\":\"https:\/\/www.jefwodniack.com\/wordpress\/2019\/12\/13\/bolivie-les-lagunes-de-laltiplano\/\",\"name\":\"Bolivie: Les lagunes de l'Altiplano. - Jef Wodniack Photos\",\"isPartOf\":{\"@id\":\"https:\/\/www.jefwodniack.com\/wordpress\/#website\"},\"primaryImageOfPage\":{\"@id\":\"https:\/\/www.jefwodniack.com\/wordpress\/2019\/12\/13\/bolivie-les-lagunes-de-laltiplano\/#primaryimage\"},\"image\":{\"@id\":\"https:\/\/www.jefwodniack.com\/wordpress\/2019\/12\/13\/bolivie-les-lagunes-de-laltiplano\/#primaryimage\"},\"thumbnailUrl\":\"https:\/\/www.jefwodniack.com\/wordpress\/wp-content\/uploads\/2019\/12\/Laguna-Colorada_19-10-29_15-48-02_029.jpg\",\"datePublished\":\"2019-12-13T12:57:23+00:00\",\"dateModified\":\"2023-02-27T13:51:45+00:00\",\"description\":\"En Bolivie, sur l\u2019altiplano les lagunes. Riches en micro-organismes ces lagunes attirent un grand nombre de flamants roses.\",\"breadcrumb\":{\"@id\":\"https:\/\/www.jefwodniack.com\/wordpress\/2019\/12\/13\/bolivie-les-lagunes-de-laltiplano\/#breadcrumb\"},\"inLanguage\":\"fr-FR\",\"potentialAction\":[{\"@type\":\"ReadAction\",\"target\":[\"https:\/\/www.jefwodniack.com\/wordpress\/2019\/12\/13\/bolivie-les-lagunes-de-laltiplano\/\"]}]},{\"@type\":\"ImageObject\",\"inLanguage\":\"fr-FR\",\"@id\":\"https:\/\/www.jefwodniack.com\/wordpress\/2019\/12\/13\/bolivie-les-lagunes-de-laltiplano\/#primaryimage\",\"url\":\"https:\/\/www.jefwodniack.com\/wordpress\/wp-content\/uploads\/2019\/12\/Laguna-Colorada_19-10-29_15-48-02_029.jpg\",\"contentUrl\":\"https:\/\/www.jefwodniack.com\/wordpress\/wp-content\/uploads\/2019\/12\/Laguna-Colorada_19-10-29_15-48-02_029.jpg\",\"width\":900,\"height\":600},{\"@type\":\"BreadcrumbList\",\"@id\":\"https:\/\/www.jefwodniack.com\/wordpress\/2019\/12\/13\/bolivie-les-lagunes-de-laltiplano\/#breadcrumb\",\"itemListElement\":[{\"@type\":\"ListItem\",\"position\":1,\"name\":\"Accueil\",\"item\":\"https:\/\/www.jefwodniack.com\/wordpress\/\"},{\"@type\":\"ListItem\",\"position\":2,\"name\":\"Bolivie: Les lagunes de l&rsquo;Altiplano.\"}]},{\"@type\":\"WebSite\",\"@id\":\"https:\/\/www.jefwodniack.com\/wordpress\/#website\",\"url\":\"https:\/\/www.jefwodniack.com\/wordpress\/\",\"name\":\"Jef Wodniack Photos\",\"description\":\"Journal d&#039;un photographe voyageur.\",\"publisher\":{\"@id\":\"https:\/\/www.jefwodniack.com\/wordpress\/#organization\"},\"potentialAction\":[{\"@type\":\"SearchAction\",\"target\":{\"@type\":\"EntryPoint\",\"urlTemplate\":\"https:\/\/www.jefwodniack.com\/wordpress\/?s={search_term_string}\"},\"query-input\":{\"@type\":\"PropertyValueSpecification\",\"valueRequired\":true,\"valueName\":\"search_term_string\"}}],\"inLanguage\":\"fr-FR\"},{\"@type\":\"Organization\",\"@id\":\"https:\/\/www.jefwodniack.com\/wordpress\/#organization\",\"name\":\"Jef Wodniack Photos\",\"url\":\"https:\/\/www.jefwodniack.com\/wordpress\/\",\"logo\":{\"@type\":\"ImageObject\",\"inLanguage\":\"fr-FR\",\"@id\":\"https:\/\/www.jefwodniack.com\/wordpress\/#\/schema\/logo\/image\/\",\"url\":\"https:\/\/www.jefwodniack.com\/wordpress\/wp-content\/uploads\/2023\/02\/logo3.png\",\"contentUrl\":\"https:\/\/www.jefwodniack.com\/wordpress\/wp-content\/uploads\/2023\/02\/logo3.png\",\"width\":200,\"height\":50,\"caption\":\"Jef Wodniack Photos\"},\"image\":{\"@id\":\"https:\/\/www.jefwodniack.com\/wordpress\/#\/schema\/logo\/image\/\"},\"sameAs\":[\"https:\/\/www.facebook.com\/Jef.Wodniack.Medias\",\"https:\/\/www.instagram.com\/jefwod\/?hl=fr\",\"https:\/\/www.youtube.com\/channel\/UCzaIaufhblVb5WL43_cocIQ\"]},{\"@type\":\"Person\",\"@id\":\"https:\/\/www.jefwodniack.com\/wordpress\/#\/schema\/person\/1e958c3c01e23d2814def6954b79c4c8\",\"name\":\"jefwod\",\"image\":{\"@type\":\"ImageObject\",\"inLanguage\":\"fr-FR\",\"@id\":\"https:\/\/www.jefwodniack.com\/wordpress\/#\/schema\/person\/image\/\",\"url\":\"https:\/\/secure.gravatar.com\/avatar\/ce8c32675ac09e522a268b56dfb1f2d3702dac1452e92ae9d46a6c81d0623577?s=96&d=blank&r=g\",\"contentUrl\":\"https:\/\/secure.gravatar.com\/avatar\/ce8c32675ac09e522a268b56dfb1f2d3702dac1452e92ae9d46a6c81d0623577?s=96&d=blank&r=g\",\"caption\":\"jefwod\"},\"sameAs\":[\"https:\/\/www.jefwodniack.com\/wordpress\"]}]}<\/script>\n<!-- \/ Yoast SEO plugin. -->","yoast_head_json":{"title":"Bolivie: Les lagunes de l'Altiplano. - Jef Wodniack Photos","description":"En Bolivie, sur l\u2019altiplano les lagunes. Riches en micro-organismes ces lagunes attirent un grand nombre de flamants roses.","robots":{"index":"index","follow":"follow","max-snippet":"max-snippet:-1","max-image-preview":"max-image-preview:large","max-video-preview":"max-video-preview:-1"},"canonical":"https:\/\/www.jefwodniack.com\/wordpress\/2019\/12\/13\/bolivie-les-lagunes-de-laltiplano\/","og_locale":"fr_FR","og_type":"article","og_title":"Bolivie: Les lagunes de l\u2019Altiplano.","og_description":"En Bolivie, sur l\u2019altiplano se trouvent de nombreux lacs, appel\u00e9s Lagunes. Riches en micro-organismes ces lagunes attirent un grand nombre de flamants roses.","og_url":"https:\/\/www.jefwodniack.com\/wordpress\/2019\/12\/13\/bolivie-les-lagunes-de-laltiplano\/","og_site_name":"Jef Wodniack Photos","article_publisher":"https:\/\/www.facebook.com\/Jef.Wodniack.Medias","article_published_time":"2019-12-13T12:57:23+00:00","article_modified_time":"2023-02-27T13:51:45+00:00","og_image":[{"width":900,"height":600,"url":"https:\/\/www.jefwodniack.com\/wordpress\/wp-content\/uploads\/2019\/12\/Laguna-Colorada_19-10-29_15-48-02_029.jpg","type":"image\/jpeg"}],"author":"jefwod","twitter_card":"summary_large_image","twitter_title":"Bolivie: Les lagunes de l\u2019Altiplano.","twitter_description":"En Bolivie, sur l\u2019altiplano se trouvent de nombreux lacs, appel\u00e9s Lagunes. Riches en micro-organismes ces lagunes attirent un grand nombre de flamants roses.","twitter_image":"https:\/\/www.jefwodniack.com\/wordpress\/wp-content\/uploads\/2019\/12\/Laguna-Colorada_19-10-29_15-48-02_029.jpg","twitter_misc":{"\u00c9crit par":"jefwod","Dur\u00e9e de lecture estim\u00e9e":"3 minutes"},"schema":{"@context":"https:\/\/schema.org","@graph":[{"@type":"Article","@id":"https:\/\/www.jefwodniack.com\/wordpress\/2019\/12\/13\/bolivie-les-lagunes-de-laltiplano\/#article","isPartOf":{"@id":"https:\/\/www.jefwodniack.com\/wordpress\/2019\/12\/13\/bolivie-les-lagunes-de-laltiplano\/"},"author":{"name":"jefwod","@id":"https:\/\/www.jefwodniack.com\/wordpress\/#\/schema\/person\/1e958c3c01e23d2814def6954b79c4c8"},"headline":"Bolivie: Les lagunes de l&rsquo;Altiplano.","datePublished":"2019-12-13T12:57:23+00:00","dateModified":"2023-02-27T13:51:45+00:00","mainEntityOfPage":{"@id":"https:\/\/www.jefwodniack.com\/wordpress\/2019\/12\/13\/bolivie-les-lagunes-de-laltiplano\/"},"wordCount":84,"commentCount":0,"publisher":{"@id":"https:\/\/www.jefwodniack.com\/wordpress\/#organization"},"image":{"@id":"https:\/\/www.jefwodniack.com\/wordpress\/2019\/12\/13\/bolivie-les-lagunes-de-laltiplano\/#primaryimage"},"thumbnailUrl":"https:\/\/www.jefwodniack.com\/wordpress\/wp-content\/uploads\/2019\/12\/Laguna-Colorada_19-10-29_15-48-02_029.jpg","articleSection":["Bolivie"],"inLanguage":"fr-FR","potentialAction":[{"@type":"CommentAction","name":"Comment","target":["https:\/\/www.jefwodniack.com\/wordpress\/2019\/12\/13\/bolivie-les-lagunes-de-laltiplano\/#respond"]}]},{"@type":"WebPage","@id":"https:\/\/www.jefwodniack.com\/wordpress\/2019\/12\/13\/bolivie-les-lagunes-de-laltiplano\/","url":"https:\/\/www.jefwodniack.com\/wordpress\/2019\/12\/13\/bolivie-les-lagunes-de-laltiplano\/","name":"Bolivie: Les lagunes de l'Altiplano. - Jef Wodniack Photos","isPartOf":{"@id":"https:\/\/www.jefwodniack.com\/wordpress\/#website"},"primaryImageOfPage":{"@id":"https:\/\/www.jefwodniack.com\/wordpress\/2019\/12\/13\/bolivie-les-lagunes-de-laltiplano\/#primaryimage"},"image":{"@id":"https:\/\/www.jefwodniack.com\/wordpress\/2019\/12\/13\/bolivie-les-lagunes-de-laltiplano\/#primaryimage"},"thumbnailUrl":"https:\/\/www.jefwodniack.com\/wordpress\/wp-content\/uploads\/2019\/12\/Laguna-Colorada_19-10-29_15-48-02_029.jpg","datePublished":"2019-12-13T12:57:23+00:00","dateModified":"2023-02-27T13:51:45+00:00","description":"En Bolivie, sur l\u2019altiplano les lagunes. Riches en micro-organismes ces lagunes attirent un grand nombre de flamants roses.","breadcrumb":{"@id":"https:\/\/www.jefwodniack.com\/wordpress\/2019\/12\/13\/bolivie-les-lagunes-de-laltiplano\/#breadcrumb"},"inLanguage":"fr-FR","potentialAction":[{"@type":"ReadAction","target":["https:\/\/www.jefwodniack.com\/wordpress\/2019\/12\/13\/bolivie-les-lagunes-de-laltiplano\/"]}]},{"@type":"ImageObject","inLanguage":"fr-FR","@id":"https:\/\/www.jefwodniack.com\/wordpress\/2019\/12\/13\/bolivie-les-lagunes-de-laltiplano\/#primaryimage","url":"https:\/\/www.jefwodniack.com\/wordpress\/wp-content\/uploads\/2019\/12\/Laguna-Colorada_19-10-29_15-48-02_029.jpg","contentUrl":"https:\/\/www.jefwodniack.com\/wordpress\/wp-content\/uploads\/2019\/12\/Laguna-Colorada_19-10-29_15-48-02_029.jpg","width":900,"height":600},{"@type":"BreadcrumbList","@id":"https:\/\/www.jefwodniack.com\/wordpress\/2019\/12\/13\/bolivie-les-lagunes-de-laltiplano\/#breadcrumb","itemListElement":[{"@type":"ListItem","position":1,"name":"Accueil","item":"https:\/\/www.jefwodniack.com\/wordpress\/"},{"@type":"ListItem","position":2,"name":"Bolivie: Les lagunes de l&rsquo;Altiplano."}]},{"@type":"WebSite","@id":"https:\/\/www.jefwodniack.com\/wordpress\/#website","url":"https:\/\/www.jefwodniack.com\/wordpress\/","name":"Jef Wodniack Photos","description":"Journal d&#039;un photographe voyageur.","publisher":{"@id":"https:\/\/www.jefwodniack.com\/wordpress\/#organization"},"potentialAction":[{"@type":"SearchAction","target":{"@type":"EntryPoint","urlTemplate":"https:\/\/www.jefwodniack.com\/wordpress\/?s={search_term_string}"},"query-input":{"@type":"PropertyValueSpecification","valueRequired":true,"valueName":"search_term_string"}}],"inLanguage":"fr-FR"},{"@type":"Organization","@id":"https:\/\/www.jefwodniack.com\/wordpress\/#organization","name":"Jef Wodniack Photos","url":"https:\/\/www.jefwodniack.com\/wordpress\/","logo":{"@type":"ImageObject","inLanguage":"fr-FR","@id":"https:\/\/www.jefwodniack.com\/wordpress\/#\/schema\/logo\/image\/","url":"https:\/\/www.jefwodniack.com\/wordpress\/wp-content\/uploads\/2023\/02\/logo3.png","contentUrl":"https:\/\/www.jefwodniack.com\/wordpress\/wp-content\/uploads\/2023\/02\/logo3.png","width":200,"height":50,"caption":"Jef Wodniack Photos"},"image":{"@id":"https:\/\/www.jefwodniack.com\/wordpress\/#\/schema\/logo\/image\/"},"sameAs":["https:\/\/www.facebook.com\/Jef.Wodniack.Medias","https:\/\/www.instagram.com\/jefwod\/?hl=fr","https:\/\/www.youtube.com\/channel\/UCzaIaufhblVb5WL43_cocIQ"]},{"@type":"Person","@id":"https:\/\/www.jefwodniack.com\/wordpress\/#\/schema\/person\/1e958c3c01e23d2814def6954b79c4c8","name":"jefwod","image":{"@type":"ImageObject","inLanguage":"fr-FR","@id":"https:\/\/www.jefwodniack.com\/wordpress\/#\/schema\/person\/image\/","url":"https:\/\/secure.gravatar.com\/avatar\/ce8c32675ac09e522a268b56dfb1f2d3702dac1452e92ae9d46a6c81d0623577?s=96&d=blank&r=g","contentUrl":"https:\/\/secure.gravatar.com\/avatar\/ce8c32675ac09e522a268b56dfb1f2d3702dac1452e92ae9d46a6c81d0623577?s=96&d=blank&r=g","caption":"jefwod"},"sameAs":["https:\/\/www.jefwodniack.com\/wordpress"]}]}},"_links":{"self":[{"href":"https:\/\/www.jefwodniack.com\/wordpress\/wp-json\/wp\/v2\/posts\/3537","targetHints":{"allow":["GET"]}}],"collection":[{"href":"https:\/\/www.jefwodniack.com\/wordpress\/wp-json\/wp\/v2\/posts"}],"about":[{"href":"https:\/\/www.jefwodniack.com\/wordpress\/wp-json\/wp\/v2\/types\/post"}],"author":[{"embeddable":true,"href":"https:\/\/www.jefwodniack.com\/wordpress\/wp-json\/wp\/v2\/users\/1"}],"replies":[{"embeddable":true,"href":"https:\/\/www.jefwodniack.com\/wordpress\/wp-json\/wp\/v2\/comments?post=3537"}],"version-history":[{"count":1,"href":"https:\/\/www.jefwodniack.com\/wordpress\/wp-json\/wp\/v2\/posts\/3537\/revisions"}],"predecessor-version":[{"id":6364,"href":"https:\/\/www.jefwodniack.com\/wordpress\/wp-json\/wp\/v2\/posts\/3537\/revisions\/6364"}],"wp:featuredmedia":[{"embeddable":true,"href":"https:\/\/www.jefwodniack.com\/wordpress\/wp-json\/wp\/v2\/media\/3715"}],"wp:attachment":[{"href":"https:\/\/www.jefwodniack.com\/wordpress\/wp-json\/wp\/v2\/media?parent=3537"}],"wp:term":[{"taxonomy":"category","embeddable":true,"href":"https:\/\/www.jefwodniack.com\/wordpress\/wp-json\/wp\/v2\/categories?post=3537"},{"taxonomy":"post_tag","embeddable":true,"href":"https:\/\/www.jefwodniack.com\/wordpress\/wp-json\/wp\/v2\/tags?post=3537"}],"curies":[{"name":"wp","href":"https:\/\/api.w.org\/{rel}","templated":true}]}}