{"id":3534,"date":"2019-12-13T14:31:46","date_gmt":"2019-12-13T13:31:46","guid":{"rendered":"http:\/\/www.jefwodniack.com\/wordpress\/?p=3534"},"modified":"2023-02-27T14:45:29","modified_gmt":"2023-02-27T13:45:29","slug":"bolivie-le-salar-duyuni","status":"publish","type":"post","link":"https:\/\/www.jefwodniack.com\/wordpress\/2019\/12\/13\/bolivie-le-salar-duyuni\/","title":{"rendered":"Bolivie: Le salar d&rsquo;Uyuni."},"content":{"rendered":"\n<h2 class=\"wp-block-heading\">Bolivie: Le salar d&rsquo;Uyuni.<\/h2>\n\n\n\n<h3 class=\"wp-block-heading\">Situ\u00e9 \u00e0 3650 m\u00e8tres d\u2019altitude le<a href=\"https:\/\/fr.wikipedia.org\/wiki\/Salar_d%27Uyuni\" target=\"_blank\" rel=\"noreferrer noopener\"> salar d\u2019Uyuni<\/a> en <a href=\"https:\/\/fr.wikipedia.org\/wiki\/Bolivie\" target=\"_blank\" rel=\"noreferrer noopener\">Bolivie<\/a> est le plus vaste d\u00e9sert de sel du monde.<\/h3>\n\n\n\n<h3 class=\"wp-block-heading\">Ses dimensions sont de 150 kilom\u00e8tres sur 100 kilom\u00e8tres. <\/h3>\n\n\n\n<h3 class=\"wp-block-heading\">Au milieu de ce d\u00e9sert de sel se trouve des \u00eeles, en particulier l\u2019\u00eele d\u2019<a href=\"https:\/\/fr.wikipedia.org\/wiki\/Isla_Incahuasi\" target=\"_blank\" rel=\"noreferrer noopener\">Incahuasi<\/a> recouverte de cactus gigantesques. <\/h3>\n\n\n\n<h3 class=\"wp-block-heading\">Mais dans les villages en bordure du salar les villageois exploitent le sel pour la consommation courante ou encore pour faire des briques qui se transformeront en maisons.<\/h3>\n\n\n\n<figure class=\"wp-block-gallery has-nested-images columns-3 is-cropped wp-block-gallery-1 is-layout-flex wp-block-gallery-is-layout-flex\">\n<figure class=\"wp-block-image size-large\"><a href=\"https:\/\/www.jefwodniack.com\/wordpress\/wp-content\/uploads\/2019\/12\/uyuni_19-10-27-18-14-57-145.jpg\"><img fetchpriority=\"high\" decoding=\"async\" width=\"900\" height=\"600\" data-id=\"3741\" src=\"https:\/\/www.jefwodniack.com\/wordpress\/wp-content\/uploads\/2019\/12\/uyuni_19-10-27-18-14-57-145.jpg\" alt=\"\" class=\"wp-image-3741\" srcset=\"https:\/\/www.jefwodniack.com\/wordpress\/wp-content\/uploads\/2019\/12\/uyuni_19-10-27-18-14-57-145.jpg 900w, https:\/\/www.jefwodniack.com\/wordpress\/wp-content\/uploads\/2019\/12\/uyuni_19-10-27-18-14-57-145-800x533.jpg 800w, https:\/\/www.jefwodniack.com\/wordpress\/wp-content\/uploads\/2019\/12\/uyuni_19-10-27-18-14-57-145-768x512.jpg 768w\" sizes=\"(max-width: 900px) 100vw, 900px\" \/><\/a><figcaption class=\"wp-element-caption\">Fin d\u2019apr\u00e8s midi sur le Salar d&rsquo;Uyuni<\/figcaption><\/figure>\n\n\n\n<figure class=\"wp-block-image size-large\"><a href=\"https:\/\/www.jefwodniack.com\/wordpress\/wp-content\/uploads\/2019\/12\/uyuni_19-10-27-18-11-21-142.jpg\"><img decoding=\"async\" width=\"900\" height=\"600\" data-id=\"3740\" src=\"https:\/\/www.jefwodniack.com\/wordpress\/wp-content\/uploads\/2019\/12\/uyuni_19-10-27-18-11-21-142.jpg\" alt=\"\" class=\"wp-image-3740\" srcset=\"https:\/\/www.jefwodniack.com\/wordpress\/wp-content\/uploads\/2019\/12\/uyuni_19-10-27-18-11-21-142.jpg 900w, https:\/\/www.jefwodniack.com\/wordpress\/wp-content\/uploads\/2019\/12\/uyuni_19-10-27-18-11-21-142-800x533.jpg 800w, https:\/\/www.jefwodniack.com\/wordpress\/wp-content\/uploads\/2019\/12\/uyuni_19-10-27-18-11-21-142-768x512.jpg 768w\" sizes=\"(max-width: 900px) 100vw, 900px\" \/><\/a><figcaption class=\"wp-element-caption\"> Fin d\u2019apr\u00e8s midi sur le Salar d&rsquo;Uyuni <\/figcaption><\/figure>\n\n\n\n<figure class=\"wp-block-image size-large\"><a href=\"https:\/\/www.jefwodniack.com\/wordpress\/wp-content\/uploads\/2019\/12\/uyuni_19-10-27-18-11-07-141.jpg\"><img decoding=\"async\" width=\"900\" height=\"600\" data-id=\"3739\" src=\"https:\/\/www.jefwodniack.com\/wordpress\/wp-content\/uploads\/2019\/12\/uyuni_19-10-27-18-11-07-141.jpg\" alt=\"\" class=\"wp-image-3739\" srcset=\"https:\/\/www.jefwodniack.com\/wordpress\/wp-content\/uploads\/2019\/12\/uyuni_19-10-27-18-11-07-141.jpg 900w, https:\/\/www.jefwodniack.com\/wordpress\/wp-content\/uploads\/2019\/12\/uyuni_19-10-27-18-11-07-141-800x533.jpg 800w, https:\/\/www.jefwodniack.com\/wordpress\/wp-content\/uploads\/2019\/12\/uyuni_19-10-27-18-11-07-141-768x512.jpg 768w\" sizes=\"(max-width: 900px) 100vw, 900px\" \/><\/a><figcaption class=\"wp-element-caption\"> Fin d\u2019apr\u00e8s midi sur le Salar d&rsquo;Uyuni <\/figcaption><\/figure>\n\n\n\n<figure class=\"wp-block-image size-large\"><a href=\"https:\/\/www.jefwodniack.com\/wordpress\/wp-content\/uploads\/2019\/12\/uyuni_19-10-27-14-01-58-076.jpg\"><img loading=\"lazy\" decoding=\"async\" width=\"900\" height=\"600\" data-id=\"3738\" src=\"https:\/\/www.jefwodniack.com\/wordpress\/wp-content\/uploads\/2019\/12\/uyuni_19-10-27-14-01-58-076.jpg\" alt=\"\" class=\"wp-image-3738\" srcset=\"https:\/\/www.jefwodniack.com\/wordpress\/wp-content\/uploads\/2019\/12\/uyuni_19-10-27-14-01-58-076.jpg 900w, https:\/\/www.jefwodniack.com\/wordpress\/wp-content\/uploads\/2019\/12\/uyuni_19-10-27-14-01-58-076-800x533.jpg 800w, https:\/\/www.jefwodniack.com\/wordpress\/wp-content\/uploads\/2019\/12\/uyuni_19-10-27-14-01-58-076-768x512.jpg 768w\" sizes=\"(max-width: 900px) 100vw, 900px\" \/><\/a><figcaption class=\"wp-element-caption\">Le salar d&rsquo;uyuni vu de l\u2019\u00eele d\u2019Incahuasi <\/figcaption><\/figure>\n\n\n\n<figure class=\"wp-block-image size-large\"><a href=\"https:\/\/www.jefwodniack.com\/wordpress\/wp-content\/uploads\/2019\/12\/uyuni_19-10-27-13-33-07-064.jpg\"><img loading=\"lazy\" decoding=\"async\" width=\"900\" height=\"679\" data-id=\"3737\" src=\"https:\/\/www.jefwodniack.com\/wordpress\/wp-content\/uploads\/2019\/12\/uyuni_19-10-27-13-33-07-064.jpg\" alt=\"\" class=\"wp-image-3737\" srcset=\"https:\/\/www.jefwodniack.com\/wordpress\/wp-content\/uploads\/2019\/12\/uyuni_19-10-27-13-33-07-064.jpg 900w, https:\/\/www.jefwodniack.com\/wordpress\/wp-content\/uploads\/2019\/12\/uyuni_19-10-27-13-33-07-064-800x604.jpg 800w, https:\/\/www.jefwodniack.com\/wordpress\/wp-content\/uploads\/2019\/12\/uyuni_19-10-27-13-33-07-064-768x579.jpg 768w\" sizes=\"(max-width: 900px) 100vw, 900px\" \/><\/a><figcaption class=\"wp-element-caption\"> Le salar d&rsquo;uyuni vu de l\u2019\u00eele d\u2019Incahuasi .<\/figcaption><\/figure>\n\n\n\n<figure class=\"wp-block-image size-large\"><a href=\"https:\/\/www.jefwodniack.com\/wordpress\/wp-content\/uploads\/2019\/12\/uyuni_19-10-27-13-31-31-062.jpg\"><img loading=\"lazy\" decoding=\"async\" width=\"900\" height=\"600\" data-id=\"3736\" src=\"https:\/\/www.jefwodniack.com\/wordpress\/wp-content\/uploads\/2019\/12\/uyuni_19-10-27-13-31-31-062.jpg\" alt=\"\" class=\"wp-image-3736\" srcset=\"https:\/\/www.jefwodniack.com\/wordpress\/wp-content\/uploads\/2019\/12\/uyuni_19-10-27-13-31-31-062.jpg 900w, https:\/\/www.jefwodniack.com\/wordpress\/wp-content\/uploads\/2019\/12\/uyuni_19-10-27-13-31-31-062-800x533.jpg 800w, https:\/\/www.jefwodniack.com\/wordpress\/wp-content\/uploads\/2019\/12\/uyuni_19-10-27-13-31-31-062-768x512.jpg 768w\" sizes=\"(max-width: 900px) 100vw, 900px\" \/><\/a><figcaption class=\"wp-element-caption\">  Le salar d&rsquo;uyuni vu de l\u2019\u00eele d\u2019Incahuasi . <\/figcaption><\/figure>\n\n\n\n<figure class=\"wp-block-image size-large\"><a href=\"https:\/\/www.jefwodniack.com\/wordpress\/wp-content\/uploads\/2019\/12\/uyuni_19-10-27-11-38-28-043.jpg\"><img loading=\"lazy\" decoding=\"async\" width=\"900\" height=\"600\" data-id=\"3735\" src=\"https:\/\/www.jefwodniack.com\/wordpress\/wp-content\/uploads\/2019\/12\/uyuni_19-10-27-11-38-28-043.jpg\" alt=\"\" class=\"wp-image-3735\" srcset=\"https:\/\/www.jefwodniack.com\/wordpress\/wp-content\/uploads\/2019\/12\/uyuni_19-10-27-11-38-28-043.jpg 900w, https:\/\/www.jefwodniack.com\/wordpress\/wp-content\/uploads\/2019\/12\/uyuni_19-10-27-11-38-28-043-800x533.jpg 800w, https:\/\/www.jefwodniack.com\/wordpress\/wp-content\/uploads\/2019\/12\/uyuni_19-10-27-11-38-28-043-768x512.jpg 768w\" sizes=\"(max-width: 900px) 100vw, 900px\" \/><\/a><figcaption class=\"wp-element-caption\">Sur le Salar d&rsquo;Uyuni.<\/figcaption><\/figure>\n\n\n\n<figure class=\"wp-block-image size-large\"><a href=\"https:\/\/www.jefwodniack.com\/wordpress\/wp-content\/uploads\/2019\/12\/uyuni_19-10-27-11-30-49-034.jpg\"><img loading=\"lazy\" decoding=\"async\" width=\"900\" height=\"450\" data-id=\"3734\" src=\"https:\/\/www.jefwodniack.com\/wordpress\/wp-content\/uploads\/2019\/12\/uyuni_19-10-27-11-30-49-034.jpg\" alt=\"\" class=\"wp-image-3734\" srcset=\"https:\/\/www.jefwodniack.com\/wordpress\/wp-content\/uploads\/2019\/12\/uyuni_19-10-27-11-30-49-034.jpg 900w, https:\/\/www.jefwodniack.com\/wordpress\/wp-content\/uploads\/2019\/12\/uyuni_19-10-27-11-30-49-034-800x400.jpg 800w, https:\/\/www.jefwodniack.com\/wordpress\/wp-content\/uploads\/2019\/12\/uyuni_19-10-27-11-30-49-034-768x384.jpg 768w\" sizes=\"(max-width: 900px) 100vw, 900px\" \/><\/a><\/figure>\n\n\n\n<figure class=\"wp-block-image size-large\"><a href=\"https:\/\/www.jefwodniack.com\/wordpress\/wp-content\/uploads\/2019\/12\/uyuni_19-10-27-11-28-26-033.jpg\"><img loading=\"lazy\" decoding=\"async\" width=\"900\" height=\"600\" data-id=\"3733\" src=\"https:\/\/www.jefwodniack.com\/wordpress\/wp-content\/uploads\/2019\/12\/uyuni_19-10-27-11-28-26-033.jpg\" alt=\"\" class=\"wp-image-3733\" srcset=\"https:\/\/www.jefwodniack.com\/wordpress\/wp-content\/uploads\/2019\/12\/uyuni_19-10-27-11-28-26-033.jpg 900w, https:\/\/www.jefwodniack.com\/wordpress\/wp-content\/uploads\/2019\/12\/uyuni_19-10-27-11-28-26-033-800x533.jpg 800w, https:\/\/www.jefwodniack.com\/wordpress\/wp-content\/uploads\/2019\/12\/uyuni_19-10-27-11-28-26-033-768x512.jpg 768w\" sizes=\"(max-width: 900px) 100vw, 900px\" \/><\/a><figcaption class=\"wp-element-caption\">Drapeaux du monde sur le Salar d&rsquo;Uyuni.<\/figcaption><\/figure>\n\n\n\n<figure class=\"wp-block-image size-large\"><a href=\"https:\/\/www.jefwodniack.com\/wordpress\/wp-content\/uploads\/2019\/12\/uyuni_19-10-27-11-21-07-031.jpg\"><img loading=\"lazy\" decoding=\"async\" width=\"900\" height=\"600\" data-id=\"3732\" src=\"https:\/\/www.jefwodniack.com\/wordpress\/wp-content\/uploads\/2019\/12\/uyuni_19-10-27-11-21-07-031.jpg\" alt=\"\" class=\"wp-image-3732\" srcset=\"https:\/\/www.jefwodniack.com\/wordpress\/wp-content\/uploads\/2019\/12\/uyuni_19-10-27-11-21-07-031.jpg 900w, https:\/\/www.jefwodniack.com\/wordpress\/wp-content\/uploads\/2019\/12\/uyuni_19-10-27-11-21-07-031-800x533.jpg 800w, https:\/\/www.jefwodniack.com\/wordpress\/wp-content\/uploads\/2019\/12\/uyuni_19-10-27-11-21-07-031-768x512.jpg 768w\" sizes=\"(max-width: 900px) 100vw, 900px\" \/><\/a><figcaption class=\"wp-element-caption\"> Sur le Salar d&rsquo;Uyuni. <\/figcaption><\/figure>\n\n\n\n<figure class=\"wp-block-image size-large\"><a href=\"https:\/\/www.jefwodniack.com\/wordpress\/wp-content\/uploads\/2019\/12\/uyuni_19-10-27-10-47-37-020.jpg\"><img loading=\"lazy\" decoding=\"async\" width=\"900\" height=\"600\" data-id=\"3731\" src=\"https:\/\/www.jefwodniack.com\/wordpress\/wp-content\/uploads\/2019\/12\/uyuni_19-10-27-10-47-37-020.jpg\" alt=\"\" class=\"wp-image-3731\" srcset=\"https:\/\/www.jefwodniack.com\/wordpress\/wp-content\/uploads\/2019\/12\/uyuni_19-10-27-10-47-37-020.jpg 900w, https:\/\/www.jefwodniack.com\/wordpress\/wp-content\/uploads\/2019\/12\/uyuni_19-10-27-10-47-37-020-800x533.jpg 800w, https:\/\/www.jefwodniack.com\/wordpress\/wp-content\/uploads\/2019\/12\/uyuni_19-10-27-10-47-37-020-768x512.jpg 768w\" sizes=\"(max-width: 900px) 100vw, 900px\" \/><\/a><figcaption class=\"wp-element-caption\">Maison en sel \u00e0 Uyuni<\/figcaption><\/figure>\n\n\n\n<figure class=\"wp-block-image size-large\"><a href=\"https:\/\/www.jefwodniack.com\/wordpress\/wp-content\/uploads\/2019\/12\/uyuni_19-10-27-10-31-40-011.jpg\"><img loading=\"lazy\" decoding=\"async\" width=\"900\" height=\"600\" data-id=\"3730\" src=\"https:\/\/www.jefwodniack.com\/wordpress\/wp-content\/uploads\/2019\/12\/uyuni_19-10-27-10-31-40-011.jpg\" alt=\"\" class=\"wp-image-3730\" srcset=\"https:\/\/www.jefwodniack.com\/wordpress\/wp-content\/uploads\/2019\/12\/uyuni_19-10-27-10-31-40-011.jpg 900w, https:\/\/www.jefwodniack.com\/wordpress\/wp-content\/uploads\/2019\/12\/uyuni_19-10-27-10-31-40-011-800x533.jpg 800w, https:\/\/www.jefwodniack.com\/wordpress\/wp-content\/uploads\/2019\/12\/uyuni_19-10-27-10-31-40-011-768x512.jpg 768w\" sizes=\"(max-width: 900px) 100vw, 900px\" \/><\/a><figcaption class=\"wp-element-caption\">Artisanat du  sel \u00e0 Uyuni <\/figcaption><\/figure>\n\n\n\n<figure class=\"wp-block-image size-large\"><a href=\"https:\/\/www.jefwodniack.com\/wordpress\/wp-content\/uploads\/2019\/12\/uyuni_19-10-27-10-30-45-010.jpg\"><img loading=\"lazy\" decoding=\"async\" width=\"900\" height=\"600\" data-id=\"3729\" src=\"https:\/\/www.jefwodniack.com\/wordpress\/wp-content\/uploads\/2019\/12\/uyuni_19-10-27-10-30-45-010.jpg\" alt=\"\" class=\"wp-image-3729\" srcset=\"https:\/\/www.jefwodniack.com\/wordpress\/wp-content\/uploads\/2019\/12\/uyuni_19-10-27-10-30-45-010.jpg 900w, https:\/\/www.jefwodniack.com\/wordpress\/wp-content\/uploads\/2019\/12\/uyuni_19-10-27-10-30-45-010-800x533.jpg 800w, https:\/\/www.jefwodniack.com\/wordpress\/wp-content\/uploads\/2019\/12\/uyuni_19-10-27-10-30-45-010-768x512.jpg 768w\" sizes=\"(max-width: 900px) 100vw, 900px\" \/><\/a><figcaption class=\"wp-element-caption\"> Artisanat du  sel \u00e0 Uyuni .<\/figcaption><\/figure>\n<\/figure>\n","protected":false},"excerpt":{"rendered":"<p>Bolivie: Le salar d&rsquo;Uyuni. Situ\u00e9 \u00e0 3650 m\u00e8tres d\u2019altitude le salar d\u2019Uyuni en Bolivie est le plus vaste d\u00e9sert de sel du monde. Ses dimensions sont de 150 kilom\u00e8tres sur 100 kilom\u00e8tres. Au milieu de ce d\u00e9sert de sel se trouve des \u00eeles, en particulier l\u2019\u00eele d\u2019Incahuasi recouverte de cactus gigantesques. Mais dans les villages [&hellip;]<\/p>\n","protected":false},"author":1,"featured_media":3735,"comment_status":"open","ping_status":"open","sticky":false,"template":"","format":"standard","meta":{"_monsterinsights_skip_tracking":false,"_monsterinsights_sitenote_active":false,"_monsterinsights_sitenote_note":"","_monsterinsights_sitenote_category":0,"ocean_post_layout":"","ocean_both_sidebars_style":"","ocean_both_sidebars_content_width":0,"ocean_both_sidebars_sidebars_width":0,"ocean_sidebar":"0","ocean_second_sidebar":"0","ocean_disable_margins":"enable","ocean_add_body_class":"","ocean_shortcode_before_top_bar":"","ocean_shortcode_after_top_bar":"","ocean_shortcode_before_header":"","ocean_shortcode_after_header":"","ocean_has_shortcode":"","ocean_shortcode_after_title":"","ocean_shortcode_before_footer_widgets":"","ocean_shortcode_after_footer_widgets":"","ocean_shortcode_before_footer_bottom":"","ocean_shortcode_after_footer_bottom":"","ocean_display_top_bar":"default","ocean_display_header":"default","ocean_header_style":"","ocean_center_header_left_menu":"0","ocean_custom_header_template":"0","ocean_custom_logo":0,"ocean_custom_retina_logo":0,"ocean_custom_logo_max_width":0,"ocean_custom_logo_tablet_max_width":0,"ocean_custom_logo_mobile_max_width":0,"ocean_custom_logo_max_height":0,"ocean_custom_logo_tablet_max_height":0,"ocean_custom_logo_mobile_max_height":0,"ocean_header_custom_menu":"0","ocean_menu_typo_font_family":"0","ocean_menu_typo_font_subset":"","ocean_menu_typo_font_size":0,"ocean_menu_typo_font_size_tablet":0,"ocean_menu_typo_font_size_mobile":0,"ocean_menu_typo_font_size_unit":"px","ocean_menu_typo_font_weight":"","ocean_menu_typo_font_weight_tablet":"","ocean_menu_typo_font_weight_mobile":"","ocean_menu_typo_transform":"","ocean_menu_typo_transform_tablet":"","ocean_menu_typo_transform_mobile":"","ocean_menu_typo_line_height":0,"ocean_menu_typo_line_height_tablet":0,"ocean_menu_typo_line_height_mobile":0,"ocean_menu_typo_line_height_unit":"","ocean_menu_typo_spacing":0,"ocean_menu_typo_spacing_tablet":0,"ocean_menu_typo_spacing_mobile":0,"ocean_menu_typo_spacing_unit":"","ocean_menu_link_color":"","ocean_menu_link_color_hover":"","ocean_menu_link_color_active":"","ocean_menu_link_background":"","ocean_menu_link_hover_background":"","ocean_menu_link_active_background":"","ocean_menu_social_links_bg":"","ocean_menu_social_hover_links_bg":"","ocean_menu_social_links_color":"","ocean_menu_social_hover_links_color":"","ocean_disable_title":"default","ocean_disable_heading":"default","ocean_post_title":"","ocean_post_subheading":"","ocean_post_title_style":"","ocean_post_title_background_color":"","ocean_post_title_background":0,"ocean_post_title_bg_image_position":"","ocean_post_title_bg_image_attachment":"","ocean_post_title_bg_image_repeat":"","ocean_post_title_bg_image_size":"","ocean_post_title_height":0,"ocean_post_title_bg_overlay":0.5,"ocean_post_title_bg_overlay_color":"","ocean_disable_breadcrumbs":"default","ocean_breadcrumbs_color":"","ocean_breadcrumbs_separator_color":"","ocean_breadcrumbs_links_color":"","ocean_breadcrumbs_links_hover_color":"","ocean_display_footer_widgets":"default","ocean_display_footer_bottom":"default","ocean_custom_footer_template":"0","ocean_post_oembed":"","ocean_post_self_hosted_media":"","ocean_post_video_embed":"","ocean_link_format":"","ocean_link_format_target":"self","ocean_quote_format":"","ocean_quote_format_link":"post","ocean_gallery_link_images":"off","ocean_gallery_id":[],"footnotes":""},"categories":[32],"tags":[],"class_list":["post-3534","post","type-post","status-publish","format-standard","has-post-thumbnail","hentry","category-bolivie","entry","has-media"],"yoast_head":"<!-- This site is optimized with the Yoast SEO plugin v25.3 - https:\/\/yoast.com\/wordpress\/plugins\/seo\/ -->\n<title>Bolivie: Le salar d&#039;Uyuni. - Jef Wodniack Photos<\/title>\n<meta name=\"description\" content=\"Le salar d\u2019Uyuni en Bolivie est le plus vaste d\u00e9sert de sel du monde. Ses dimensions sont de 150 kilom\u00e8tres sur 100 kilom\u00e8tres.\" \/>\n<meta name=\"robots\" content=\"index, follow, max-snippet:-1, max-image-preview:large, max-video-preview:-1\" \/>\n<link rel=\"canonical\" href=\"https:\/\/www.jefwodniack.com\/wordpress\/2019\/12\/13\/bolivie-le-salar-duyuni\/\" \/>\n<meta property=\"og:locale\" content=\"fr_FR\" \/>\n<meta property=\"og:type\" content=\"article\" \/>\n<meta property=\"og:title\" content=\"Bolivie: Le salar d\u2019Uyuni.\" \/>\n<meta property=\"og:description\" content=\"Situ\u00e9 \u00e0 3650 m\u00e8tres d\u2019altitude le salar d\u2019Uyuni en Bolivie est le plus vaste d\u00e9sert de sel du monde.\" \/>\n<meta property=\"og:url\" content=\"https:\/\/www.jefwodniack.com\/wordpress\/2019\/12\/13\/bolivie-le-salar-duyuni\/\" \/>\n<meta property=\"og:site_name\" content=\"Jef Wodniack Photos\" \/>\n<meta property=\"article:publisher\" content=\"https:\/\/www.facebook.com\/Jef.Wodniack.Medias\" \/>\n<meta property=\"article:published_time\" content=\"2019-12-13T13:31:46+00:00\" \/>\n<meta property=\"article:modified_time\" content=\"2023-02-27T13:45:29+00:00\" \/>\n<meta property=\"og:image\" content=\"https:\/\/www.jefwodniack.com\/wordpress\/wp-content\/uploads\/2019\/12\/uyuni_19-10-27-18-14-57-145.jpg\" \/>\n\t<meta property=\"og:image:width\" content=\"900\" \/>\n\t<meta property=\"og:image:height\" content=\"600\" \/>\n\t<meta property=\"og:image:type\" content=\"image\/jpeg\" \/>\n<meta name=\"author\" content=\"jefwod\" \/>\n<meta name=\"twitter:card\" content=\"summary_large_image\" \/>\n<meta name=\"twitter:title\" content=\"Bolivie: Le salar d\u2019Uyuni.\" \/>\n<meta name=\"twitter:description\" content=\"Situ\u00e9 \u00e0 3650 m\u00e8tres d\u2019altitude le salar d\u2019Uyuni en Bolivie est le plus vaste d\u00e9sert de sel du monde.\" \/>\n<meta name=\"twitter:image\" content=\"https:\/\/www.jefwodniack.com\/wordpress\/wp-content\/uploads\/2019\/12\/uyuni_19-10-27-18-14-57-145.jpg\" \/>\n<meta name=\"twitter:label1\" content=\"\u00c9crit par\" \/>\n\t<meta name=\"twitter:data1\" content=\"jefwod\" \/>\n\t<meta name=\"twitter:label2\" content=\"Dur\u00e9e de lecture estim\u00e9e\" \/>\n\t<meta name=\"twitter:data2\" content=\"4 minutes\" \/>\n<script type=\"application\/ld+json\" class=\"yoast-schema-graph\">{\"@context\":\"https:\/\/schema.org\",\"@graph\":[{\"@type\":\"Article\",\"@id\":\"https:\/\/www.jefwodniack.com\/wordpress\/2019\/12\/13\/bolivie-le-salar-duyuni\/#article\",\"isPartOf\":{\"@id\":\"https:\/\/www.jefwodniack.com\/wordpress\/2019\/12\/13\/bolivie-le-salar-duyuni\/\"},\"author\":{\"name\":\"jefwod\",\"@id\":\"https:\/\/www.jefwodniack.com\/wordpress\/#\/schema\/person\/1e958c3c01e23d2814def6954b79c4c8\"},\"headline\":\"Bolivie: Le salar d&rsquo;Uyuni.\",\"datePublished\":\"2019-12-13T13:31:46+00:00\",\"dateModified\":\"2023-02-27T13:45:29+00:00\",\"mainEntityOfPage\":{\"@id\":\"https:\/\/www.jefwodniack.com\/wordpress\/2019\/12\/13\/bolivie-le-salar-duyuni\/\"},\"wordCount\":180,\"commentCount\":2,\"publisher\":{\"@id\":\"https:\/\/www.jefwodniack.com\/wordpress\/#organization\"},\"image\":{\"@id\":\"https:\/\/www.jefwodniack.com\/wordpress\/2019\/12\/13\/bolivie-le-salar-duyuni\/#primaryimage\"},\"thumbnailUrl\":\"https:\/\/www.jefwodniack.com\/wordpress\/wp-content\/uploads\/2019\/12\/uyuni_19-10-27-11-38-28-043.jpg\",\"articleSection\":[\"Bolivie\"],\"inLanguage\":\"fr-FR\",\"potentialAction\":[{\"@type\":\"CommentAction\",\"name\":\"Comment\",\"target\":[\"https:\/\/www.jefwodniack.com\/wordpress\/2019\/12\/13\/bolivie-le-salar-duyuni\/#respond\"]}]},{\"@type\":\"WebPage\",\"@id\":\"https:\/\/www.jefwodniack.com\/wordpress\/2019\/12\/13\/bolivie-le-salar-duyuni\/\",\"url\":\"https:\/\/www.jefwodniack.com\/wordpress\/2019\/12\/13\/bolivie-le-salar-duyuni\/\",\"name\":\"Bolivie: Le salar d'Uyuni. - Jef Wodniack Photos\",\"isPartOf\":{\"@id\":\"https:\/\/www.jefwodniack.com\/wordpress\/#website\"},\"primaryImageOfPage\":{\"@id\":\"https:\/\/www.jefwodniack.com\/wordpress\/2019\/12\/13\/bolivie-le-salar-duyuni\/#primaryimage\"},\"image\":{\"@id\":\"https:\/\/www.jefwodniack.com\/wordpress\/2019\/12\/13\/bolivie-le-salar-duyuni\/#primaryimage\"},\"thumbnailUrl\":\"https:\/\/www.jefwodniack.com\/wordpress\/wp-content\/uploads\/2019\/12\/uyuni_19-10-27-11-38-28-043.jpg\",\"datePublished\":\"2019-12-13T13:31:46+00:00\",\"dateModified\":\"2023-02-27T13:45:29+00:00\",\"description\":\"Le salar d\u2019Uyuni en Bolivie est le plus vaste d\u00e9sert de sel du monde. Ses dimensions sont de 150 kilom\u00e8tres sur 100 kilom\u00e8tres.\",\"breadcrumb\":{\"@id\":\"https:\/\/www.jefwodniack.com\/wordpress\/2019\/12\/13\/bolivie-le-salar-duyuni\/#breadcrumb\"},\"inLanguage\":\"fr-FR\",\"potentialAction\":[{\"@type\":\"ReadAction\",\"target\":[\"https:\/\/www.jefwodniack.com\/wordpress\/2019\/12\/13\/bolivie-le-salar-duyuni\/\"]}]},{\"@type\":\"ImageObject\",\"inLanguage\":\"fr-FR\",\"@id\":\"https:\/\/www.jefwodniack.com\/wordpress\/2019\/12\/13\/bolivie-le-salar-duyuni\/#primaryimage\",\"url\":\"https:\/\/www.jefwodniack.com\/wordpress\/wp-content\/uploads\/2019\/12\/uyuni_19-10-27-11-38-28-043.jpg\",\"contentUrl\":\"https:\/\/www.jefwodniack.com\/wordpress\/wp-content\/uploads\/2019\/12\/uyuni_19-10-27-11-38-28-043.jpg\",\"width\":900,\"height\":600},{\"@type\":\"BreadcrumbList\",\"@id\":\"https:\/\/www.jefwodniack.com\/wordpress\/2019\/12\/13\/bolivie-le-salar-duyuni\/#breadcrumb\",\"itemListElement\":[{\"@type\":\"ListItem\",\"position\":1,\"name\":\"Accueil\",\"item\":\"https:\/\/www.jefwodniack.com\/wordpress\/\"},{\"@type\":\"ListItem\",\"position\":2,\"name\":\"Bolivie: Le salar d&rsquo;Uyuni.\"}]},{\"@type\":\"WebSite\",\"@id\":\"https:\/\/www.jefwodniack.com\/wordpress\/#website\",\"url\":\"https:\/\/www.jefwodniack.com\/wordpress\/\",\"name\":\"Jef Wodniack Photos\",\"description\":\"Journal d&#039;un photographe voyageur.\",\"publisher\":{\"@id\":\"https:\/\/www.jefwodniack.com\/wordpress\/#organization\"},\"potentialAction\":[{\"@type\":\"SearchAction\",\"target\":{\"@type\":\"EntryPoint\",\"urlTemplate\":\"https:\/\/www.jefwodniack.com\/wordpress\/?s={search_term_string}\"},\"query-input\":{\"@type\":\"PropertyValueSpecification\",\"valueRequired\":true,\"valueName\":\"search_term_string\"}}],\"inLanguage\":\"fr-FR\"},{\"@type\":\"Organization\",\"@id\":\"https:\/\/www.jefwodniack.com\/wordpress\/#organization\",\"name\":\"Jef Wodniack Photos\",\"url\":\"https:\/\/www.jefwodniack.com\/wordpress\/\",\"logo\":{\"@type\":\"ImageObject\",\"inLanguage\":\"fr-FR\",\"@id\":\"https:\/\/www.jefwodniack.com\/wordpress\/#\/schema\/logo\/image\/\",\"url\":\"https:\/\/www.jefwodniack.com\/wordpress\/wp-content\/uploads\/2023\/02\/logo3.png\",\"contentUrl\":\"https:\/\/www.jefwodniack.com\/wordpress\/wp-content\/uploads\/2023\/02\/logo3.png\",\"width\":200,\"height\":50,\"caption\":\"Jef Wodniack Photos\"},\"image\":{\"@id\":\"https:\/\/www.jefwodniack.com\/wordpress\/#\/schema\/logo\/image\/\"},\"sameAs\":[\"https:\/\/www.facebook.com\/Jef.Wodniack.Medias\",\"https:\/\/www.instagram.com\/jefwod\/?hl=fr\",\"https:\/\/www.youtube.com\/channel\/UCzaIaufhblVb5WL43_cocIQ\"]},{\"@type\":\"Person\",\"@id\":\"https:\/\/www.jefwodniack.com\/wordpress\/#\/schema\/person\/1e958c3c01e23d2814def6954b79c4c8\",\"name\":\"jefwod\",\"image\":{\"@type\":\"ImageObject\",\"inLanguage\":\"fr-FR\",\"@id\":\"https:\/\/www.jefwodniack.com\/wordpress\/#\/schema\/person\/image\/\",\"url\":\"https:\/\/secure.gravatar.com\/avatar\/ce8c32675ac09e522a268b56dfb1f2d3702dac1452e92ae9d46a6c81d0623577?s=96&d=blank&r=g\",\"contentUrl\":\"https:\/\/secure.gravatar.com\/avatar\/ce8c32675ac09e522a268b56dfb1f2d3702dac1452e92ae9d46a6c81d0623577?s=96&d=blank&r=g\",\"caption\":\"jefwod\"},\"sameAs\":[\"https:\/\/www.jefwodniack.com\/wordpress\"]}]}<\/script>\n<!-- \/ Yoast SEO plugin. -->","yoast_head_json":{"title":"Bolivie: Le salar d'Uyuni. - Jef Wodniack Photos","description":"Le salar d\u2019Uyuni en Bolivie est le plus vaste d\u00e9sert de sel du monde. Ses dimensions sont de 150 kilom\u00e8tres sur 100 kilom\u00e8tres.","robots":{"index":"index","follow":"follow","max-snippet":"max-snippet:-1","max-image-preview":"max-image-preview:large","max-video-preview":"max-video-preview:-1"},"canonical":"https:\/\/www.jefwodniack.com\/wordpress\/2019\/12\/13\/bolivie-le-salar-duyuni\/","og_locale":"fr_FR","og_type":"article","og_title":"Bolivie: Le salar d\u2019Uyuni.","og_description":"Situ\u00e9 \u00e0 3650 m\u00e8tres d\u2019altitude le salar d\u2019Uyuni en Bolivie est le plus vaste d\u00e9sert de sel du monde.","og_url":"https:\/\/www.jefwodniack.com\/wordpress\/2019\/12\/13\/bolivie-le-salar-duyuni\/","og_site_name":"Jef Wodniack Photos","article_publisher":"https:\/\/www.facebook.com\/Jef.Wodniack.Medias","article_published_time":"2019-12-13T13:31:46+00:00","article_modified_time":"2023-02-27T13:45:29+00:00","og_image":[{"width":900,"height":600,"url":"https:\/\/www.jefwodniack.com\/wordpress\/wp-content\/uploads\/2019\/12\/uyuni_19-10-27-18-14-57-145.jpg","type":"image\/jpeg"}],"author":"jefwod","twitter_card":"summary_large_image","twitter_title":"Bolivie: Le salar d\u2019Uyuni.","twitter_description":"Situ\u00e9 \u00e0 3650 m\u00e8tres d\u2019altitude le salar d\u2019Uyuni en Bolivie est le plus vaste d\u00e9sert de sel du monde.","twitter_image":"https:\/\/www.jefwodniack.com\/wordpress\/wp-content\/uploads\/2019\/12\/uyuni_19-10-27-18-14-57-145.jpg","twitter_misc":{"\u00c9crit par":"jefwod","Dur\u00e9e de lecture estim\u00e9e":"4 minutes"},"schema":{"@context":"https:\/\/schema.org","@graph":[{"@type":"Article","@id":"https:\/\/www.jefwodniack.com\/wordpress\/2019\/12\/13\/bolivie-le-salar-duyuni\/#article","isPartOf":{"@id":"https:\/\/www.jefwodniack.com\/wordpress\/2019\/12\/13\/bolivie-le-salar-duyuni\/"},"author":{"name":"jefwod","@id":"https:\/\/www.jefwodniack.com\/wordpress\/#\/schema\/person\/1e958c3c01e23d2814def6954b79c4c8"},"headline":"Bolivie: Le salar d&rsquo;Uyuni.","datePublished":"2019-12-13T13:31:46+00:00","dateModified":"2023-02-27T13:45:29+00:00","mainEntityOfPage":{"@id":"https:\/\/www.jefwodniack.com\/wordpress\/2019\/12\/13\/bolivie-le-salar-duyuni\/"},"wordCount":180,"commentCount":2,"publisher":{"@id":"https:\/\/www.jefwodniack.com\/wordpress\/#organization"},"image":{"@id":"https:\/\/www.jefwodniack.com\/wordpress\/2019\/12\/13\/bolivie-le-salar-duyuni\/#primaryimage"},"thumbnailUrl":"https:\/\/www.jefwodniack.com\/wordpress\/wp-content\/uploads\/2019\/12\/uyuni_19-10-27-11-38-28-043.jpg","articleSection":["Bolivie"],"inLanguage":"fr-FR","potentialAction":[{"@type":"CommentAction","name":"Comment","target":["https:\/\/www.jefwodniack.com\/wordpress\/2019\/12\/13\/bolivie-le-salar-duyuni\/#respond"]}]},{"@type":"WebPage","@id":"https:\/\/www.jefwodniack.com\/wordpress\/2019\/12\/13\/bolivie-le-salar-duyuni\/","url":"https:\/\/www.jefwodniack.com\/wordpress\/2019\/12\/13\/bolivie-le-salar-duyuni\/","name":"Bolivie: Le salar d'Uyuni. - Jef Wodniack Photos","isPartOf":{"@id":"https:\/\/www.jefwodniack.com\/wordpress\/#website"},"primaryImageOfPage":{"@id":"https:\/\/www.jefwodniack.com\/wordpress\/2019\/12\/13\/bolivie-le-salar-duyuni\/#primaryimage"},"image":{"@id":"https:\/\/www.jefwodniack.com\/wordpress\/2019\/12\/13\/bolivie-le-salar-duyuni\/#primaryimage"},"thumbnailUrl":"https:\/\/www.jefwodniack.com\/wordpress\/wp-content\/uploads\/2019\/12\/uyuni_19-10-27-11-38-28-043.jpg","datePublished":"2019-12-13T13:31:46+00:00","dateModified":"2023-02-27T13:45:29+00:00","description":"Le salar d\u2019Uyuni en Bolivie est le plus vaste d\u00e9sert de sel du monde. Ses dimensions sont de 150 kilom\u00e8tres sur 100 kilom\u00e8tres.","breadcrumb":{"@id":"https:\/\/www.jefwodniack.com\/wordpress\/2019\/12\/13\/bolivie-le-salar-duyuni\/#breadcrumb"},"inLanguage":"fr-FR","potentialAction":[{"@type":"ReadAction","target":["https:\/\/www.jefwodniack.com\/wordpress\/2019\/12\/13\/bolivie-le-salar-duyuni\/"]}]},{"@type":"ImageObject","inLanguage":"fr-FR","@id":"https:\/\/www.jefwodniack.com\/wordpress\/2019\/12\/13\/bolivie-le-salar-duyuni\/#primaryimage","url":"https:\/\/www.jefwodniack.com\/wordpress\/wp-content\/uploads\/2019\/12\/uyuni_19-10-27-11-38-28-043.jpg","contentUrl":"https:\/\/www.jefwodniack.com\/wordpress\/wp-content\/uploads\/2019\/12\/uyuni_19-10-27-11-38-28-043.jpg","width":900,"height":600},{"@type":"BreadcrumbList","@id":"https:\/\/www.jefwodniack.com\/wordpress\/2019\/12\/13\/bolivie-le-salar-duyuni\/#breadcrumb","itemListElement":[{"@type":"ListItem","position":1,"name":"Accueil","item":"https:\/\/www.jefwodniack.com\/wordpress\/"},{"@type":"ListItem","position":2,"name":"Bolivie: Le salar d&rsquo;Uyuni."}]},{"@type":"WebSite","@id":"https:\/\/www.jefwodniack.com\/wordpress\/#website","url":"https:\/\/www.jefwodniack.com\/wordpress\/","name":"Jef Wodniack Photos","description":"Journal d&#039;un photographe voyageur.","publisher":{"@id":"https:\/\/www.jefwodniack.com\/wordpress\/#organization"},"potentialAction":[{"@type":"SearchAction","target":{"@type":"EntryPoint","urlTemplate":"https:\/\/www.jefwodniack.com\/wordpress\/?s={search_term_string}"},"query-input":{"@type":"PropertyValueSpecification","valueRequired":true,"valueName":"search_term_string"}}],"inLanguage":"fr-FR"},{"@type":"Organization","@id":"https:\/\/www.jefwodniack.com\/wordpress\/#organization","name":"Jef Wodniack Photos","url":"https:\/\/www.jefwodniack.com\/wordpress\/","logo":{"@type":"ImageObject","inLanguage":"fr-FR","@id":"https:\/\/www.jefwodniack.com\/wordpress\/#\/schema\/logo\/image\/","url":"https:\/\/www.jefwodniack.com\/wordpress\/wp-content\/uploads\/2023\/02\/logo3.png","contentUrl":"https:\/\/www.jefwodniack.com\/wordpress\/wp-content\/uploads\/2023\/02\/logo3.png","width":200,"height":50,"caption":"Jef Wodniack Photos"},"image":{"@id":"https:\/\/www.jefwodniack.com\/wordpress\/#\/schema\/logo\/image\/"},"sameAs":["https:\/\/www.facebook.com\/Jef.Wodniack.Medias","https:\/\/www.instagram.com\/jefwod\/?hl=fr","https:\/\/www.youtube.com\/channel\/UCzaIaufhblVb5WL43_cocIQ"]},{"@type":"Person","@id":"https:\/\/www.jefwodniack.com\/wordpress\/#\/schema\/person\/1e958c3c01e23d2814def6954b79c4c8","name":"jefwod","image":{"@type":"ImageObject","inLanguage":"fr-FR","@id":"https:\/\/www.jefwodniack.com\/wordpress\/#\/schema\/person\/image\/","url":"https:\/\/secure.gravatar.com\/avatar\/ce8c32675ac09e522a268b56dfb1f2d3702dac1452e92ae9d46a6c81d0623577?s=96&d=blank&r=g","contentUrl":"https:\/\/secure.gravatar.com\/avatar\/ce8c32675ac09e522a268b56dfb1f2d3702dac1452e92ae9d46a6c81d0623577?s=96&d=blank&r=g","caption":"jefwod"},"sameAs":["https:\/\/www.jefwodniack.com\/wordpress"]}]}},"_links":{"self":[{"href":"https:\/\/www.jefwodniack.com\/wordpress\/wp-json\/wp\/v2\/posts\/3534","targetHints":{"allow":["GET"]}}],"collection":[{"href":"https:\/\/www.jefwodniack.com\/wordpress\/wp-json\/wp\/v2\/posts"}],"about":[{"href":"https:\/\/www.jefwodniack.com\/wordpress\/wp-json\/wp\/v2\/types\/post"}],"author":[{"embeddable":true,"href":"https:\/\/www.jefwodniack.com\/wordpress\/wp-json\/wp\/v2\/users\/1"}],"replies":[{"embeddable":true,"href":"https:\/\/www.jefwodniack.com\/wordpress\/wp-json\/wp\/v2\/comments?post=3534"}],"version-history":[{"count":6,"href":"https:\/\/www.jefwodniack.com\/wordpress\/wp-json\/wp\/v2\/posts\/3534\/revisions"}],"predecessor-version":[{"id":6362,"href":"https:\/\/www.jefwodniack.com\/wordpress\/wp-json\/wp\/v2\/posts\/3534\/revisions\/6362"}],"wp:featuredmedia":[{"embeddable":true,"href":"https:\/\/www.jefwodniack.com\/wordpress\/wp-json\/wp\/v2\/media\/3735"}],"wp:attachment":[{"href":"https:\/\/www.jefwodniack.com\/wordpress\/wp-json\/wp\/v2\/media?parent=3534"}],"wp:term":[{"taxonomy":"category","embeddable":true,"href":"https:\/\/www.jefwodniack.com\/wordpress\/wp-json\/wp\/v2\/categories?post=3534"},{"taxonomy":"post_tag","embeddable":true,"href":"https:\/\/www.jefwodniack.com\/wordpress\/wp-json\/wp\/v2\/tags?post=3534"}],"curies":[{"name":"wp","href":"https:\/\/api.w.org\/{rel}","templated":true}]}}