{"id":3150,"date":"2019-01-14T15:27:49","date_gmt":"2019-01-14T14:27:49","guid":{"rendered":"http:\/\/www.jefwodniack.com\/wordpress\/?p=3150"},"modified":"2023-02-28T10:49:03","modified_gmt":"2023-02-28T09:49:03","slug":"france-les-grues-de-montier-en-der","status":"publish","type":"post","link":"https:\/\/www.jefwodniack.com\/wordpress\/2019\/01\/14\/france-les-grues-de-montier-en-der\/","title":{"rendered":"France: Les grues de Montier en Der."},"content":{"rendered":"\n<h2 class=\"wp-block-heading\">France: Les grues de Montier en Der.<\/h2>\n\n\n\n<h3 class=\"wp-block-heading\">C&rsquo;est au nord est de la France que se trouve <a href=\"https:\/\/fr.wikipedia.org\/wiki\/Montier-en-Der\">Montier en Der<\/a>, \u00e0 cot\u00e9 de Saint Dizier.<\/h3>\n\n\n\n<h3 class=\"wp-block-heading\">Tous les ans au mois de novembre c&rsquo;est le lieu de passage de la <a href=\"https:\/\/champagne-ardenne.lpo.fr\/grue-cendree\/migration-et-hivernage\/la-migration-des-grues-cendrees-au-jour-le-jour\" target=\"_blank\" rel=\"noreferrer noopener\">migration des grues cendr\u00e9es<\/a>. En 2018 elles \u00e9taient 70 000 au rendez vous. <\/h3>\n\n\n\n<h3 class=\"wp-block-heading\">Si dans la journ\u00e9e les grues restent dans les champs.  Elles passent la nuit au bord du <a href=\"https:\/\/www.lacduder.com\/\" target=\"_blank\" rel=\"noreferrer noopener\">lac du Der.<\/a> C&rsquo;est donc le matin lors de leur envol par centaines et le soir lors de leur retour, que le spectacle \u00e0 lieu au bord du lac pour le plus grand plaisir des photographes et ornithologues.<\/h3>\n\n\n\n<p><\/p>\n\n\n\n<figure class=\"wp-block-gallery has-nested-images columns-3 is-cropped wp-block-gallery-1 is-layout-flex wp-block-gallery-is-layout-flex\">\n<figure class=\"wp-block-image size-full\"><a href=\"https:\/\/www.jefwodniack.com\/wordpress\/wp-content\/uploads\/2019\/01\/Montier-en-Der_18-11-17_12-16-44_167.jpg\"><img fetchpriority=\"high\" decoding=\"async\" width=\"900\" height=\"600\" data-id=\"3148\" src=\"https:\/\/www.jefwodniack.com\/wordpress\/wp-content\/uploads\/2019\/01\/Montier-en-Der_18-11-17_12-16-44_167.jpg\" alt=\"Grues cendr\u00e9es \" class=\"wp-image-3148\" srcset=\"https:\/\/www.jefwodniack.com\/wordpress\/wp-content\/uploads\/2019\/01\/Montier-en-Der_18-11-17_12-16-44_167.jpg 900w, https:\/\/www.jefwodniack.com\/wordpress\/wp-content\/uploads\/2019\/01\/Montier-en-Der_18-11-17_12-16-44_167-800x533.jpg 800w, https:\/\/www.jefwodniack.com\/wordpress\/wp-content\/uploads\/2019\/01\/Montier-en-Der_18-11-17_12-16-44_167-768x512.jpg 768w\" sizes=\"(max-width: 900px) 100vw, 900px\" \/><\/a><figcaption class=\"wp-element-caption\">Grues cendr\u00e9es <\/figcaption><\/figure>\n\n\n\n<figure class=\"wp-block-image size-full\"><a href=\"https:\/\/www.jefwodniack.com\/wordpress\/wp-content\/uploads\/2019\/01\/Montier-en-Der_18-11-17_12-15-11_162.jpg\"><img decoding=\"async\" width=\"900\" height=\"450\" data-id=\"3147\" src=\"https:\/\/www.jefwodniack.com\/wordpress\/wp-content\/uploads\/2019\/01\/Montier-en-Der_18-11-17_12-15-11_162.jpg\" alt=\"Vol de grues cendr\u00e9es\" class=\"wp-image-3147\" srcset=\"https:\/\/www.jefwodniack.com\/wordpress\/wp-content\/uploads\/2019\/01\/Montier-en-Der_18-11-17_12-15-11_162.jpg 900w, https:\/\/www.jefwodniack.com\/wordpress\/wp-content\/uploads\/2019\/01\/Montier-en-Der_18-11-17_12-15-11_162-800x400.jpg 800w, https:\/\/www.jefwodniack.com\/wordpress\/wp-content\/uploads\/2019\/01\/Montier-en-Der_18-11-17_12-15-11_162-768x384.jpg 768w\" sizes=\"(max-width: 900px) 100vw, 900px\" \/><\/a><figcaption class=\"wp-element-caption\">Vol de grues cendr\u00e9es<\/figcaption><\/figure>\n\n\n\n<figure class=\"wp-block-image size-full\"><a href=\"https:\/\/www.jefwodniack.com\/wordpress\/wp-content\/uploads\/2019\/01\/Montier-en-Der_18-11-17_11-08-04_127.jpg\"><img decoding=\"async\" width=\"900\" height=\"600\" data-id=\"3146\" src=\"https:\/\/www.jefwodniack.com\/wordpress\/wp-content\/uploads\/2019\/01\/Montier-en-Der_18-11-17_11-08-04_127.jpg\" alt=\"Vol de grues cendr\u00e9es\" class=\"wp-image-3146\" srcset=\"https:\/\/www.jefwodniack.com\/wordpress\/wp-content\/uploads\/2019\/01\/Montier-en-Der_18-11-17_11-08-04_127.jpg 900w, https:\/\/www.jefwodniack.com\/wordpress\/wp-content\/uploads\/2019\/01\/Montier-en-Der_18-11-17_11-08-04_127-800x533.jpg 800w, https:\/\/www.jefwodniack.com\/wordpress\/wp-content\/uploads\/2019\/01\/Montier-en-Der_18-11-17_11-08-04_127-768x512.jpg 768w\" sizes=\"(max-width: 900px) 100vw, 900px\" \/><\/a><figcaption class=\"wp-element-caption\">Vol de grues cendr\u00e9es<\/figcaption><\/figure>\n\n\n\n<figure class=\"wp-block-image size-full\"><a href=\"https:\/\/www.jefwodniack.com\/wordpress\/wp-content\/uploads\/2019\/01\/Montier-en-Der_18-11-17_07-52-05_116.jpg\"><img loading=\"lazy\" decoding=\"async\" width=\"900\" height=\"600\" data-id=\"3145\" src=\"https:\/\/www.jefwodniack.com\/wordpress\/wp-content\/uploads\/2019\/01\/Montier-en-Der_18-11-17_07-52-05_116.jpg\" alt=\"Vol de grues cendr\u00e9es au petit matin\" class=\"wp-image-3145\" srcset=\"https:\/\/www.jefwodniack.com\/wordpress\/wp-content\/uploads\/2019\/01\/Montier-en-Der_18-11-17_07-52-05_116.jpg 900w, https:\/\/www.jefwodniack.com\/wordpress\/wp-content\/uploads\/2019\/01\/Montier-en-Der_18-11-17_07-52-05_116-800x533.jpg 800w, https:\/\/www.jefwodniack.com\/wordpress\/wp-content\/uploads\/2019\/01\/Montier-en-Der_18-11-17_07-52-05_116-768x512.jpg 768w\" sizes=\"(max-width: 900px) 100vw, 900px\" \/><\/a><figcaption class=\"wp-element-caption\">Vol de grues cendr\u00e9es au petit matin.<\/figcaption><\/figure>\n\n\n\n<figure class=\"wp-block-image size-full\"><a href=\"https:\/\/www.jefwodniack.com\/wordpress\/wp-content\/uploads\/2019\/01\/Montier-en-Der_18-11-16_16-50-03_074.jpg\"><img loading=\"lazy\" decoding=\"async\" width=\"900\" height=\"600\" data-id=\"3144\" src=\"https:\/\/www.jefwodniack.com\/wordpress\/wp-content\/uploads\/2019\/01\/Montier-en-Der_18-11-16_16-50-03_074.jpg\" alt=\"Les grues ont rendez vous avec la lune.\" class=\"wp-image-3144\" srcset=\"https:\/\/www.jefwodniack.com\/wordpress\/wp-content\/uploads\/2019\/01\/Montier-en-Der_18-11-16_16-50-03_074.jpg 900w, https:\/\/www.jefwodniack.com\/wordpress\/wp-content\/uploads\/2019\/01\/Montier-en-Der_18-11-16_16-50-03_074-800x533.jpg 800w, https:\/\/www.jefwodniack.com\/wordpress\/wp-content\/uploads\/2019\/01\/Montier-en-Der_18-11-16_16-50-03_074-768x512.jpg 768w\" sizes=\"(max-width: 900px) 100vw, 900px\" \/><\/a><figcaption class=\"wp-element-caption\">Les grues ont rendez vous avec la lune.<\/figcaption><\/figure>\n\n\n\n<figure class=\"wp-block-image size-full\"><a href=\"https:\/\/www.jefwodniack.com\/wordpress\/wp-content\/uploads\/2019\/01\/Montier-en-Der_18-11-15_16-26-16_020.jpg\"><img loading=\"lazy\" decoding=\"async\" width=\"900\" height=\"307\" data-id=\"3143\" src=\"https:\/\/www.jefwodniack.com\/wordpress\/wp-content\/uploads\/2019\/01\/Montier-en-Der_18-11-15_16-26-16_020.jpg\" alt=\"Grues cendr\u00e9es \" class=\"wp-image-3143\" srcset=\"https:\/\/www.jefwodniack.com\/wordpress\/wp-content\/uploads\/2019\/01\/Montier-en-Der_18-11-15_16-26-16_020.jpg 900w, https:\/\/www.jefwodniack.com\/wordpress\/wp-content\/uploads\/2019\/01\/Montier-en-Der_18-11-15_16-26-16_020-800x273.jpg 800w, https:\/\/www.jefwodniack.com\/wordpress\/wp-content\/uploads\/2019\/01\/Montier-en-Der_18-11-15_16-26-16_020-768x262.jpg 768w\" sizes=\"(max-width: 900px) 100vw, 900px\" \/><\/a><figcaption class=\"wp-element-caption\">Grues cendr\u00e9es <\/figcaption><\/figure>\n\n\n\n<figure class=\"wp-block-image size-full\"><a href=\"https:\/\/www.jefwodniack.com\/wordpress\/wp-content\/uploads\/2019\/01\/Montier-en-Der_18-11-14_16-22-33_002.jpg\"><img loading=\"lazy\" decoding=\"async\" width=\"900\" height=\"600\" data-id=\"3142\" src=\"https:\/\/www.jefwodniack.com\/wordpress\/wp-content\/uploads\/2019\/01\/Montier-en-Der_18-11-14_16-22-33_002.jpg\" alt=\"Grues cendr\u00e9es \" class=\"wp-image-3142\" srcset=\"https:\/\/www.jefwodniack.com\/wordpress\/wp-content\/uploads\/2019\/01\/Montier-en-Der_18-11-14_16-22-33_002.jpg 900w, https:\/\/www.jefwodniack.com\/wordpress\/wp-content\/uploads\/2019\/01\/Montier-en-Der_18-11-14_16-22-33_002-800x533.jpg 800w, https:\/\/www.jefwodniack.com\/wordpress\/wp-content\/uploads\/2019\/01\/Montier-en-Der_18-11-14_16-22-33_002-768x512.jpg 768w\" sizes=\"(max-width: 900px) 100vw, 900px\" \/><\/a><figcaption class=\"wp-element-caption\">Grues cendr\u00e9es <\/figcaption><\/figure>\n\n\n\n<figure class=\"wp-block-image size-full\"><a href=\"https:\/\/www.jefwodniack.com\/wordpress\/wp-content\/uploads\/2019\/01\/Montier-en-Der_18-11-15_16-53-08_039-1.jpg\"><img loading=\"lazy\" decoding=\"async\" width=\"600\" height=\"900\" data-id=\"3152\" src=\"https:\/\/www.jefwodniack.com\/wordpress\/wp-content\/uploads\/2019\/01\/Montier-en-Der_18-11-15_16-53-08_039-1.jpg\" alt=\"Vol de grues cendr\u00e9es le soir au couchant.\" class=\"wp-image-3152\" srcset=\"https:\/\/www.jefwodniack.com\/wordpress\/wp-content\/uploads\/2019\/01\/Montier-en-Der_18-11-15_16-53-08_039-1.jpg 600w, https:\/\/www.jefwodniack.com\/wordpress\/wp-content\/uploads\/2019\/01\/Montier-en-Der_18-11-15_16-53-08_039-1-533x800.jpg 533w\" sizes=\"(max-width: 600px) 100vw, 600px\" \/><\/a><figcaption class=\"wp-element-caption\">Vol de grues cendr\u00e9es le soir au couchant.<\/figcaption><\/figure>\n<\/figure>\n","protected":false},"excerpt":{"rendered":"<p>France: Les grues de Montier en Der. C&rsquo;est au nord est de la France que se trouve Montier en Der, \u00e0 cot\u00e9 de Saint Dizier. Tous les ans au mois de novembre c&rsquo;est le lieu de passage de la migration des grues cendr\u00e9es. En 2018 elles \u00e9taient 70 000 au rendez vous. Si dans la [&hellip;]<\/p>\n","protected":false},"author":1,"featured_media":3146,"comment_status":"open","ping_status":"open","sticky":false,"template":"","format":"standard","meta":{"_monsterinsights_skip_tracking":false,"_monsterinsights_sitenote_active":false,"_monsterinsights_sitenote_note":"","_monsterinsights_sitenote_category":0,"ocean_post_layout":"","ocean_both_sidebars_style":"","ocean_both_sidebars_content_width":0,"ocean_both_sidebars_sidebars_width":0,"ocean_sidebar":"0","ocean_second_sidebar":"0","ocean_disable_margins":"enable","ocean_add_body_class":"","ocean_shortcode_before_top_bar":"","ocean_shortcode_after_top_bar":"","ocean_shortcode_before_header":"","ocean_shortcode_after_header":"","ocean_has_shortcode":"","ocean_shortcode_after_title":"","ocean_shortcode_before_footer_widgets":"","ocean_shortcode_after_footer_widgets":"","ocean_shortcode_before_footer_bottom":"","ocean_shortcode_after_footer_bottom":"","ocean_display_top_bar":"default","ocean_display_header":"default","ocean_header_style":"","ocean_center_header_left_menu":"0","ocean_custom_header_template":"0","ocean_custom_logo":0,"ocean_custom_retina_logo":0,"ocean_custom_logo_max_width":0,"ocean_custom_logo_tablet_max_width":0,"ocean_custom_logo_mobile_max_width":0,"ocean_custom_logo_max_height":0,"ocean_custom_logo_tablet_max_height":0,"ocean_custom_logo_mobile_max_height":0,"ocean_header_custom_menu":"0","ocean_menu_typo_font_family":"0","ocean_menu_typo_font_subset":"","ocean_menu_typo_font_size":0,"ocean_menu_typo_font_size_tablet":0,"ocean_menu_typo_font_size_mobile":0,"ocean_menu_typo_font_size_unit":"px","ocean_menu_typo_font_weight":"","ocean_menu_typo_font_weight_tablet":"","ocean_menu_typo_font_weight_mobile":"","ocean_menu_typo_transform":"","ocean_menu_typo_transform_tablet":"","ocean_menu_typo_transform_mobile":"","ocean_menu_typo_line_height":0,"ocean_menu_typo_line_height_tablet":0,"ocean_menu_typo_line_height_mobile":0,"ocean_menu_typo_line_height_unit":"","ocean_menu_typo_spacing":0,"ocean_menu_typo_spacing_tablet":0,"ocean_menu_typo_spacing_mobile":0,"ocean_menu_typo_spacing_unit":"","ocean_menu_link_color":"","ocean_menu_link_color_hover":"","ocean_menu_link_color_active":"","ocean_menu_link_background":"","ocean_menu_link_hover_background":"","ocean_menu_link_active_background":"","ocean_menu_social_links_bg":"","ocean_menu_social_hover_links_bg":"","ocean_menu_social_links_color":"","ocean_menu_social_hover_links_color":"","ocean_disable_title":"default","ocean_disable_heading":"default","ocean_post_title":"","ocean_post_subheading":"","ocean_post_title_style":"","ocean_post_title_background_color":"","ocean_post_title_background":0,"ocean_post_title_bg_image_position":"","ocean_post_title_bg_image_attachment":"","ocean_post_title_bg_image_repeat":"","ocean_post_title_bg_image_size":"","ocean_post_title_height":0,"ocean_post_title_bg_overlay":0.5,"ocean_post_title_bg_overlay_color":"","ocean_disable_breadcrumbs":"default","ocean_breadcrumbs_color":"","ocean_breadcrumbs_separator_color":"","ocean_breadcrumbs_links_color":"","ocean_breadcrumbs_links_hover_color":"","ocean_display_footer_widgets":"default","ocean_display_footer_bottom":"default","ocean_custom_footer_template":"0","ocean_post_oembed":"","ocean_post_self_hosted_media":"","ocean_post_video_embed":"","ocean_link_format":"","ocean_link_format_target":"self","ocean_quote_format":"","ocean_quote_format_link":"post","ocean_gallery_link_images":"off","ocean_gallery_id":[],"footnotes":""},"categories":[28,13],"tags":[],"class_list":["post-3150","post","type-post","status-publish","format-standard","has-post-thumbnail","hentry","category-animaux","category-france","entry","has-media"],"yoast_head":"<!-- This site is optimized with the Yoast SEO plugin v25.3 - https:\/\/yoast.com\/wordpress\/plugins\/seo\/ -->\n<title>France: Les grues de Montier en Der. - Jef Wodniack Photos<\/title>\n<meta name=\"description\" content=\"Tous les ans au mois de novembre Montier en Der est un lieu de passage de la migration des grues cendr\u00e9es.\" \/>\n<meta name=\"robots\" content=\"index, follow, max-snippet:-1, max-image-preview:large, max-video-preview:-1\" \/>\n<link rel=\"canonical\" href=\"https:\/\/www.jefwodniack.com\/wordpress\/2019\/01\/14\/france-les-grues-de-montier-en-der\/\" \/>\n<meta property=\"og:locale\" content=\"fr_FR\" \/>\n<meta property=\"og:type\" content=\"article\" \/>\n<meta property=\"og:title\" content=\"France: Les grues de Montier en Der.\" \/>\n<meta property=\"og:description\" content=\"Tous les ans au mois de novembre Montier en Der est un lieu de passage de la migration des grues cendr\u00e9es.\" \/>\n<meta property=\"og:url\" content=\"https:\/\/www.jefwodniack.com\/wordpress\/2019\/01\/14\/france-les-grues-de-montier-en-der\/\" \/>\n<meta property=\"og:site_name\" content=\"Jef Wodniack Photos\" \/>\n<meta property=\"article:publisher\" content=\"https:\/\/www.facebook.com\/Jef.Wodniack.Medias\" \/>\n<meta property=\"article:published_time\" content=\"2019-01-14T14:27:49+00:00\" \/>\n<meta property=\"article:modified_time\" content=\"2023-02-28T09:49:03+00:00\" \/>\n<meta property=\"og:image\" content=\"https:\/\/www.jefwodniack.com\/wordpress\/wp-content\/uploads\/2019\/01\/Montier-en-Der_18-11-17_11-08-04_127.jpg\" \/>\n\t<meta property=\"og:image:width\" content=\"900\" \/>\n\t<meta property=\"og:image:height\" content=\"600\" \/>\n\t<meta property=\"og:image:type\" content=\"image\/jpeg\" \/>\n<meta name=\"author\" content=\"jefwod\" \/>\n<meta name=\"twitter:card\" content=\"summary_large_image\" \/>\n<meta name=\"twitter:title\" content=\"France: Les grues de Montier en Der.\" \/>\n<meta name=\"twitter:description\" content=\"Tous les ans au mois de novembre Montier en Der est un lieu de passage de la migration des grues cendr\u00e9es.\" \/>\n<meta name=\"twitter:image\" content=\"https:\/\/www.jefwodniack.com\/wordpress\/wp-content\/uploads\/2019\/01\/Montier-en-Der_18-11-17_11-08-04_127.jpg\" \/>\n<meta name=\"twitter:label1\" content=\"\u00c9crit par\" \/>\n\t<meta name=\"twitter:data1\" content=\"jefwod\" \/>\n\t<meta name=\"twitter:label2\" content=\"Dur\u00e9e de lecture estim\u00e9e\" \/>\n\t<meta name=\"twitter:data2\" content=\"3 minutes\" \/>\n<script type=\"application\/ld+json\" class=\"yoast-schema-graph\">{\"@context\":\"https:\/\/schema.org\",\"@graph\":[{\"@type\":\"Article\",\"@id\":\"https:\/\/www.jefwodniack.com\/wordpress\/2019\/01\/14\/france-les-grues-de-montier-en-der\/#article\",\"isPartOf\":{\"@id\":\"https:\/\/www.jefwodniack.com\/wordpress\/2019\/01\/14\/france-les-grues-de-montier-en-der\/\"},\"author\":{\"name\":\"jefwod\",\"@id\":\"https:\/\/www.jefwodniack.com\/wordpress\/#\/schema\/person\/1e958c3c01e23d2814def6954b79c4c8\"},\"headline\":\"France: Les grues de Montier en Der.\",\"datePublished\":\"2019-01-14T14:27:49+00:00\",\"dateModified\":\"2023-02-28T09:49:03+00:00\",\"mainEntityOfPage\":{\"@id\":\"https:\/\/www.jefwodniack.com\/wordpress\/2019\/01\/14\/france-les-grues-de-montier-en-der\/\"},\"wordCount\":158,\"commentCount\":0,\"publisher\":{\"@id\":\"https:\/\/www.jefwodniack.com\/wordpress\/#organization\"},\"image\":{\"@id\":\"https:\/\/www.jefwodniack.com\/wordpress\/2019\/01\/14\/france-les-grues-de-montier-en-der\/#primaryimage\"},\"thumbnailUrl\":\"https:\/\/www.jefwodniack.com\/wordpress\/wp-content\/uploads\/2019\/01\/Montier-en-Der_18-11-17_11-08-04_127.jpg\",\"articleSection\":[\"Animaux\",\"France\"],\"inLanguage\":\"fr-FR\",\"potentialAction\":[{\"@type\":\"CommentAction\",\"name\":\"Comment\",\"target\":[\"https:\/\/www.jefwodniack.com\/wordpress\/2019\/01\/14\/france-les-grues-de-montier-en-der\/#respond\"]}]},{\"@type\":\"WebPage\",\"@id\":\"https:\/\/www.jefwodniack.com\/wordpress\/2019\/01\/14\/france-les-grues-de-montier-en-der\/\",\"url\":\"https:\/\/www.jefwodniack.com\/wordpress\/2019\/01\/14\/france-les-grues-de-montier-en-der\/\",\"name\":\"France: Les grues de Montier en Der. - Jef Wodniack Photos\",\"isPartOf\":{\"@id\":\"https:\/\/www.jefwodniack.com\/wordpress\/#website\"},\"primaryImageOfPage\":{\"@id\":\"https:\/\/www.jefwodniack.com\/wordpress\/2019\/01\/14\/france-les-grues-de-montier-en-der\/#primaryimage\"},\"image\":{\"@id\":\"https:\/\/www.jefwodniack.com\/wordpress\/2019\/01\/14\/france-les-grues-de-montier-en-der\/#primaryimage\"},\"thumbnailUrl\":\"https:\/\/www.jefwodniack.com\/wordpress\/wp-content\/uploads\/2019\/01\/Montier-en-Der_18-11-17_11-08-04_127.jpg\",\"datePublished\":\"2019-01-14T14:27:49+00:00\",\"dateModified\":\"2023-02-28T09:49:03+00:00\",\"description\":\"Tous les ans au mois de novembre Montier en Der est un lieu de passage de la migration des grues cendr\u00e9es.\",\"breadcrumb\":{\"@id\":\"https:\/\/www.jefwodniack.com\/wordpress\/2019\/01\/14\/france-les-grues-de-montier-en-der\/#breadcrumb\"},\"inLanguage\":\"fr-FR\",\"potentialAction\":[{\"@type\":\"ReadAction\",\"target\":[\"https:\/\/www.jefwodniack.com\/wordpress\/2019\/01\/14\/france-les-grues-de-montier-en-der\/\"]}]},{\"@type\":\"ImageObject\",\"inLanguage\":\"fr-FR\",\"@id\":\"https:\/\/www.jefwodniack.com\/wordpress\/2019\/01\/14\/france-les-grues-de-montier-en-der\/#primaryimage\",\"url\":\"https:\/\/www.jefwodniack.com\/wordpress\/wp-content\/uploads\/2019\/01\/Montier-en-Der_18-11-17_11-08-04_127.jpg\",\"contentUrl\":\"https:\/\/www.jefwodniack.com\/wordpress\/wp-content\/uploads\/2019\/01\/Montier-en-Der_18-11-17_11-08-04_127.jpg\",\"width\":900,\"height\":600,\"caption\":\"Vol de grues cendr\u00e9es\"},{\"@type\":\"BreadcrumbList\",\"@id\":\"https:\/\/www.jefwodniack.com\/wordpress\/2019\/01\/14\/france-les-grues-de-montier-en-der\/#breadcrumb\",\"itemListElement\":[{\"@type\":\"ListItem\",\"position\":1,\"name\":\"Accueil\",\"item\":\"https:\/\/www.jefwodniack.com\/wordpress\/\"},{\"@type\":\"ListItem\",\"position\":2,\"name\":\"France: Les grues de Montier en Der.\"}]},{\"@type\":\"WebSite\",\"@id\":\"https:\/\/www.jefwodniack.com\/wordpress\/#website\",\"url\":\"https:\/\/www.jefwodniack.com\/wordpress\/\",\"name\":\"Jef Wodniack Photos\",\"description\":\"Journal d&#039;un photographe voyageur.\",\"publisher\":{\"@id\":\"https:\/\/www.jefwodniack.com\/wordpress\/#organization\"},\"potentialAction\":[{\"@type\":\"SearchAction\",\"target\":{\"@type\":\"EntryPoint\",\"urlTemplate\":\"https:\/\/www.jefwodniack.com\/wordpress\/?s={search_term_string}\"},\"query-input\":{\"@type\":\"PropertyValueSpecification\",\"valueRequired\":true,\"valueName\":\"search_term_string\"}}],\"inLanguage\":\"fr-FR\"},{\"@type\":\"Organization\",\"@id\":\"https:\/\/www.jefwodniack.com\/wordpress\/#organization\",\"name\":\"Jef Wodniack Photos\",\"url\":\"https:\/\/www.jefwodniack.com\/wordpress\/\",\"logo\":{\"@type\":\"ImageObject\",\"inLanguage\":\"fr-FR\",\"@id\":\"https:\/\/www.jefwodniack.com\/wordpress\/#\/schema\/logo\/image\/\",\"url\":\"https:\/\/www.jefwodniack.com\/wordpress\/wp-content\/uploads\/2023\/02\/logo3.png\",\"contentUrl\":\"https:\/\/www.jefwodniack.com\/wordpress\/wp-content\/uploads\/2023\/02\/logo3.png\",\"width\":200,\"height\":50,\"caption\":\"Jef Wodniack Photos\"},\"image\":{\"@id\":\"https:\/\/www.jefwodniack.com\/wordpress\/#\/schema\/logo\/image\/\"},\"sameAs\":[\"https:\/\/www.facebook.com\/Jef.Wodniack.Medias\",\"https:\/\/www.instagram.com\/jefwod\/?hl=fr\",\"https:\/\/www.youtube.com\/channel\/UCzaIaufhblVb5WL43_cocIQ\"]},{\"@type\":\"Person\",\"@id\":\"https:\/\/www.jefwodniack.com\/wordpress\/#\/schema\/person\/1e958c3c01e23d2814def6954b79c4c8\",\"name\":\"jefwod\",\"image\":{\"@type\":\"ImageObject\",\"inLanguage\":\"fr-FR\",\"@id\":\"https:\/\/www.jefwodniack.com\/wordpress\/#\/schema\/person\/image\/\",\"url\":\"https:\/\/secure.gravatar.com\/avatar\/ce8c32675ac09e522a268b56dfb1f2d3702dac1452e92ae9d46a6c81d0623577?s=96&d=blank&r=g\",\"contentUrl\":\"https:\/\/secure.gravatar.com\/avatar\/ce8c32675ac09e522a268b56dfb1f2d3702dac1452e92ae9d46a6c81d0623577?s=96&d=blank&r=g\",\"caption\":\"jefwod\"},\"sameAs\":[\"https:\/\/www.jefwodniack.com\/wordpress\"]}]}<\/script>\n<!-- \/ Yoast SEO plugin. -->","yoast_head_json":{"title":"France: Les grues de Montier en Der. - Jef Wodniack Photos","description":"Tous les ans au mois de novembre Montier en Der est un lieu de passage de la migration des grues cendr\u00e9es.","robots":{"index":"index","follow":"follow","max-snippet":"max-snippet:-1","max-image-preview":"max-image-preview:large","max-video-preview":"max-video-preview:-1"},"canonical":"https:\/\/www.jefwodniack.com\/wordpress\/2019\/01\/14\/france-les-grues-de-montier-en-der\/","og_locale":"fr_FR","og_type":"article","og_title":"France: Les grues de Montier en Der.","og_description":"Tous les ans au mois de novembre Montier en Der est un lieu de passage de la migration des grues cendr\u00e9es.","og_url":"https:\/\/www.jefwodniack.com\/wordpress\/2019\/01\/14\/france-les-grues-de-montier-en-der\/","og_site_name":"Jef Wodniack Photos","article_publisher":"https:\/\/www.facebook.com\/Jef.Wodniack.Medias","article_published_time":"2019-01-14T14:27:49+00:00","article_modified_time":"2023-02-28T09:49:03+00:00","og_image":[{"width":900,"height":600,"url":"https:\/\/www.jefwodniack.com\/wordpress\/wp-content\/uploads\/2019\/01\/Montier-en-Der_18-11-17_11-08-04_127.jpg","type":"image\/jpeg"}],"author":"jefwod","twitter_card":"summary_large_image","twitter_title":"France: Les grues de Montier en Der.","twitter_description":"Tous les ans au mois de novembre Montier en Der est un lieu de passage de la migration des grues cendr\u00e9es.","twitter_image":"https:\/\/www.jefwodniack.com\/wordpress\/wp-content\/uploads\/2019\/01\/Montier-en-Der_18-11-17_11-08-04_127.jpg","twitter_misc":{"\u00c9crit par":"jefwod","Dur\u00e9e de lecture estim\u00e9e":"3 minutes"},"schema":{"@context":"https:\/\/schema.org","@graph":[{"@type":"Article","@id":"https:\/\/www.jefwodniack.com\/wordpress\/2019\/01\/14\/france-les-grues-de-montier-en-der\/#article","isPartOf":{"@id":"https:\/\/www.jefwodniack.com\/wordpress\/2019\/01\/14\/france-les-grues-de-montier-en-der\/"},"author":{"name":"jefwod","@id":"https:\/\/www.jefwodniack.com\/wordpress\/#\/schema\/person\/1e958c3c01e23d2814def6954b79c4c8"},"headline":"France: Les grues de Montier en Der.","datePublished":"2019-01-14T14:27:49+00:00","dateModified":"2023-02-28T09:49:03+00:00","mainEntityOfPage":{"@id":"https:\/\/www.jefwodniack.com\/wordpress\/2019\/01\/14\/france-les-grues-de-montier-en-der\/"},"wordCount":158,"commentCount":0,"publisher":{"@id":"https:\/\/www.jefwodniack.com\/wordpress\/#organization"},"image":{"@id":"https:\/\/www.jefwodniack.com\/wordpress\/2019\/01\/14\/france-les-grues-de-montier-en-der\/#primaryimage"},"thumbnailUrl":"https:\/\/www.jefwodniack.com\/wordpress\/wp-content\/uploads\/2019\/01\/Montier-en-Der_18-11-17_11-08-04_127.jpg","articleSection":["Animaux","France"],"inLanguage":"fr-FR","potentialAction":[{"@type":"CommentAction","name":"Comment","target":["https:\/\/www.jefwodniack.com\/wordpress\/2019\/01\/14\/france-les-grues-de-montier-en-der\/#respond"]}]},{"@type":"WebPage","@id":"https:\/\/www.jefwodniack.com\/wordpress\/2019\/01\/14\/france-les-grues-de-montier-en-der\/","url":"https:\/\/www.jefwodniack.com\/wordpress\/2019\/01\/14\/france-les-grues-de-montier-en-der\/","name":"France: Les grues de Montier en Der. - Jef Wodniack Photos","isPartOf":{"@id":"https:\/\/www.jefwodniack.com\/wordpress\/#website"},"primaryImageOfPage":{"@id":"https:\/\/www.jefwodniack.com\/wordpress\/2019\/01\/14\/france-les-grues-de-montier-en-der\/#primaryimage"},"image":{"@id":"https:\/\/www.jefwodniack.com\/wordpress\/2019\/01\/14\/france-les-grues-de-montier-en-der\/#primaryimage"},"thumbnailUrl":"https:\/\/www.jefwodniack.com\/wordpress\/wp-content\/uploads\/2019\/01\/Montier-en-Der_18-11-17_11-08-04_127.jpg","datePublished":"2019-01-14T14:27:49+00:00","dateModified":"2023-02-28T09:49:03+00:00","description":"Tous les ans au mois de novembre Montier en Der est un lieu de passage de la migration des grues cendr\u00e9es.","breadcrumb":{"@id":"https:\/\/www.jefwodniack.com\/wordpress\/2019\/01\/14\/france-les-grues-de-montier-en-der\/#breadcrumb"},"inLanguage":"fr-FR","potentialAction":[{"@type":"ReadAction","target":["https:\/\/www.jefwodniack.com\/wordpress\/2019\/01\/14\/france-les-grues-de-montier-en-der\/"]}]},{"@type":"ImageObject","inLanguage":"fr-FR","@id":"https:\/\/www.jefwodniack.com\/wordpress\/2019\/01\/14\/france-les-grues-de-montier-en-der\/#primaryimage","url":"https:\/\/www.jefwodniack.com\/wordpress\/wp-content\/uploads\/2019\/01\/Montier-en-Der_18-11-17_11-08-04_127.jpg","contentUrl":"https:\/\/www.jefwodniack.com\/wordpress\/wp-content\/uploads\/2019\/01\/Montier-en-Der_18-11-17_11-08-04_127.jpg","width":900,"height":600,"caption":"Vol de grues cendr\u00e9es"},{"@type":"BreadcrumbList","@id":"https:\/\/www.jefwodniack.com\/wordpress\/2019\/01\/14\/france-les-grues-de-montier-en-der\/#breadcrumb","itemListElement":[{"@type":"ListItem","position":1,"name":"Accueil","item":"https:\/\/www.jefwodniack.com\/wordpress\/"},{"@type":"ListItem","position":2,"name":"France: Les grues de Montier en Der."}]},{"@type":"WebSite","@id":"https:\/\/www.jefwodniack.com\/wordpress\/#website","url":"https:\/\/www.jefwodniack.com\/wordpress\/","name":"Jef Wodniack Photos","description":"Journal d&#039;un photographe voyageur.","publisher":{"@id":"https:\/\/www.jefwodniack.com\/wordpress\/#organization"},"potentialAction":[{"@type":"SearchAction","target":{"@type":"EntryPoint","urlTemplate":"https:\/\/www.jefwodniack.com\/wordpress\/?s={search_term_string}"},"query-input":{"@type":"PropertyValueSpecification","valueRequired":true,"valueName":"search_term_string"}}],"inLanguage":"fr-FR"},{"@type":"Organization","@id":"https:\/\/www.jefwodniack.com\/wordpress\/#organization","name":"Jef Wodniack Photos","url":"https:\/\/www.jefwodniack.com\/wordpress\/","logo":{"@type":"ImageObject","inLanguage":"fr-FR","@id":"https:\/\/www.jefwodniack.com\/wordpress\/#\/schema\/logo\/image\/","url":"https:\/\/www.jefwodniack.com\/wordpress\/wp-content\/uploads\/2023\/02\/logo3.png","contentUrl":"https:\/\/www.jefwodniack.com\/wordpress\/wp-content\/uploads\/2023\/02\/logo3.png","width":200,"height":50,"caption":"Jef Wodniack Photos"},"image":{"@id":"https:\/\/www.jefwodniack.com\/wordpress\/#\/schema\/logo\/image\/"},"sameAs":["https:\/\/www.facebook.com\/Jef.Wodniack.Medias","https:\/\/www.instagram.com\/jefwod\/?hl=fr","https:\/\/www.youtube.com\/channel\/UCzaIaufhblVb5WL43_cocIQ"]},{"@type":"Person","@id":"https:\/\/www.jefwodniack.com\/wordpress\/#\/schema\/person\/1e958c3c01e23d2814def6954b79c4c8","name":"jefwod","image":{"@type":"ImageObject","inLanguage":"fr-FR","@id":"https:\/\/www.jefwodniack.com\/wordpress\/#\/schema\/person\/image\/","url":"https:\/\/secure.gravatar.com\/avatar\/ce8c32675ac09e522a268b56dfb1f2d3702dac1452e92ae9d46a6c81d0623577?s=96&d=blank&r=g","contentUrl":"https:\/\/secure.gravatar.com\/avatar\/ce8c32675ac09e522a268b56dfb1f2d3702dac1452e92ae9d46a6c81d0623577?s=96&d=blank&r=g","caption":"jefwod"},"sameAs":["https:\/\/www.jefwodniack.com\/wordpress"]}]}},"_links":{"self":[{"href":"https:\/\/www.jefwodniack.com\/wordpress\/wp-json\/wp\/v2\/posts\/3150","targetHints":{"allow":["GET"]}}],"collection":[{"href":"https:\/\/www.jefwodniack.com\/wordpress\/wp-json\/wp\/v2\/posts"}],"about":[{"href":"https:\/\/www.jefwodniack.com\/wordpress\/wp-json\/wp\/v2\/types\/post"}],"author":[{"embeddable":true,"href":"https:\/\/www.jefwodniack.com\/wordpress\/wp-json\/wp\/v2\/users\/1"}],"replies":[{"embeddable":true,"href":"https:\/\/www.jefwodniack.com\/wordpress\/wp-json\/wp\/v2\/comments?post=3150"}],"version-history":[{"count":4,"href":"https:\/\/www.jefwodniack.com\/wordpress\/wp-json\/wp\/v2\/posts\/3150\/revisions"}],"predecessor-version":[{"id":6428,"href":"https:\/\/www.jefwodniack.com\/wordpress\/wp-json\/wp\/v2\/posts\/3150\/revisions\/6428"}],"wp:featuredmedia":[{"embeddable":true,"href":"https:\/\/www.jefwodniack.com\/wordpress\/wp-json\/wp\/v2\/media\/3146"}],"wp:attachment":[{"href":"https:\/\/www.jefwodniack.com\/wordpress\/wp-json\/wp\/v2\/media?parent=3150"}],"wp:term":[{"taxonomy":"category","embeddable":true,"href":"https:\/\/www.jefwodniack.com\/wordpress\/wp-json\/wp\/v2\/categories?post=3150"},{"taxonomy":"post_tag","embeddable":true,"href":"https:\/\/www.jefwodniack.com\/wordpress\/wp-json\/wp\/v2\/tags?post=3150"}],"curies":[{"name":"wp","href":"https:\/\/api.w.org\/{rel}","templated":true}]}}