{"id":2727,"date":"2017-11-17T09:36:34","date_gmt":"2017-11-17T08:36:34","guid":{"rendered":"http:\/\/www.jefwodniack.com\/wordpress\/?p=2727"},"modified":"2023-03-01T10:01:34","modified_gmt":"2023-03-01T09:01:34","slug":"la-saison-des-momijs-a-tokyo","status":"publish","type":"post","link":"https:\/\/www.jefwodniack.com\/wordpress\/2017\/11\/17\/la-saison-des-momijs-a-tokyo\/","title":{"rendered":"Japon: La saison  des Momijis \u00e0 Tokyo."},"content":{"rendered":"\n<h2 class=\"wp-block-heading\">Japon: La saison  des Momijis \u00e0 Tokyo.<\/h2>\n\n\n\n<h3 class=\"wp-block-heading\"><span style=\"font-family: Arial, sans-serif;\">C\u2019est au mois de novembre que les <a href=\"https:\/\/fr.wikipedia.org\/wiki\/%C3%89rable_palm%C3%A9\" target=\"_blank\" rel=\"noreferrer noopener\">\u00e9rables Japonais<\/a> se parent de leurs leurs belles couleurs. C\u2019est la saison des momijis, une saison pendant laquelle les parcs et la nature s\u2019enflamment de rouge et de jaune.<\/span><\/h3>\n\n\n\n<h3 class=\"wp-block-heading\"><span style=\"font-family: Arial, sans-serif;\"> Il y a m\u00eame une endroit \u00e0 Sakurayama, ou les cerisiers d\u2019hiver fleurissent \u00e0 cot\u00e9 des momijis.<\/span><\/h3>\n\n\n\n<figure class=\"wp-block-gallery has-nested-images columns-default is-cropped wp-block-gallery-1 is-layout-flex wp-block-gallery-is-layout-flex\">\n<figure class=\"wp-block-image size-full\"><a href=\"https:\/\/www.jefwodniack.com\/wordpress\/wp-content\/uploads\/2017\/11\/Tokyo_17-11-10-11-39-48-006.jpg\" target=\"_blank\" rel=\"noopener\"><img fetchpriority=\"high\" decoding=\"async\" width=\"900\" height=\"600\" data-id=\"2726\" src=\"https:\/\/www.jefwodniack.com\/wordpress\/wp-content\/uploads\/2017\/11\/Tokyo_17-11-10-11-39-48-006.jpg\" alt=\"\" class=\"wp-image-2726\" srcset=\"https:\/\/www.jefwodniack.com\/wordpress\/wp-content\/uploads\/2017\/11\/Tokyo_17-11-10-11-39-48-006.jpg 900w, https:\/\/www.jefwodniack.com\/wordpress\/wp-content\/uploads\/2017\/11\/Tokyo_17-11-10-11-39-48-006-800x533.jpg 800w, https:\/\/www.jefwodniack.com\/wordpress\/wp-content\/uploads\/2017\/11\/Tokyo_17-11-10-11-39-48-006-768x512.jpg 768w\" sizes=\"(max-width: 900px) 100vw, 900px\" \/><\/a><figcaption class=\"wp-element-caption\">Momijis<\/figcaption><\/figure>\n\n\n\n<figure class=\"wp-block-image size-full\"><a href=\"https:\/\/www.jefwodniack.com\/wordpress\/wp-content\/uploads\/2017\/11\/Tokyo_17-11-06-14-01-35-023.jpg\" target=\"_blank\" rel=\"noopener\"><img decoding=\"async\" width=\"900\" height=\"600\" data-id=\"2725\" src=\"https:\/\/www.jefwodniack.com\/wordpress\/wp-content\/uploads\/2017\/11\/Tokyo_17-11-06-14-01-35-023.jpg\" alt=\"\" class=\"wp-image-2725\" srcset=\"https:\/\/www.jefwodniack.com\/wordpress\/wp-content\/uploads\/2017\/11\/Tokyo_17-11-06-14-01-35-023.jpg 900w, https:\/\/www.jefwodniack.com\/wordpress\/wp-content\/uploads\/2017\/11\/Tokyo_17-11-06-14-01-35-023-800x533.jpg 800w, https:\/\/www.jefwodniack.com\/wordpress\/wp-content\/uploads\/2017\/11\/Tokyo_17-11-06-14-01-35-023-768x512.jpg 768w\" sizes=\"(max-width: 900px) 100vw, 900px\" \/><\/a><figcaption class=\"wp-element-caption\">Momijis<\/figcaption><\/figure>\n\n\n\n<figure class=\"wp-block-image size-full\"><a href=\"https:\/\/www.jefwodniack.com\/wordpress\/wp-content\/uploads\/2017\/11\/Takao_Tokyo_17-11-09-14-36-36-029.jpg\" target=\"_blank\" rel=\"noopener\"><img decoding=\"async\" width=\"900\" height=\"600\" data-id=\"2724\" src=\"https:\/\/www.jefwodniack.com\/wordpress\/wp-content\/uploads\/2017\/11\/Takao_Tokyo_17-11-09-14-36-36-029.jpg\" alt=\"\" class=\"wp-image-2724\" srcset=\"https:\/\/www.jefwodniack.com\/wordpress\/wp-content\/uploads\/2017\/11\/Takao_Tokyo_17-11-09-14-36-36-029.jpg 900w, https:\/\/www.jefwodniack.com\/wordpress\/wp-content\/uploads\/2017\/11\/Takao_Tokyo_17-11-09-14-36-36-029-800x533.jpg 800w, https:\/\/www.jefwodniack.com\/wordpress\/wp-content\/uploads\/2017\/11\/Takao_Tokyo_17-11-09-14-36-36-029-768x512.jpg 768w\" sizes=\"(max-width: 900px) 100vw, 900px\" \/><\/a><figcaption class=\"wp-element-caption\">Momijis<\/figcaption><\/figure>\n\n\n\n<figure class=\"wp-block-image size-full\"><a href=\"https:\/\/www.jefwodniack.com\/wordpress\/wp-content\/uploads\/2017\/11\/Takao_Tokyo_17-11-09-13-24-57-009.jpg\" target=\"_blank\" rel=\"noopener\"><img loading=\"lazy\" decoding=\"async\" width=\"900\" height=\"600\" data-id=\"2723\" src=\"https:\/\/www.jefwodniack.com\/wordpress\/wp-content\/uploads\/2017\/11\/Takao_Tokyo_17-11-09-13-24-57-009.jpg\" alt=\"\" class=\"wp-image-2723\" srcset=\"https:\/\/www.jefwodniack.com\/wordpress\/wp-content\/uploads\/2017\/11\/Takao_Tokyo_17-11-09-13-24-57-009.jpg 900w, https:\/\/www.jefwodniack.com\/wordpress\/wp-content\/uploads\/2017\/11\/Takao_Tokyo_17-11-09-13-24-57-009-800x533.jpg 800w, https:\/\/www.jefwodniack.com\/wordpress\/wp-content\/uploads\/2017\/11\/Takao_Tokyo_17-11-09-13-24-57-009-768x512.jpg 768w\" sizes=\"(max-width: 900px) 100vw, 900px\" \/><\/a><figcaption class=\"wp-element-caption\">Momijis<\/figcaption><\/figure>\n\n\n\n<figure class=\"wp-block-image size-full\"><a href=\"https:\/\/www.jefwodniack.com\/wordpress\/wp-content\/uploads\/2017\/11\/Sakurayama_17-11-11-14-36-01-027.jpg\" target=\"_blank\" rel=\"noopener\"><img loading=\"lazy\" decoding=\"async\" width=\"900\" height=\"600\" data-id=\"2722\" src=\"https:\/\/www.jefwodniack.com\/wordpress\/wp-content\/uploads\/2017\/11\/Sakurayama_17-11-11-14-36-01-027.jpg\" alt=\"\" class=\"wp-image-2722\" srcset=\"https:\/\/www.jefwodniack.com\/wordpress\/wp-content\/uploads\/2017\/11\/Sakurayama_17-11-11-14-36-01-027.jpg 900w, https:\/\/www.jefwodniack.com\/wordpress\/wp-content\/uploads\/2017\/11\/Sakurayama_17-11-11-14-36-01-027-800x533.jpg 800w, https:\/\/www.jefwodniack.com\/wordpress\/wp-content\/uploads\/2017\/11\/Sakurayama_17-11-11-14-36-01-027-768x512.jpg 768w\" sizes=\"(max-width: 900px) 100vw, 900px\" \/><\/a><figcaption class=\"wp-element-caption\">Momijis<\/figcaption><\/figure>\n\n\n\n<figure class=\"wp-block-image size-full\"><a href=\"https:\/\/www.jefwodniack.com\/wordpress\/wp-content\/uploads\/2017\/11\/Sakurayama_17-11-11-14-00-01-017.jpg\" target=\"_blank\" rel=\"noopener\"><img loading=\"lazy\" decoding=\"async\" width=\"900\" height=\"600\" data-id=\"2721\" src=\"https:\/\/www.jefwodniack.com\/wordpress\/wp-content\/uploads\/2017\/11\/Sakurayama_17-11-11-14-00-01-017.jpg\" alt=\"\" class=\"wp-image-2721\" srcset=\"https:\/\/www.jefwodniack.com\/wordpress\/wp-content\/uploads\/2017\/11\/Sakurayama_17-11-11-14-00-01-017.jpg 900w, https:\/\/www.jefwodniack.com\/wordpress\/wp-content\/uploads\/2017\/11\/Sakurayama_17-11-11-14-00-01-017-800x533.jpg 800w, https:\/\/www.jefwodniack.com\/wordpress\/wp-content\/uploads\/2017\/11\/Sakurayama_17-11-11-14-00-01-017-768x512.jpg 768w\" sizes=\"(max-width: 900px) 100vw, 900px\" \/><\/a><figcaption class=\"wp-element-caption\">Momijis<\/figcaption><\/figure>\n\n\n\n<figure class=\"wp-block-image size-full\"><a href=\"https:\/\/www.jefwodniack.com\/wordpress\/wp-content\/uploads\/2017\/11\/Sakurayama_17-11-11-13-30-56-006.jpg\" target=\"_blank\" rel=\"noopener\"><img loading=\"lazy\" decoding=\"async\" width=\"900\" height=\"600\" data-id=\"2720\" src=\"https:\/\/www.jefwodniack.com\/wordpress\/wp-content\/uploads\/2017\/11\/Sakurayama_17-11-11-13-30-56-006.jpg\" alt=\"\" class=\"wp-image-2720\" srcset=\"https:\/\/www.jefwodniack.com\/wordpress\/wp-content\/uploads\/2017\/11\/Sakurayama_17-11-11-13-30-56-006.jpg 900w, https:\/\/www.jefwodniack.com\/wordpress\/wp-content\/uploads\/2017\/11\/Sakurayama_17-11-11-13-30-56-006-800x533.jpg 800w, https:\/\/www.jefwodniack.com\/wordpress\/wp-content\/uploads\/2017\/11\/Sakurayama_17-11-11-13-30-56-006-768x512.jpg 768w\" sizes=\"(max-width: 900px) 100vw, 900px\" \/><\/a><figcaption class=\"wp-element-caption\">Momijis<\/figcaption><\/figure>\n\n\n\n<figure class=\"wp-block-image size-full\"><a href=\"https:\/\/www.jefwodniack.com\/wordpress\/wp-content\/uploads\/2017\/11\/Kawasaki_17-11-08-14-38-33-041.jpg\" target=\"_blank\" rel=\"noopener\"><img loading=\"lazy\" decoding=\"async\" width=\"900\" height=\"600\" data-id=\"2719\" src=\"https:\/\/www.jefwodniack.com\/wordpress\/wp-content\/uploads\/2017\/11\/Kawasaki_17-11-08-14-38-33-041.jpg\" alt=\"\" class=\"wp-image-2719\" srcset=\"https:\/\/www.jefwodniack.com\/wordpress\/wp-content\/uploads\/2017\/11\/Kawasaki_17-11-08-14-38-33-041.jpg 900w, https:\/\/www.jefwodniack.com\/wordpress\/wp-content\/uploads\/2017\/11\/Kawasaki_17-11-08-14-38-33-041-800x533.jpg 800w, https:\/\/www.jefwodniack.com\/wordpress\/wp-content\/uploads\/2017\/11\/Kawasaki_17-11-08-14-38-33-041-768x512.jpg 768w\" sizes=\"(max-width: 900px) 100vw, 900px\" \/><\/a><figcaption class=\"wp-element-caption\">Momijis<\/figcaption><\/figure>\n\n\n\n<figure class=\"wp-block-image size-full\"><a href=\"https:\/\/www.jefwodniack.com\/wordpress\/wp-content\/uploads\/2017\/11\/Kawasaki_17-11-08-13-48-41-027.jpg\" target=\"_blank\" rel=\"noopener\"><img loading=\"lazy\" decoding=\"async\" width=\"900\" height=\"600\" data-id=\"2718\" src=\"https:\/\/www.jefwodniack.com\/wordpress\/wp-content\/uploads\/2017\/11\/Kawasaki_17-11-08-13-48-41-027.jpg\" alt=\"\" class=\"wp-image-2718\" srcset=\"https:\/\/www.jefwodniack.com\/wordpress\/wp-content\/uploads\/2017\/11\/Kawasaki_17-11-08-13-48-41-027.jpg 900w, https:\/\/www.jefwodniack.com\/wordpress\/wp-content\/uploads\/2017\/11\/Kawasaki_17-11-08-13-48-41-027-800x533.jpg 800w, https:\/\/www.jefwodniack.com\/wordpress\/wp-content\/uploads\/2017\/11\/Kawasaki_17-11-08-13-48-41-027-768x512.jpg 768w\" sizes=\"(max-width: 900px) 100vw, 900px\" \/><\/a><figcaption class=\"wp-element-caption\">Momijis<\/figcaption><\/figure>\n\n\n\n<figure class=\"wp-block-image size-full\"><a href=\"https:\/\/www.jefwodniack.com\/wordpress\/wp-content\/uploads\/2017\/11\/Kawasaki_17-11-08-13-45-26-026.jpg\" target=\"_blank\" rel=\"noopener\"><img loading=\"lazy\" decoding=\"async\" width=\"900\" height=\"600\" data-id=\"2717\" src=\"https:\/\/www.jefwodniack.com\/wordpress\/wp-content\/uploads\/2017\/11\/Kawasaki_17-11-08-13-45-26-026.jpg\" alt=\"\" class=\"wp-image-2717\" srcset=\"https:\/\/www.jefwodniack.com\/wordpress\/wp-content\/uploads\/2017\/11\/Kawasaki_17-11-08-13-45-26-026.jpg 900w, https:\/\/www.jefwodniack.com\/wordpress\/wp-content\/uploads\/2017\/11\/Kawasaki_17-11-08-13-45-26-026-800x533.jpg 800w, https:\/\/www.jefwodniack.com\/wordpress\/wp-content\/uploads\/2017\/11\/Kawasaki_17-11-08-13-45-26-026-768x512.jpg 768w\" sizes=\"(max-width: 900px) 100vw, 900px\" \/><\/a><figcaption class=\"wp-element-caption\">Momijis<\/figcaption><\/figure>\n\n\n\n<figure class=\"wp-block-image size-full\"><a href=\"https:\/\/www.jefwodniack.com\/wordpress\/wp-content\/uploads\/2017\/11\/MG_1978.jpg\" target=\"_blank\" rel=\"noopener\"><img loading=\"lazy\" decoding=\"async\" width=\"900\" height=\"600\" data-id=\"2716\" src=\"https:\/\/www.jefwodniack.com\/wordpress\/wp-content\/uploads\/2017\/11\/MG_1978.jpg\" alt=\"\" class=\"wp-image-2716\" srcset=\"https:\/\/www.jefwodniack.com\/wordpress\/wp-content\/uploads\/2017\/11\/MG_1978.jpg 900w, https:\/\/www.jefwodniack.com\/wordpress\/wp-content\/uploads\/2017\/11\/MG_1978-800x533.jpg 800w, https:\/\/www.jefwodniack.com\/wordpress\/wp-content\/uploads\/2017\/11\/MG_1978-768x512.jpg 768w\" sizes=\"(max-width: 900px) 100vw, 900px\" \/><\/a><figcaption class=\"wp-element-caption\">Momijis<\/figcaption><\/figure>\n<\/figure>\n","protected":false},"excerpt":{"rendered":"<p>Japon: La saison des Momijis \u00e0 Tokyo. C\u2019est au mois de novembre que les \u00e9rables Japonais se parent de leurs leurs belles couleurs. C\u2019est la saison des momijis, une saison pendant laquelle les parcs et la nature s\u2019enflamment de rouge et de jaune. Il y a m\u00eame une endroit \u00e0 Sakurayama, ou les cerisiers d\u2019hiver [&hellip;]<\/p>\n","protected":false},"author":1,"featured_media":2720,"comment_status":"open","ping_status":"open","sticky":false,"template":"","format":"standard","meta":{"_monsterinsights_skip_tracking":false,"_monsterinsights_sitenote_active":false,"_monsterinsights_sitenote_note":"","_monsterinsights_sitenote_category":0,"ocean_post_layout":"","ocean_both_sidebars_style":"","ocean_both_sidebars_content_width":0,"ocean_both_sidebars_sidebars_width":0,"ocean_sidebar":"0","ocean_second_sidebar":"0","ocean_disable_margins":"enable","ocean_add_body_class":"","ocean_shortcode_before_top_bar":"","ocean_shortcode_after_top_bar":"","ocean_shortcode_before_header":"","ocean_shortcode_after_header":"","ocean_has_shortcode":"","ocean_shortcode_after_title":"","ocean_shortcode_before_footer_widgets":"","ocean_shortcode_after_footer_widgets":"","ocean_shortcode_before_footer_bottom":"","ocean_shortcode_after_footer_bottom":"","ocean_display_top_bar":"default","ocean_display_header":"default","ocean_header_style":"","ocean_center_header_left_menu":"0","ocean_custom_header_template":"0","ocean_custom_logo":0,"ocean_custom_retina_logo":0,"ocean_custom_logo_max_width":0,"ocean_custom_logo_tablet_max_width":0,"ocean_custom_logo_mobile_max_width":0,"ocean_custom_logo_max_height":0,"ocean_custom_logo_tablet_max_height":0,"ocean_custom_logo_mobile_max_height":0,"ocean_header_custom_menu":"0","ocean_menu_typo_font_family":"0","ocean_menu_typo_font_subset":"","ocean_menu_typo_font_size":0,"ocean_menu_typo_font_size_tablet":0,"ocean_menu_typo_font_size_mobile":0,"ocean_menu_typo_font_size_unit":"px","ocean_menu_typo_font_weight":"","ocean_menu_typo_font_weight_tablet":"","ocean_menu_typo_font_weight_mobile":"","ocean_menu_typo_transform":"","ocean_menu_typo_transform_tablet":"","ocean_menu_typo_transform_mobile":"","ocean_menu_typo_line_height":0,"ocean_menu_typo_line_height_tablet":0,"ocean_menu_typo_line_height_mobile":0,"ocean_menu_typo_line_height_unit":"","ocean_menu_typo_spacing":0,"ocean_menu_typo_spacing_tablet":0,"ocean_menu_typo_spacing_mobile":0,"ocean_menu_typo_spacing_unit":"","ocean_menu_link_color":"","ocean_menu_link_color_hover":"","ocean_menu_link_color_active":"","ocean_menu_link_background":"","ocean_menu_link_hover_background":"","ocean_menu_link_active_background":"","ocean_menu_social_links_bg":"","ocean_menu_social_hover_links_bg":"","ocean_menu_social_links_color":"","ocean_menu_social_hover_links_color":"","ocean_disable_title":"default","ocean_disable_heading":"default","ocean_post_title":"","ocean_post_subheading":"","ocean_post_title_style":"","ocean_post_title_background_color":"","ocean_post_title_background":0,"ocean_post_title_bg_image_position":"","ocean_post_title_bg_image_attachment":"","ocean_post_title_bg_image_repeat":"","ocean_post_title_bg_image_size":"","ocean_post_title_height":0,"ocean_post_title_bg_overlay":0.5,"ocean_post_title_bg_overlay_color":"","ocean_disable_breadcrumbs":"default","ocean_breadcrumbs_color":"","ocean_breadcrumbs_separator_color":"","ocean_breadcrumbs_links_color":"","ocean_breadcrumbs_links_hover_color":"","ocean_display_footer_widgets":"default","ocean_display_footer_bottom":"default","ocean_custom_footer_template":"0","ocean_post_oembed":"","ocean_post_self_hosted_media":"","ocean_post_video_embed":"","ocean_link_format":"","ocean_link_format_target":"self","ocean_quote_format":"","ocean_quote_format_link":"post","ocean_gallery_link_images":"off","ocean_gallery_id":[],"footnotes":""},"categories":[14],"tags":[],"class_list":["post-2727","post","type-post","status-publish","format-standard","has-post-thumbnail","hentry","category-japon","entry","has-media"],"yoast_head":"<!-- This site is optimized with the Yoast SEO plugin v25.3 - https:\/\/yoast.com\/wordpress\/plugins\/seo\/ -->\n<title>Japon: La saison des Momijis \u00e0 Tokyo. - Jef Wodniack Photos<\/title>\n<meta name=\"description\" content=\"C\u2019est au mois de novembre que les \u00e9rables Japonais se parent de leurs leurs belles couleurs. C\u2019est la saison des momijis.\" \/>\n<meta name=\"robots\" content=\"index, follow, max-snippet:-1, max-image-preview:large, max-video-preview:-1\" \/>\n<link rel=\"canonical\" href=\"https:\/\/www.jefwodniack.com\/wordpress\/2017\/11\/17\/la-saison-des-momijs-a-tokyo\/\" \/>\n<meta property=\"og:locale\" content=\"fr_FR\" \/>\n<meta property=\"og:type\" content=\"article\" \/>\n<meta property=\"og:title\" content=\"Japon: La saison des Momijis \u00e0 Tokyo.\" \/>\n<meta property=\"og:description\" content=\"C\u2019est au mois de novembre que les \u00e9rables Japonais se parent de leurs leurs belles couleurs. C\u2019est la saison des momijis, une saison pendant laquelle les parcs et la nature s\u2019enflamment de rouge et de jaune.\" \/>\n<meta property=\"og:url\" content=\"https:\/\/www.jefwodniack.com\/wordpress\/2017\/11\/17\/la-saison-des-momijs-a-tokyo\/\" \/>\n<meta property=\"og:site_name\" content=\"Jef Wodniack Photos\" \/>\n<meta property=\"article:publisher\" content=\"https:\/\/www.facebook.com\/Jef.Wodniack.Medias\" \/>\n<meta property=\"article:published_time\" content=\"2017-11-17T08:36:34+00:00\" \/>\n<meta property=\"article:modified_time\" content=\"2023-03-01T09:01:34+00:00\" \/>\n<meta property=\"og:image\" content=\"https:\/\/www.jefwodniack.com\/wordpress\/wp-content\/uploads\/2017\/11\/Tokyo_17-11-06-14-01-35-023.jpg\" \/>\n\t<meta property=\"og:image:width\" content=\"900\" \/>\n\t<meta property=\"og:image:height\" content=\"600\" \/>\n\t<meta property=\"og:image:type\" content=\"image\/jpeg\" \/>\n<meta name=\"author\" content=\"jefwod\" \/>\n<meta name=\"twitter:card\" content=\"summary_large_image\" \/>\n<meta name=\"twitter:title\" content=\"Japon: La saison des Momijis \u00e0 Tokyo.\" \/>\n<meta name=\"twitter:description\" content=\"C\u2019est au mois de novembre que les \u00e9rables Japonais se parent de leurs leurs belles couleurs. C\u2019est la saison des momijis, une saison pendant laquelle les parcs et la nature s\u2019enflamment de rouge et de jaune.\" \/>\n<meta name=\"twitter:image\" content=\"https:\/\/www.jefwodniack.com\/wordpress\/wp-content\/uploads\/2017\/11\/Tokyo_17-11-06-14-01-35-023.jpg\" \/>\n<meta name=\"twitter:label1\" content=\"\u00c9crit par\" \/>\n\t<meta name=\"twitter:data1\" content=\"jefwod\" \/>\n\t<meta name=\"twitter:label2\" content=\"Dur\u00e9e de lecture estim\u00e9e\" \/>\n\t<meta name=\"twitter:data2\" content=\"3 minutes\" \/>\n<script type=\"application\/ld+json\" class=\"yoast-schema-graph\">{\"@context\":\"https:\/\/schema.org\",\"@graph\":[{\"@type\":\"Article\",\"@id\":\"https:\/\/www.jefwodniack.com\/wordpress\/2017\/11\/17\/la-saison-des-momijs-a-tokyo\/#article\",\"isPartOf\":{\"@id\":\"https:\/\/www.jefwodniack.com\/wordpress\/2017\/11\/17\/la-saison-des-momijs-a-tokyo\/\"},\"author\":{\"name\":\"jefwod\",\"@id\":\"https:\/\/www.jefwodniack.com\/wordpress\/#\/schema\/person\/1e958c3c01e23d2814def6954b79c4c8\"},\"headline\":\"Japon: La saison des Momijis \u00e0 Tokyo.\",\"datePublished\":\"2017-11-17T08:36:34+00:00\",\"dateModified\":\"2023-03-01T09:01:34+00:00\",\"mainEntityOfPage\":{\"@id\":\"https:\/\/www.jefwodniack.com\/wordpress\/2017\/11\/17\/la-saison-des-momijs-a-tokyo\/\"},\"wordCount\":79,\"commentCount\":0,\"publisher\":{\"@id\":\"https:\/\/www.jefwodniack.com\/wordpress\/#organization\"},\"image\":{\"@id\":\"https:\/\/www.jefwodniack.com\/wordpress\/2017\/11\/17\/la-saison-des-momijs-a-tokyo\/#primaryimage\"},\"thumbnailUrl\":\"https:\/\/www.jefwodniack.com\/wordpress\/wp-content\/uploads\/2017\/11\/Sakurayama_17-11-11-13-30-56-006.jpg\",\"articleSection\":[\"Japon\"],\"inLanguage\":\"fr-FR\",\"potentialAction\":[{\"@type\":\"CommentAction\",\"name\":\"Comment\",\"target\":[\"https:\/\/www.jefwodniack.com\/wordpress\/2017\/11\/17\/la-saison-des-momijs-a-tokyo\/#respond\"]}]},{\"@type\":\"WebPage\",\"@id\":\"https:\/\/www.jefwodniack.com\/wordpress\/2017\/11\/17\/la-saison-des-momijs-a-tokyo\/\",\"url\":\"https:\/\/www.jefwodniack.com\/wordpress\/2017\/11\/17\/la-saison-des-momijs-a-tokyo\/\",\"name\":\"Japon: La saison des Momijis \u00e0 Tokyo. - Jef Wodniack Photos\",\"isPartOf\":{\"@id\":\"https:\/\/www.jefwodniack.com\/wordpress\/#website\"},\"primaryImageOfPage\":{\"@id\":\"https:\/\/www.jefwodniack.com\/wordpress\/2017\/11\/17\/la-saison-des-momijs-a-tokyo\/#primaryimage\"},\"image\":{\"@id\":\"https:\/\/www.jefwodniack.com\/wordpress\/2017\/11\/17\/la-saison-des-momijs-a-tokyo\/#primaryimage\"},\"thumbnailUrl\":\"https:\/\/www.jefwodniack.com\/wordpress\/wp-content\/uploads\/2017\/11\/Sakurayama_17-11-11-13-30-56-006.jpg\",\"datePublished\":\"2017-11-17T08:36:34+00:00\",\"dateModified\":\"2023-03-01T09:01:34+00:00\",\"description\":\"C\u2019est au mois de novembre que les \u00e9rables Japonais se parent de leurs leurs belles couleurs. C\u2019est la saison des momijis.\",\"breadcrumb\":{\"@id\":\"https:\/\/www.jefwodniack.com\/wordpress\/2017\/11\/17\/la-saison-des-momijs-a-tokyo\/#breadcrumb\"},\"inLanguage\":\"fr-FR\",\"potentialAction\":[{\"@type\":\"ReadAction\",\"target\":[\"https:\/\/www.jefwodniack.com\/wordpress\/2017\/11\/17\/la-saison-des-momijs-a-tokyo\/\"]}]},{\"@type\":\"ImageObject\",\"inLanguage\":\"fr-FR\",\"@id\":\"https:\/\/www.jefwodniack.com\/wordpress\/2017\/11\/17\/la-saison-des-momijs-a-tokyo\/#primaryimage\",\"url\":\"https:\/\/www.jefwodniack.com\/wordpress\/wp-content\/uploads\/2017\/11\/Sakurayama_17-11-11-13-30-56-006.jpg\",\"contentUrl\":\"https:\/\/www.jefwodniack.com\/wordpress\/wp-content\/uploads\/2017\/11\/Sakurayama_17-11-11-13-30-56-006.jpg\",\"width\":900,\"height\":600},{\"@type\":\"BreadcrumbList\",\"@id\":\"https:\/\/www.jefwodniack.com\/wordpress\/2017\/11\/17\/la-saison-des-momijs-a-tokyo\/#breadcrumb\",\"itemListElement\":[{\"@type\":\"ListItem\",\"position\":1,\"name\":\"Accueil\",\"item\":\"https:\/\/www.jefwodniack.com\/wordpress\/\"},{\"@type\":\"ListItem\",\"position\":2,\"name\":\"Japon: La saison des Momijis \u00e0 Tokyo.\"}]},{\"@type\":\"WebSite\",\"@id\":\"https:\/\/www.jefwodniack.com\/wordpress\/#website\",\"url\":\"https:\/\/www.jefwodniack.com\/wordpress\/\",\"name\":\"Jef Wodniack Photos\",\"description\":\"Journal d&#039;un photographe voyageur.\",\"publisher\":{\"@id\":\"https:\/\/www.jefwodniack.com\/wordpress\/#organization\"},\"potentialAction\":[{\"@type\":\"SearchAction\",\"target\":{\"@type\":\"EntryPoint\",\"urlTemplate\":\"https:\/\/www.jefwodniack.com\/wordpress\/?s={search_term_string}\"},\"query-input\":{\"@type\":\"PropertyValueSpecification\",\"valueRequired\":true,\"valueName\":\"search_term_string\"}}],\"inLanguage\":\"fr-FR\"},{\"@type\":\"Organization\",\"@id\":\"https:\/\/www.jefwodniack.com\/wordpress\/#organization\",\"name\":\"Jef Wodniack Photos\",\"url\":\"https:\/\/www.jefwodniack.com\/wordpress\/\",\"logo\":{\"@type\":\"ImageObject\",\"inLanguage\":\"fr-FR\",\"@id\":\"https:\/\/www.jefwodniack.com\/wordpress\/#\/schema\/logo\/image\/\",\"url\":\"https:\/\/www.jefwodniack.com\/wordpress\/wp-content\/uploads\/2023\/02\/logo3.png\",\"contentUrl\":\"https:\/\/www.jefwodniack.com\/wordpress\/wp-content\/uploads\/2023\/02\/logo3.png\",\"width\":200,\"height\":50,\"caption\":\"Jef Wodniack Photos\"},\"image\":{\"@id\":\"https:\/\/www.jefwodniack.com\/wordpress\/#\/schema\/logo\/image\/\"},\"sameAs\":[\"https:\/\/www.facebook.com\/Jef.Wodniack.Medias\",\"https:\/\/www.instagram.com\/jefwod\/?hl=fr\",\"https:\/\/www.youtube.com\/channel\/UCzaIaufhblVb5WL43_cocIQ\"]},{\"@type\":\"Person\",\"@id\":\"https:\/\/www.jefwodniack.com\/wordpress\/#\/schema\/person\/1e958c3c01e23d2814def6954b79c4c8\",\"name\":\"jefwod\",\"image\":{\"@type\":\"ImageObject\",\"inLanguage\":\"fr-FR\",\"@id\":\"https:\/\/www.jefwodniack.com\/wordpress\/#\/schema\/person\/image\/\",\"url\":\"https:\/\/secure.gravatar.com\/avatar\/ce8c32675ac09e522a268b56dfb1f2d3702dac1452e92ae9d46a6c81d0623577?s=96&d=blank&r=g\",\"contentUrl\":\"https:\/\/secure.gravatar.com\/avatar\/ce8c32675ac09e522a268b56dfb1f2d3702dac1452e92ae9d46a6c81d0623577?s=96&d=blank&r=g\",\"caption\":\"jefwod\"},\"sameAs\":[\"https:\/\/www.jefwodniack.com\/wordpress\"]}]}<\/script>\n<!-- \/ Yoast SEO plugin. -->","yoast_head_json":{"title":"Japon: La saison des Momijis \u00e0 Tokyo. - Jef Wodniack Photos","description":"C\u2019est au mois de novembre que les \u00e9rables Japonais se parent de leurs leurs belles couleurs. C\u2019est la saison des momijis.","robots":{"index":"index","follow":"follow","max-snippet":"max-snippet:-1","max-image-preview":"max-image-preview:large","max-video-preview":"max-video-preview:-1"},"canonical":"https:\/\/www.jefwodniack.com\/wordpress\/2017\/11\/17\/la-saison-des-momijs-a-tokyo\/","og_locale":"fr_FR","og_type":"article","og_title":"Japon: La saison des Momijis \u00e0 Tokyo.","og_description":"C\u2019est au mois de novembre que les \u00e9rables Japonais se parent de leurs leurs belles couleurs. C\u2019est la saison des momijis, une saison pendant laquelle les parcs et la nature s\u2019enflamment de rouge et de jaune.","og_url":"https:\/\/www.jefwodniack.com\/wordpress\/2017\/11\/17\/la-saison-des-momijs-a-tokyo\/","og_site_name":"Jef Wodniack Photos","article_publisher":"https:\/\/www.facebook.com\/Jef.Wodniack.Medias","article_published_time":"2017-11-17T08:36:34+00:00","article_modified_time":"2023-03-01T09:01:34+00:00","og_image":[{"width":900,"height":600,"url":"https:\/\/www.jefwodniack.com\/wordpress\/wp-content\/uploads\/2017\/11\/Tokyo_17-11-06-14-01-35-023.jpg","type":"image\/jpeg"}],"author":"jefwod","twitter_card":"summary_large_image","twitter_title":"Japon: La saison des Momijis \u00e0 Tokyo.","twitter_description":"C\u2019est au mois de novembre que les \u00e9rables Japonais se parent de leurs leurs belles couleurs. C\u2019est la saison des momijis, une saison pendant laquelle les parcs et la nature s\u2019enflamment de rouge et de jaune.","twitter_image":"https:\/\/www.jefwodniack.com\/wordpress\/wp-content\/uploads\/2017\/11\/Tokyo_17-11-06-14-01-35-023.jpg","twitter_misc":{"\u00c9crit par":"jefwod","Dur\u00e9e de lecture estim\u00e9e":"3 minutes"},"schema":{"@context":"https:\/\/schema.org","@graph":[{"@type":"Article","@id":"https:\/\/www.jefwodniack.com\/wordpress\/2017\/11\/17\/la-saison-des-momijs-a-tokyo\/#article","isPartOf":{"@id":"https:\/\/www.jefwodniack.com\/wordpress\/2017\/11\/17\/la-saison-des-momijs-a-tokyo\/"},"author":{"name":"jefwod","@id":"https:\/\/www.jefwodniack.com\/wordpress\/#\/schema\/person\/1e958c3c01e23d2814def6954b79c4c8"},"headline":"Japon: La saison des Momijis \u00e0 Tokyo.","datePublished":"2017-11-17T08:36:34+00:00","dateModified":"2023-03-01T09:01:34+00:00","mainEntityOfPage":{"@id":"https:\/\/www.jefwodniack.com\/wordpress\/2017\/11\/17\/la-saison-des-momijs-a-tokyo\/"},"wordCount":79,"commentCount":0,"publisher":{"@id":"https:\/\/www.jefwodniack.com\/wordpress\/#organization"},"image":{"@id":"https:\/\/www.jefwodniack.com\/wordpress\/2017\/11\/17\/la-saison-des-momijs-a-tokyo\/#primaryimage"},"thumbnailUrl":"https:\/\/www.jefwodniack.com\/wordpress\/wp-content\/uploads\/2017\/11\/Sakurayama_17-11-11-13-30-56-006.jpg","articleSection":["Japon"],"inLanguage":"fr-FR","potentialAction":[{"@type":"CommentAction","name":"Comment","target":["https:\/\/www.jefwodniack.com\/wordpress\/2017\/11\/17\/la-saison-des-momijs-a-tokyo\/#respond"]}]},{"@type":"WebPage","@id":"https:\/\/www.jefwodniack.com\/wordpress\/2017\/11\/17\/la-saison-des-momijs-a-tokyo\/","url":"https:\/\/www.jefwodniack.com\/wordpress\/2017\/11\/17\/la-saison-des-momijs-a-tokyo\/","name":"Japon: La saison des Momijis \u00e0 Tokyo. - Jef Wodniack Photos","isPartOf":{"@id":"https:\/\/www.jefwodniack.com\/wordpress\/#website"},"primaryImageOfPage":{"@id":"https:\/\/www.jefwodniack.com\/wordpress\/2017\/11\/17\/la-saison-des-momijs-a-tokyo\/#primaryimage"},"image":{"@id":"https:\/\/www.jefwodniack.com\/wordpress\/2017\/11\/17\/la-saison-des-momijs-a-tokyo\/#primaryimage"},"thumbnailUrl":"https:\/\/www.jefwodniack.com\/wordpress\/wp-content\/uploads\/2017\/11\/Sakurayama_17-11-11-13-30-56-006.jpg","datePublished":"2017-11-17T08:36:34+00:00","dateModified":"2023-03-01T09:01:34+00:00","description":"C\u2019est au mois de novembre que les \u00e9rables Japonais se parent de leurs leurs belles couleurs. C\u2019est la saison des momijis.","breadcrumb":{"@id":"https:\/\/www.jefwodniack.com\/wordpress\/2017\/11\/17\/la-saison-des-momijs-a-tokyo\/#breadcrumb"},"inLanguage":"fr-FR","potentialAction":[{"@type":"ReadAction","target":["https:\/\/www.jefwodniack.com\/wordpress\/2017\/11\/17\/la-saison-des-momijs-a-tokyo\/"]}]},{"@type":"ImageObject","inLanguage":"fr-FR","@id":"https:\/\/www.jefwodniack.com\/wordpress\/2017\/11\/17\/la-saison-des-momijs-a-tokyo\/#primaryimage","url":"https:\/\/www.jefwodniack.com\/wordpress\/wp-content\/uploads\/2017\/11\/Sakurayama_17-11-11-13-30-56-006.jpg","contentUrl":"https:\/\/www.jefwodniack.com\/wordpress\/wp-content\/uploads\/2017\/11\/Sakurayama_17-11-11-13-30-56-006.jpg","width":900,"height":600},{"@type":"BreadcrumbList","@id":"https:\/\/www.jefwodniack.com\/wordpress\/2017\/11\/17\/la-saison-des-momijs-a-tokyo\/#breadcrumb","itemListElement":[{"@type":"ListItem","position":1,"name":"Accueil","item":"https:\/\/www.jefwodniack.com\/wordpress\/"},{"@type":"ListItem","position":2,"name":"Japon: La saison des Momijis \u00e0 Tokyo."}]},{"@type":"WebSite","@id":"https:\/\/www.jefwodniack.com\/wordpress\/#website","url":"https:\/\/www.jefwodniack.com\/wordpress\/","name":"Jef Wodniack Photos","description":"Journal d&#039;un photographe voyageur.","publisher":{"@id":"https:\/\/www.jefwodniack.com\/wordpress\/#organization"},"potentialAction":[{"@type":"SearchAction","target":{"@type":"EntryPoint","urlTemplate":"https:\/\/www.jefwodniack.com\/wordpress\/?s={search_term_string}"},"query-input":{"@type":"PropertyValueSpecification","valueRequired":true,"valueName":"search_term_string"}}],"inLanguage":"fr-FR"},{"@type":"Organization","@id":"https:\/\/www.jefwodniack.com\/wordpress\/#organization","name":"Jef Wodniack Photos","url":"https:\/\/www.jefwodniack.com\/wordpress\/","logo":{"@type":"ImageObject","inLanguage":"fr-FR","@id":"https:\/\/www.jefwodniack.com\/wordpress\/#\/schema\/logo\/image\/","url":"https:\/\/www.jefwodniack.com\/wordpress\/wp-content\/uploads\/2023\/02\/logo3.png","contentUrl":"https:\/\/www.jefwodniack.com\/wordpress\/wp-content\/uploads\/2023\/02\/logo3.png","width":200,"height":50,"caption":"Jef Wodniack Photos"},"image":{"@id":"https:\/\/www.jefwodniack.com\/wordpress\/#\/schema\/logo\/image\/"},"sameAs":["https:\/\/www.facebook.com\/Jef.Wodniack.Medias","https:\/\/www.instagram.com\/jefwod\/?hl=fr","https:\/\/www.youtube.com\/channel\/UCzaIaufhblVb5WL43_cocIQ"]},{"@type":"Person","@id":"https:\/\/www.jefwodniack.com\/wordpress\/#\/schema\/person\/1e958c3c01e23d2814def6954b79c4c8","name":"jefwod","image":{"@type":"ImageObject","inLanguage":"fr-FR","@id":"https:\/\/www.jefwodniack.com\/wordpress\/#\/schema\/person\/image\/","url":"https:\/\/secure.gravatar.com\/avatar\/ce8c32675ac09e522a268b56dfb1f2d3702dac1452e92ae9d46a6c81d0623577?s=96&d=blank&r=g","contentUrl":"https:\/\/secure.gravatar.com\/avatar\/ce8c32675ac09e522a268b56dfb1f2d3702dac1452e92ae9d46a6c81d0623577?s=96&d=blank&r=g","caption":"jefwod"},"sameAs":["https:\/\/www.jefwodniack.com\/wordpress"]}]}},"_links":{"self":[{"href":"https:\/\/www.jefwodniack.com\/wordpress\/wp-json\/wp\/v2\/posts\/2727","targetHints":{"allow":["GET"]}}],"collection":[{"href":"https:\/\/www.jefwodniack.com\/wordpress\/wp-json\/wp\/v2\/posts"}],"about":[{"href":"https:\/\/www.jefwodniack.com\/wordpress\/wp-json\/wp\/v2\/types\/post"}],"author":[{"embeddable":true,"href":"https:\/\/www.jefwodniack.com\/wordpress\/wp-json\/wp\/v2\/users\/1"}],"replies":[{"embeddable":true,"href":"https:\/\/www.jefwodniack.com\/wordpress\/wp-json\/wp\/v2\/comments?post=2727"}],"version-history":[{"count":7,"href":"https:\/\/www.jefwodniack.com\/wordpress\/wp-json\/wp\/v2\/posts\/2727\/revisions"}],"predecessor-version":[{"id":6522,"href":"https:\/\/www.jefwodniack.com\/wordpress\/wp-json\/wp\/v2\/posts\/2727\/revisions\/6522"}],"wp:featuredmedia":[{"embeddable":true,"href":"https:\/\/www.jefwodniack.com\/wordpress\/wp-json\/wp\/v2\/media\/2720"}],"wp:attachment":[{"href":"https:\/\/www.jefwodniack.com\/wordpress\/wp-json\/wp\/v2\/media?parent=2727"}],"wp:term":[{"taxonomy":"category","embeddable":true,"href":"https:\/\/www.jefwodniack.com\/wordpress\/wp-json\/wp\/v2\/categories?post=2727"},{"taxonomy":"post_tag","embeddable":true,"href":"https:\/\/www.jefwodniack.com\/wordpress\/wp-json\/wp\/v2\/tags?post=2727"}],"curies":[{"name":"wp","href":"https:\/\/api.w.org\/{rel}","templated":true}]}}