{"id":2528,"date":"2017-08-05T15:56:37","date_gmt":"2017-08-05T14:56:37","guid":{"rendered":"http:\/\/www.jefwodniack.com\/wordpress\/?p=2528"},"modified":"2023-03-01T16:17:47","modified_gmt":"2023-03-01T15:17:47","slug":"japon-les-glycines-de-kawachi","status":"publish","type":"post","link":"https:\/\/www.jefwodniack.com\/wordpress\/2017\/08\/05\/japon-les-glycines-de-kawachi\/","title":{"rendered":"Japon: Les glycines du jardin Fuji-en."},"content":{"rendered":"\n<h2 class=\"wp-block-heading\">Japon: Les glycines du jardin Fuji-en.<\/h2>\n\n\n\n<h3 class=\"wp-block-heading\">C\u2019est au nord de <a href=\"https:\/\/fr.wikipedia.org\/wiki\/Fukuoka\" target=\"_blank\" rel=\"noreferrer noopener\">Fukuoka<\/a>, sur l\u2019\u00eele de <a href=\"https:\/\/fr.wikipedia.org\/wiki\/Ky%C5%ABsh%C5%AB\" target=\"_blank\" rel=\"noreferrer noopener\">Kyushu<\/a> que se trouve le jardin\u00a0<a href=\"https:\/\/www.jefwodniack.com\/Stock\/thumbnails.php?album=453\" target=\"_blank\" rel=\"noreferrer noopener\">Fuji-en<\/a>\u00a0non loin de la ville de <a href=\"https:\/\/fr.wikipedia.org\/wiki\/Kitaky%C5%ABsh%C5%AB\" target=\"_blank\" rel=\"noreferrer noopener\">Kitakyushu.<\/a><\/h3>\n\n\n\n<h3 class=\"wp-block-heading\">Au mois de mai il ne faut pas rater la floraisons des glycines. Dans ce jardin plusieurs vari\u00e9t\u00e9s sont cultiv\u00e9es de diff\u00e9rentes couleurs. \u00a0C\u2019est sous des tunnels \u00a0de fleurs que l\u2019ont progresse dans le jardin, accompagn\u00e9 par l\u2019odeur des fleurs. Les troncs sont vraiment impressionnants par leur grosseur et les tonnelles de glycines couvrent une surface inou\u00efe.<\/h3>\n\n\n\n<figure class=\"wp-block-gallery has-nested-images columns-default is-cropped wp-block-gallery-1 is-layout-flex wp-block-gallery-is-layout-flex\">\n<figure class=\"wp-block-image size-full\"><a href=\"https:\/\/www.jefwodniack.com\/wordpress\/wp-content\/uploads\/2017\/08\/Kawachi_17-05-04_11-05-15_050.jpg\" target=\"_blank\" rel=\"noopener\"><img fetchpriority=\"high\" decoding=\"async\" width=\"900\" height=\"600\" data-id=\"2527\" src=\"https:\/\/www.jefwodniack.com\/wordpress\/wp-content\/uploads\/2017\/08\/Kawachi_17-05-04_11-05-15_050.jpg\" alt=\"\" class=\"wp-image-2527\" srcset=\"https:\/\/www.jefwodniack.com\/wordpress\/wp-content\/uploads\/2017\/08\/Kawachi_17-05-04_11-05-15_050.jpg 900w, https:\/\/www.jefwodniack.com\/wordpress\/wp-content\/uploads\/2017\/08\/Kawachi_17-05-04_11-05-15_050-800x533.jpg 800w, https:\/\/www.jefwodniack.com\/wordpress\/wp-content\/uploads\/2017\/08\/Kawachi_17-05-04_11-05-15_050-768x512.jpg 768w\" sizes=\"(max-width: 900px) 100vw, 900px\" \/><\/a><figcaption class=\"wp-element-caption\">jardin Fuji-en<\/figcaption><\/figure>\n\n\n\n<figure class=\"wp-block-image size-full\"><a href=\"https:\/\/www.jefwodniack.com\/wordpress\/wp-content\/uploads\/2017\/08\/Kawachi_17-05-04_10-19-06_021.jpg\" target=\"_blank\" rel=\"noopener\"><img decoding=\"async\" width=\"900\" height=\"600\" data-id=\"2526\" src=\"https:\/\/www.jefwodniack.com\/wordpress\/wp-content\/uploads\/2017\/08\/Kawachi_17-05-04_10-19-06_021.jpg\" alt=\"\" class=\"wp-image-2526\" srcset=\"https:\/\/www.jefwodniack.com\/wordpress\/wp-content\/uploads\/2017\/08\/Kawachi_17-05-04_10-19-06_021.jpg 900w, https:\/\/www.jefwodniack.com\/wordpress\/wp-content\/uploads\/2017\/08\/Kawachi_17-05-04_10-19-06_021-800x533.jpg 800w, https:\/\/www.jefwodniack.com\/wordpress\/wp-content\/uploads\/2017\/08\/Kawachi_17-05-04_10-19-06_021-768x512.jpg 768w\" sizes=\"(max-width: 900px) 100vw, 900px\" \/><\/a><figcaption class=\"wp-element-caption\">jardin Fuji-en<\/figcaption><\/figure>\n\n\n\n<figure class=\"wp-block-image size-full\"><a href=\"https:\/\/www.jefwodniack.com\/wordpress\/wp-content\/uploads\/2017\/08\/Kawachi_17-05-04_09-58-40_010.jpg\" target=\"_blank\" rel=\"noopener\"><img decoding=\"async\" width=\"900\" height=\"600\" data-id=\"2525\" src=\"https:\/\/www.jefwodniack.com\/wordpress\/wp-content\/uploads\/2017\/08\/Kawachi_17-05-04_09-58-40_010.jpg\" alt=\"\" class=\"wp-image-2525\" srcset=\"https:\/\/www.jefwodniack.com\/wordpress\/wp-content\/uploads\/2017\/08\/Kawachi_17-05-04_09-58-40_010.jpg 900w, https:\/\/www.jefwodniack.com\/wordpress\/wp-content\/uploads\/2017\/08\/Kawachi_17-05-04_09-58-40_010-800x533.jpg 800w, https:\/\/www.jefwodniack.com\/wordpress\/wp-content\/uploads\/2017\/08\/Kawachi_17-05-04_09-58-40_010-768x512.jpg 768w\" sizes=\"(max-width: 900px) 100vw, 900px\" \/><\/a><figcaption class=\"wp-element-caption\">jardin Fuji-en<\/figcaption><\/figure>\n\n\n\n<figure class=\"wp-block-image size-full\"><a href=\"https:\/\/www.jefwodniack.com\/wordpress\/wp-content\/uploads\/2017\/08\/Kawachi_17-05-04_09-57-21_009.jpg\" target=\"_blank\" rel=\"noopener\"><img loading=\"lazy\" decoding=\"async\" width=\"900\" height=\"600\" data-id=\"2524\" src=\"https:\/\/www.jefwodniack.com\/wordpress\/wp-content\/uploads\/2017\/08\/Kawachi_17-05-04_09-57-21_009.jpg\" alt=\"\" class=\"wp-image-2524\" srcset=\"https:\/\/www.jefwodniack.com\/wordpress\/wp-content\/uploads\/2017\/08\/Kawachi_17-05-04_09-57-21_009.jpg 900w, https:\/\/www.jefwodniack.com\/wordpress\/wp-content\/uploads\/2017\/08\/Kawachi_17-05-04_09-57-21_009-800x533.jpg 800w, https:\/\/www.jefwodniack.com\/wordpress\/wp-content\/uploads\/2017\/08\/Kawachi_17-05-04_09-57-21_009-768x512.jpg 768w\" sizes=\"(max-width: 900px) 100vw, 900px\" \/><\/a><figcaption class=\"wp-element-caption\">jardin Fuji-en<\/figcaption><\/figure>\n\n\n\n<figure class=\"wp-block-image size-full\"><a href=\"https:\/\/www.jefwodniack.com\/wordpress\/wp-content\/uploads\/2017\/08\/Kawachi_17-05-04_09-56-34_008.jpg\" target=\"_blank\" rel=\"noopener\"><img loading=\"lazy\" decoding=\"async\" width=\"900\" height=\"600\" data-id=\"2523\" src=\"https:\/\/www.jefwodniack.com\/wordpress\/wp-content\/uploads\/2017\/08\/Kawachi_17-05-04_09-56-34_008.jpg\" alt=\"\" class=\"wp-image-2523\" srcset=\"https:\/\/www.jefwodniack.com\/wordpress\/wp-content\/uploads\/2017\/08\/Kawachi_17-05-04_09-56-34_008.jpg 900w, https:\/\/www.jefwodniack.com\/wordpress\/wp-content\/uploads\/2017\/08\/Kawachi_17-05-04_09-56-34_008-800x533.jpg 800w, https:\/\/www.jefwodniack.com\/wordpress\/wp-content\/uploads\/2017\/08\/Kawachi_17-05-04_09-56-34_008-768x512.jpg 768w\" sizes=\"(max-width: 900px) 100vw, 900px\" \/><\/a><figcaption class=\"wp-element-caption\">jardin Fuji-en<\/figcaption><\/figure>\n\n\n\n<figure class=\"wp-block-image size-full\"><a href=\"https:\/\/www.jefwodniack.com\/wordpress\/wp-content\/uploads\/2017\/08\/Kawachi_17-05-04_09-53-46_004.jpg\" target=\"_blank\" rel=\"noopener\"><img loading=\"lazy\" decoding=\"async\" width=\"900\" height=\"600\" data-id=\"2522\" src=\"https:\/\/www.jefwodniack.com\/wordpress\/wp-content\/uploads\/2017\/08\/Kawachi_17-05-04_09-53-46_004.jpg\" alt=\"\" class=\"wp-image-2522\" srcset=\"https:\/\/www.jefwodniack.com\/wordpress\/wp-content\/uploads\/2017\/08\/Kawachi_17-05-04_09-53-46_004.jpg 900w, https:\/\/www.jefwodniack.com\/wordpress\/wp-content\/uploads\/2017\/08\/Kawachi_17-05-04_09-53-46_004-800x533.jpg 800w, https:\/\/www.jefwodniack.com\/wordpress\/wp-content\/uploads\/2017\/08\/Kawachi_17-05-04_09-53-46_004-768x512.jpg 768w\" sizes=\"(max-width: 900px) 100vw, 900px\" \/><\/a><figcaption class=\"wp-element-caption\">jardin Fuji-en<\/figcaption><\/figure>\n\n\n\n<figure class=\"wp-block-image size-full\"><a href=\"https:\/\/www.jefwodniack.com\/wordpress\/wp-content\/uploads\/2017\/08\/Kawachi_17-05-04_09-53-16_003.jpg\" target=\"_blank\" rel=\"noopener\"><img loading=\"lazy\" decoding=\"async\" width=\"900\" height=\"600\" data-id=\"2521\" src=\"https:\/\/www.jefwodniack.com\/wordpress\/wp-content\/uploads\/2017\/08\/Kawachi_17-05-04_09-53-16_003.jpg\" alt=\"\" class=\"wp-image-2521\" srcset=\"https:\/\/www.jefwodniack.com\/wordpress\/wp-content\/uploads\/2017\/08\/Kawachi_17-05-04_09-53-16_003.jpg 900w, https:\/\/www.jefwodniack.com\/wordpress\/wp-content\/uploads\/2017\/08\/Kawachi_17-05-04_09-53-16_003-800x533.jpg 800w, https:\/\/www.jefwodniack.com\/wordpress\/wp-content\/uploads\/2017\/08\/Kawachi_17-05-04_09-53-16_003-768x512.jpg 768w\" sizes=\"(max-width: 900px) 100vw, 900px\" \/><\/a><figcaption class=\"wp-element-caption\">jardin Fuji-en<\/figcaption><\/figure>\n<\/figure>\n","protected":false},"excerpt":{"rendered":"<p>Japon: Les glycines du jardin Fuji-en. C\u2019est au nord de Fukuoka, sur l\u2019\u00eele de Kyushu que se trouve le jardin\u00a0Fuji-en\u00a0non loin de la ville de Kitakyushu. Au mois de mai il ne faut pas rater la floraisons des glycines. Dans ce jardin plusieurs vari\u00e9t\u00e9s sont cultiv\u00e9es de diff\u00e9rentes couleurs. \u00a0C\u2019est sous des tunnels \u00a0de fleurs [&hellip;]<\/p>\n","protected":false},"author":1,"featured_media":2522,"comment_status":"closed","ping_status":"closed","sticky":false,"template":"","format":"standard","meta":{"_monsterinsights_skip_tracking":false,"_monsterinsights_sitenote_active":false,"_monsterinsights_sitenote_note":"","_monsterinsights_sitenote_category":0,"ocean_post_layout":"","ocean_both_sidebars_style":"","ocean_both_sidebars_content_width":0,"ocean_both_sidebars_sidebars_width":0,"ocean_sidebar":"0","ocean_second_sidebar":"0","ocean_disable_margins":"enable","ocean_add_body_class":"","ocean_shortcode_before_top_bar":"","ocean_shortcode_after_top_bar":"","ocean_shortcode_before_header":"","ocean_shortcode_after_header":"","ocean_has_shortcode":"","ocean_shortcode_after_title":"","ocean_shortcode_before_footer_widgets":"","ocean_shortcode_after_footer_widgets":"","ocean_shortcode_before_footer_bottom":"","ocean_shortcode_after_footer_bottom":"","ocean_display_top_bar":"default","ocean_display_header":"default","ocean_header_style":"","ocean_center_header_left_menu":"0","ocean_custom_header_template":"0","ocean_custom_logo":0,"ocean_custom_retina_logo":0,"ocean_custom_logo_max_width":0,"ocean_custom_logo_tablet_max_width":0,"ocean_custom_logo_mobile_max_width":0,"ocean_custom_logo_max_height":0,"ocean_custom_logo_tablet_max_height":0,"ocean_custom_logo_mobile_max_height":0,"ocean_header_custom_menu":"0","ocean_menu_typo_font_family":"0","ocean_menu_typo_font_subset":"","ocean_menu_typo_font_size":0,"ocean_menu_typo_font_size_tablet":0,"ocean_menu_typo_font_size_mobile":0,"ocean_menu_typo_font_size_unit":"px","ocean_menu_typo_font_weight":"","ocean_menu_typo_font_weight_tablet":"","ocean_menu_typo_font_weight_mobile":"","ocean_menu_typo_transform":"","ocean_menu_typo_transform_tablet":"","ocean_menu_typo_transform_mobile":"","ocean_menu_typo_line_height":0,"ocean_menu_typo_line_height_tablet":0,"ocean_menu_typo_line_height_mobile":0,"ocean_menu_typo_line_height_unit":"","ocean_menu_typo_spacing":0,"ocean_menu_typo_spacing_tablet":0,"ocean_menu_typo_spacing_mobile":0,"ocean_menu_typo_spacing_unit":"","ocean_menu_link_color":"","ocean_menu_link_color_hover":"","ocean_menu_link_color_active":"","ocean_menu_link_background":"","ocean_menu_link_hover_background":"","ocean_menu_link_active_background":"","ocean_menu_social_links_bg":"","ocean_menu_social_hover_links_bg":"","ocean_menu_social_links_color":"","ocean_menu_social_hover_links_color":"","ocean_disable_title":"default","ocean_disable_heading":"default","ocean_post_title":"","ocean_post_subheading":"","ocean_post_title_style":"","ocean_post_title_background_color":"","ocean_post_title_background":0,"ocean_post_title_bg_image_position":"","ocean_post_title_bg_image_attachment":"","ocean_post_title_bg_image_repeat":"","ocean_post_title_bg_image_size":"","ocean_post_title_height":0,"ocean_post_title_bg_overlay":0.5,"ocean_post_title_bg_overlay_color":"","ocean_disable_breadcrumbs":"default","ocean_breadcrumbs_color":"","ocean_breadcrumbs_separator_color":"","ocean_breadcrumbs_links_color":"","ocean_breadcrumbs_links_hover_color":"","ocean_display_footer_widgets":"default","ocean_display_footer_bottom":"default","ocean_custom_footer_template":"0","ocean_post_oembed":"","ocean_post_self_hosted_media":"","ocean_post_video_embed":"","ocean_link_format":"","ocean_link_format_target":"self","ocean_quote_format":"","ocean_quote_format_link":"post","ocean_gallery_link_images":"off","ocean_gallery_id":[],"footnotes":""},"categories":[14],"tags":[],"class_list":["post-2528","post","type-post","status-publish","format-standard","has-post-thumbnail","hentry","category-japon","entry","has-media"],"yoast_head":"<!-- This site is optimized with the Yoast SEO plugin v25.3 - https:\/\/yoast.com\/wordpress\/plugins\/seo\/ -->\n<title>Japon: Les glycines du jardin Fuji-en. - Jef Wodniack Photos<\/title>\n<meta name=\"description\" content=\"C\u2019est au nord de Fukuoka, sur l\u2019\u00eele de Kyushu que se trouve le jardin Fuji-en non loin de la ville de Kitakyushu.\" \/>\n<meta name=\"robots\" content=\"index, follow, max-snippet:-1, max-image-preview:large, max-video-preview:-1\" \/>\n<link rel=\"canonical\" href=\"https:\/\/www.jefwodniack.com\/wordpress\/2017\/08\/05\/japon-les-glycines-de-kawachi\/\" \/>\n<meta property=\"og:locale\" content=\"fr_FR\" \/>\n<meta property=\"og:type\" content=\"article\" \/>\n<meta property=\"og:title\" content=\"Japon: Les glycines du jardin Fuji-en.\" \/>\n<meta property=\"og:description\" content=\"C\u2019est au nord de Fukuoka, sur l\u2019\u00eele de Kyushu que se trouve le jardin Fuji-en non loin de la ville de Kitakyushu.\" \/>\n<meta property=\"og:url\" content=\"https:\/\/www.jefwodniack.com\/wordpress\/2017\/08\/05\/japon-les-glycines-de-kawachi\/\" \/>\n<meta property=\"og:site_name\" content=\"Jef Wodniack Photos\" \/>\n<meta property=\"article:publisher\" content=\"https:\/\/www.facebook.com\/Jef.Wodniack.Medias\" \/>\n<meta property=\"article:published_time\" content=\"2017-08-05T14:56:37+00:00\" \/>\n<meta property=\"article:modified_time\" content=\"2023-03-01T15:17:47+00:00\" \/>\n<meta property=\"og:image\" content=\"https:\/\/www.jefwodniack.com\/wordpress\/wp-content\/uploads\/2017\/08\/Kawachi_17-05-04_09-53-46_004.jpg\" \/>\n\t<meta property=\"og:image:width\" content=\"900\" \/>\n\t<meta property=\"og:image:height\" content=\"600\" \/>\n\t<meta property=\"og:image:type\" content=\"image\/jpeg\" \/>\n<meta name=\"author\" content=\"jefwod\" \/>\n<meta name=\"twitter:card\" content=\"summary_large_image\" \/>\n<meta name=\"twitter:title\" content=\"Japon: Les glycines du jardin Fuji-en.\" \/>\n<meta name=\"twitter:description\" content=\"C\u2019est au nord de Fukuoka, sur l\u2019\u00eele de Kyushu que se trouve le jardin Fuji-en non loin de la ville de Kitakyushu.\" \/>\n<meta name=\"twitter:image\" content=\"https:\/\/www.jefwodniack.com\/wordpress\/wp-content\/uploads\/2017\/08\/Kawachi_17-05-04_09-53-46_004.jpg\" \/>\n<meta name=\"twitter:label1\" content=\"\u00c9crit par\" \/>\n\t<meta name=\"twitter:data1\" content=\"jefwod\" \/>\n\t<meta name=\"twitter:label2\" content=\"Dur\u00e9e de lecture estim\u00e9e\" \/>\n\t<meta name=\"twitter:data2\" content=\"2 minutes\" \/>\n<script type=\"application\/ld+json\" class=\"yoast-schema-graph\">{\"@context\":\"https:\/\/schema.org\",\"@graph\":[{\"@type\":\"Article\",\"@id\":\"https:\/\/www.jefwodniack.com\/wordpress\/2017\/08\/05\/japon-les-glycines-de-kawachi\/#article\",\"isPartOf\":{\"@id\":\"https:\/\/www.jefwodniack.com\/wordpress\/2017\/08\/05\/japon-les-glycines-de-kawachi\/\"},\"author\":{\"name\":\"jefwod\",\"@id\":\"https:\/\/www.jefwodniack.com\/wordpress\/#\/schema\/person\/1e958c3c01e23d2814def6954b79c4c8\"},\"headline\":\"Japon: Les glycines du jardin Fuji-en.\",\"datePublished\":\"2017-08-05T14:56:37+00:00\",\"dateModified\":\"2023-03-01T15:17:47+00:00\",\"mainEntityOfPage\":{\"@id\":\"https:\/\/www.jefwodniack.com\/wordpress\/2017\/08\/05\/japon-les-glycines-de-kawachi\/\"},\"wordCount\":115,\"publisher\":{\"@id\":\"https:\/\/www.jefwodniack.com\/wordpress\/#organization\"},\"image\":{\"@id\":\"https:\/\/www.jefwodniack.com\/wordpress\/2017\/08\/05\/japon-les-glycines-de-kawachi\/#primaryimage\"},\"thumbnailUrl\":\"https:\/\/www.jefwodniack.com\/wordpress\/wp-content\/uploads\/2017\/08\/Kawachi_17-05-04_09-53-46_004.jpg\",\"articleSection\":[\"Japon\"],\"inLanguage\":\"fr-FR\"},{\"@type\":\"WebPage\",\"@id\":\"https:\/\/www.jefwodniack.com\/wordpress\/2017\/08\/05\/japon-les-glycines-de-kawachi\/\",\"url\":\"https:\/\/www.jefwodniack.com\/wordpress\/2017\/08\/05\/japon-les-glycines-de-kawachi\/\",\"name\":\"Japon: Les glycines du jardin Fuji-en. - Jef Wodniack Photos\",\"isPartOf\":{\"@id\":\"https:\/\/www.jefwodniack.com\/wordpress\/#website\"},\"primaryImageOfPage\":{\"@id\":\"https:\/\/www.jefwodniack.com\/wordpress\/2017\/08\/05\/japon-les-glycines-de-kawachi\/#primaryimage\"},\"image\":{\"@id\":\"https:\/\/www.jefwodniack.com\/wordpress\/2017\/08\/05\/japon-les-glycines-de-kawachi\/#primaryimage\"},\"thumbnailUrl\":\"https:\/\/www.jefwodniack.com\/wordpress\/wp-content\/uploads\/2017\/08\/Kawachi_17-05-04_09-53-46_004.jpg\",\"datePublished\":\"2017-08-05T14:56:37+00:00\",\"dateModified\":\"2023-03-01T15:17:47+00:00\",\"description\":\"C\u2019est au nord de Fukuoka, sur l\u2019\u00eele de Kyushu que se trouve le jardin Fuji-en non loin de la ville de Kitakyushu.\",\"breadcrumb\":{\"@id\":\"https:\/\/www.jefwodniack.com\/wordpress\/2017\/08\/05\/japon-les-glycines-de-kawachi\/#breadcrumb\"},\"inLanguage\":\"fr-FR\",\"potentialAction\":[{\"@type\":\"ReadAction\",\"target\":[\"https:\/\/www.jefwodniack.com\/wordpress\/2017\/08\/05\/japon-les-glycines-de-kawachi\/\"]}]},{\"@type\":\"ImageObject\",\"inLanguage\":\"fr-FR\",\"@id\":\"https:\/\/www.jefwodniack.com\/wordpress\/2017\/08\/05\/japon-les-glycines-de-kawachi\/#primaryimage\",\"url\":\"https:\/\/www.jefwodniack.com\/wordpress\/wp-content\/uploads\/2017\/08\/Kawachi_17-05-04_09-53-46_004.jpg\",\"contentUrl\":\"https:\/\/www.jefwodniack.com\/wordpress\/wp-content\/uploads\/2017\/08\/Kawachi_17-05-04_09-53-46_004.jpg\",\"width\":900,\"height\":600},{\"@type\":\"BreadcrumbList\",\"@id\":\"https:\/\/www.jefwodniack.com\/wordpress\/2017\/08\/05\/japon-les-glycines-de-kawachi\/#breadcrumb\",\"itemListElement\":[{\"@type\":\"ListItem\",\"position\":1,\"name\":\"Accueil\",\"item\":\"https:\/\/www.jefwodniack.com\/wordpress\/\"},{\"@type\":\"ListItem\",\"position\":2,\"name\":\"Japon: Les glycines du jardin Fuji-en.\"}]},{\"@type\":\"WebSite\",\"@id\":\"https:\/\/www.jefwodniack.com\/wordpress\/#website\",\"url\":\"https:\/\/www.jefwodniack.com\/wordpress\/\",\"name\":\"Jef Wodniack Photos\",\"description\":\"Journal d&#039;un photographe voyageur.\",\"publisher\":{\"@id\":\"https:\/\/www.jefwodniack.com\/wordpress\/#organization\"},\"potentialAction\":[{\"@type\":\"SearchAction\",\"target\":{\"@type\":\"EntryPoint\",\"urlTemplate\":\"https:\/\/www.jefwodniack.com\/wordpress\/?s={search_term_string}\"},\"query-input\":{\"@type\":\"PropertyValueSpecification\",\"valueRequired\":true,\"valueName\":\"search_term_string\"}}],\"inLanguage\":\"fr-FR\"},{\"@type\":\"Organization\",\"@id\":\"https:\/\/www.jefwodniack.com\/wordpress\/#organization\",\"name\":\"Jef Wodniack Photos\",\"url\":\"https:\/\/www.jefwodniack.com\/wordpress\/\",\"logo\":{\"@type\":\"ImageObject\",\"inLanguage\":\"fr-FR\",\"@id\":\"https:\/\/www.jefwodniack.com\/wordpress\/#\/schema\/logo\/image\/\",\"url\":\"https:\/\/www.jefwodniack.com\/wordpress\/wp-content\/uploads\/2023\/02\/logo3.png\",\"contentUrl\":\"https:\/\/www.jefwodniack.com\/wordpress\/wp-content\/uploads\/2023\/02\/logo3.png\",\"width\":200,\"height\":50,\"caption\":\"Jef Wodniack Photos\"},\"image\":{\"@id\":\"https:\/\/www.jefwodniack.com\/wordpress\/#\/schema\/logo\/image\/\"},\"sameAs\":[\"https:\/\/www.facebook.com\/Jef.Wodniack.Medias\",\"https:\/\/www.instagram.com\/jefwod\/?hl=fr\",\"https:\/\/www.youtube.com\/channel\/UCzaIaufhblVb5WL43_cocIQ\"]},{\"@type\":\"Person\",\"@id\":\"https:\/\/www.jefwodniack.com\/wordpress\/#\/schema\/person\/1e958c3c01e23d2814def6954b79c4c8\",\"name\":\"jefwod\",\"image\":{\"@type\":\"ImageObject\",\"inLanguage\":\"fr-FR\",\"@id\":\"https:\/\/www.jefwodniack.com\/wordpress\/#\/schema\/person\/image\/\",\"url\":\"https:\/\/secure.gravatar.com\/avatar\/ce8c32675ac09e522a268b56dfb1f2d3702dac1452e92ae9d46a6c81d0623577?s=96&d=blank&r=g\",\"contentUrl\":\"https:\/\/secure.gravatar.com\/avatar\/ce8c32675ac09e522a268b56dfb1f2d3702dac1452e92ae9d46a6c81d0623577?s=96&d=blank&r=g\",\"caption\":\"jefwod\"},\"sameAs\":[\"https:\/\/www.jefwodniack.com\/wordpress\"]}]}<\/script>\n<!-- \/ Yoast SEO plugin. -->","yoast_head_json":{"title":"Japon: Les glycines du jardin Fuji-en. - Jef Wodniack Photos","description":"C\u2019est au nord de Fukuoka, sur l\u2019\u00eele de Kyushu que se trouve le jardin Fuji-en non loin de la ville de Kitakyushu.","robots":{"index":"index","follow":"follow","max-snippet":"max-snippet:-1","max-image-preview":"max-image-preview:large","max-video-preview":"max-video-preview:-1"},"canonical":"https:\/\/www.jefwodniack.com\/wordpress\/2017\/08\/05\/japon-les-glycines-de-kawachi\/","og_locale":"fr_FR","og_type":"article","og_title":"Japon: Les glycines du jardin Fuji-en.","og_description":"C\u2019est au nord de Fukuoka, sur l\u2019\u00eele de Kyushu que se trouve le jardin Fuji-en non loin de la ville de Kitakyushu.","og_url":"https:\/\/www.jefwodniack.com\/wordpress\/2017\/08\/05\/japon-les-glycines-de-kawachi\/","og_site_name":"Jef Wodniack Photos","article_publisher":"https:\/\/www.facebook.com\/Jef.Wodniack.Medias","article_published_time":"2017-08-05T14:56:37+00:00","article_modified_time":"2023-03-01T15:17:47+00:00","og_image":[{"width":900,"height":600,"url":"https:\/\/www.jefwodniack.com\/wordpress\/wp-content\/uploads\/2017\/08\/Kawachi_17-05-04_09-53-46_004.jpg","type":"image\/jpeg"}],"author":"jefwod","twitter_card":"summary_large_image","twitter_title":"Japon: Les glycines du jardin Fuji-en.","twitter_description":"C\u2019est au nord de Fukuoka, sur l\u2019\u00eele de Kyushu que se trouve le jardin Fuji-en non loin de la ville de Kitakyushu.","twitter_image":"https:\/\/www.jefwodniack.com\/wordpress\/wp-content\/uploads\/2017\/08\/Kawachi_17-05-04_09-53-46_004.jpg","twitter_misc":{"\u00c9crit par":"jefwod","Dur\u00e9e de lecture estim\u00e9e":"2 minutes"},"schema":{"@context":"https:\/\/schema.org","@graph":[{"@type":"Article","@id":"https:\/\/www.jefwodniack.com\/wordpress\/2017\/08\/05\/japon-les-glycines-de-kawachi\/#article","isPartOf":{"@id":"https:\/\/www.jefwodniack.com\/wordpress\/2017\/08\/05\/japon-les-glycines-de-kawachi\/"},"author":{"name":"jefwod","@id":"https:\/\/www.jefwodniack.com\/wordpress\/#\/schema\/person\/1e958c3c01e23d2814def6954b79c4c8"},"headline":"Japon: Les glycines du jardin Fuji-en.","datePublished":"2017-08-05T14:56:37+00:00","dateModified":"2023-03-01T15:17:47+00:00","mainEntityOfPage":{"@id":"https:\/\/www.jefwodniack.com\/wordpress\/2017\/08\/05\/japon-les-glycines-de-kawachi\/"},"wordCount":115,"publisher":{"@id":"https:\/\/www.jefwodniack.com\/wordpress\/#organization"},"image":{"@id":"https:\/\/www.jefwodniack.com\/wordpress\/2017\/08\/05\/japon-les-glycines-de-kawachi\/#primaryimage"},"thumbnailUrl":"https:\/\/www.jefwodniack.com\/wordpress\/wp-content\/uploads\/2017\/08\/Kawachi_17-05-04_09-53-46_004.jpg","articleSection":["Japon"],"inLanguage":"fr-FR"},{"@type":"WebPage","@id":"https:\/\/www.jefwodniack.com\/wordpress\/2017\/08\/05\/japon-les-glycines-de-kawachi\/","url":"https:\/\/www.jefwodniack.com\/wordpress\/2017\/08\/05\/japon-les-glycines-de-kawachi\/","name":"Japon: Les glycines du jardin Fuji-en. - Jef Wodniack Photos","isPartOf":{"@id":"https:\/\/www.jefwodniack.com\/wordpress\/#website"},"primaryImageOfPage":{"@id":"https:\/\/www.jefwodniack.com\/wordpress\/2017\/08\/05\/japon-les-glycines-de-kawachi\/#primaryimage"},"image":{"@id":"https:\/\/www.jefwodniack.com\/wordpress\/2017\/08\/05\/japon-les-glycines-de-kawachi\/#primaryimage"},"thumbnailUrl":"https:\/\/www.jefwodniack.com\/wordpress\/wp-content\/uploads\/2017\/08\/Kawachi_17-05-04_09-53-46_004.jpg","datePublished":"2017-08-05T14:56:37+00:00","dateModified":"2023-03-01T15:17:47+00:00","description":"C\u2019est au nord de Fukuoka, sur l\u2019\u00eele de Kyushu que se trouve le jardin Fuji-en non loin de la ville de Kitakyushu.","breadcrumb":{"@id":"https:\/\/www.jefwodniack.com\/wordpress\/2017\/08\/05\/japon-les-glycines-de-kawachi\/#breadcrumb"},"inLanguage":"fr-FR","potentialAction":[{"@type":"ReadAction","target":["https:\/\/www.jefwodniack.com\/wordpress\/2017\/08\/05\/japon-les-glycines-de-kawachi\/"]}]},{"@type":"ImageObject","inLanguage":"fr-FR","@id":"https:\/\/www.jefwodniack.com\/wordpress\/2017\/08\/05\/japon-les-glycines-de-kawachi\/#primaryimage","url":"https:\/\/www.jefwodniack.com\/wordpress\/wp-content\/uploads\/2017\/08\/Kawachi_17-05-04_09-53-46_004.jpg","contentUrl":"https:\/\/www.jefwodniack.com\/wordpress\/wp-content\/uploads\/2017\/08\/Kawachi_17-05-04_09-53-46_004.jpg","width":900,"height":600},{"@type":"BreadcrumbList","@id":"https:\/\/www.jefwodniack.com\/wordpress\/2017\/08\/05\/japon-les-glycines-de-kawachi\/#breadcrumb","itemListElement":[{"@type":"ListItem","position":1,"name":"Accueil","item":"https:\/\/www.jefwodniack.com\/wordpress\/"},{"@type":"ListItem","position":2,"name":"Japon: Les glycines du jardin Fuji-en."}]},{"@type":"WebSite","@id":"https:\/\/www.jefwodniack.com\/wordpress\/#website","url":"https:\/\/www.jefwodniack.com\/wordpress\/","name":"Jef Wodniack Photos","description":"Journal d&#039;un photographe voyageur.","publisher":{"@id":"https:\/\/www.jefwodniack.com\/wordpress\/#organization"},"potentialAction":[{"@type":"SearchAction","target":{"@type":"EntryPoint","urlTemplate":"https:\/\/www.jefwodniack.com\/wordpress\/?s={search_term_string}"},"query-input":{"@type":"PropertyValueSpecification","valueRequired":true,"valueName":"search_term_string"}}],"inLanguage":"fr-FR"},{"@type":"Organization","@id":"https:\/\/www.jefwodniack.com\/wordpress\/#organization","name":"Jef Wodniack Photos","url":"https:\/\/www.jefwodniack.com\/wordpress\/","logo":{"@type":"ImageObject","inLanguage":"fr-FR","@id":"https:\/\/www.jefwodniack.com\/wordpress\/#\/schema\/logo\/image\/","url":"https:\/\/www.jefwodniack.com\/wordpress\/wp-content\/uploads\/2023\/02\/logo3.png","contentUrl":"https:\/\/www.jefwodniack.com\/wordpress\/wp-content\/uploads\/2023\/02\/logo3.png","width":200,"height":50,"caption":"Jef Wodniack Photos"},"image":{"@id":"https:\/\/www.jefwodniack.com\/wordpress\/#\/schema\/logo\/image\/"},"sameAs":["https:\/\/www.facebook.com\/Jef.Wodniack.Medias","https:\/\/www.instagram.com\/jefwod\/?hl=fr","https:\/\/www.youtube.com\/channel\/UCzaIaufhblVb5WL43_cocIQ"]},{"@type":"Person","@id":"https:\/\/www.jefwodniack.com\/wordpress\/#\/schema\/person\/1e958c3c01e23d2814def6954b79c4c8","name":"jefwod","image":{"@type":"ImageObject","inLanguage":"fr-FR","@id":"https:\/\/www.jefwodniack.com\/wordpress\/#\/schema\/person\/image\/","url":"https:\/\/secure.gravatar.com\/avatar\/ce8c32675ac09e522a268b56dfb1f2d3702dac1452e92ae9d46a6c81d0623577?s=96&d=blank&r=g","contentUrl":"https:\/\/secure.gravatar.com\/avatar\/ce8c32675ac09e522a268b56dfb1f2d3702dac1452e92ae9d46a6c81d0623577?s=96&d=blank&r=g","caption":"jefwod"},"sameAs":["https:\/\/www.jefwodniack.com\/wordpress"]}]}},"_links":{"self":[{"href":"https:\/\/www.jefwodniack.com\/wordpress\/wp-json\/wp\/v2\/posts\/2528","targetHints":{"allow":["GET"]}}],"collection":[{"href":"https:\/\/www.jefwodniack.com\/wordpress\/wp-json\/wp\/v2\/posts"}],"about":[{"href":"https:\/\/www.jefwodniack.com\/wordpress\/wp-json\/wp\/v2\/types\/post"}],"author":[{"embeddable":true,"href":"https:\/\/www.jefwodniack.com\/wordpress\/wp-json\/wp\/v2\/users\/1"}],"replies":[{"embeddable":true,"href":"https:\/\/www.jefwodniack.com\/wordpress\/wp-json\/wp\/v2\/comments?post=2528"}],"version-history":[{"count":6,"href":"https:\/\/www.jefwodniack.com\/wordpress\/wp-json\/wp\/v2\/posts\/2528\/revisions"}],"predecessor-version":[{"id":6579,"href":"https:\/\/www.jefwodniack.com\/wordpress\/wp-json\/wp\/v2\/posts\/2528\/revisions\/6579"}],"wp:featuredmedia":[{"embeddable":true,"href":"https:\/\/www.jefwodniack.com\/wordpress\/wp-json\/wp\/v2\/media\/2522"}],"wp:attachment":[{"href":"https:\/\/www.jefwodniack.com\/wordpress\/wp-json\/wp\/v2\/media?parent=2528"}],"wp:term":[{"taxonomy":"category","embeddable":true,"href":"https:\/\/www.jefwodniack.com\/wordpress\/wp-json\/wp\/v2\/categories?post=2528"},{"taxonomy":"post_tag","embeddable":true,"href":"https:\/\/www.jefwodniack.com\/wordpress\/wp-json\/wp\/v2\/tags?post=2528"}],"curies":[{"name":"wp","href":"https:\/\/api.w.org\/{rel}","templated":true}]}}